{"id":25792,"date":"2019-01-09T15:43:22","date_gmt":"2019-01-09T17:43:22","guid":{"rendered":"https:\/\/www.tjes.jus.br\/corregedoria\/?p=25792"},"modified":"2019-01-09T15:43:22","modified_gmt":"2019-01-09T17:43:22","slug":"oficio-circular-n-o-209-2018-disp-09-01-2019","status":"publish","type":"post","link":"https:\/\/www.tjes.jus.br\/corregedoria\/2019\/01\/09\/oficio-circular-n-o-209-2018-disp-09-01-2019\/","title":{"rendered":"OF\u00cdCIO CIRCULAR N.\u00ba 209\/2018 \u2013 DISP. 09\/01\/2019"},"content":{"rendered":"<div class=\"override-text\" align=\"center\"><strong>ESTADO DO ESP\u00cdRITO SANTO<\/strong><\/div>\n<div class=\"override-text\" align=\"center\"><strong>PODER JUDICI\u00c1RIO<\/strong><\/div>\n<div class=\"override-text\" align=\"center\"><strong>CORREGEDORIA GERAL DA JUSTI\u00c7A<\/strong><\/div>\n<div class=\"override-text\" align=\"center\"><\/div>\n<p style=\"text-align: center;\" align=\"justify\"><span lang=\"pt-BR\"><strong>OF\u00cdCIO-CIRCULAR N\u00ba\u00a0<\/strong><\/span><span lang=\"pt-BR\"><strong>20<\/strong><\/span><span lang=\"pt-BR\"><strong>9\/<\/strong><\/span><span lang=\"pt-BR\"><strong>201<\/strong><\/span><span lang=\"pt-BR\"><strong>8<\/strong><\/span><\/p>\n<p style=\"text-align: center;\" align=\"justify\"><span lang=\"pt-BR\"><strong>Protocolo\u00a0<\/strong><\/span><span lang=\"pt-BR\"><strong>201<\/strong><\/span><span lang=\"pt-BR\"><strong>8<\/strong><\/span><span lang=\"pt-BR\"><strong>.0<\/strong><\/span><span lang=\"pt-BR\"><strong>1<\/strong><\/span><span lang=\"pt-BR\"><strong>.<\/strong><\/span><span lang=\"pt-BR\"><strong>838<\/strong><\/span><span lang=\"pt-BR\"><strong>.<\/strong><\/span><span lang=\"pt-BR\"><strong>909<\/strong><\/span><\/p>\n<p style=\"text-align: center;\" align=\"justify\">\n<p align=\"justify\">O Desembargador\u00a0<strong>SAMUEL MEIRA BRASIL JUNIOR<\/strong>. Corregedor-Geral da Justi\u00e7a do Estado do Esp\u00edrito Santo, no uso de suas atribui\u00e7\u00f5es legais:<\/p>\n<p align=\"justify\">\n<p align=\"justify\"><strong>CONSIDERANDO<\/strong>\u00a0que a Corregedoria Geral da Justi\u00e7a \u00e9 \u00f3rg\u00e3o de fiscaliza\u00e7\u00e3o, disciplina e orienta\u00e7\u00e3o administrativa, com circunscri\u00e7\u00e3o em todo o Estado, conforme art. 35 da Lei Complementar Estadual n\u00ba 234\/2002 (COJES);<\/p>\n<p align=\"justify\">\n<p align=\"justify\"><span lang=\"pt-BR\"><strong>CONSIDERANDO<\/strong><\/span><span lang=\"pt-BR\">o recebimento do\u00a0<\/span><span lang=\"pt-BR\">comunicado<\/span><span lang=\"pt-BR\">enviado para\u00a0<\/span><span lang=\"pt-BR\">esta Corregedoria sob o\u00a0<\/span><span lang=\"pt-BR\">n\u00ba\u00a0<\/span><span lang=\"pt-BR\"><strong>201<\/strong><\/span><span lang=\"pt-BR\"><strong>8<\/strong><\/span><span lang=\"pt-BR\"><strong>0<\/strong><\/span><span lang=\"pt-BR\"><strong>1<\/strong><\/span><span lang=\"pt-BR\"><strong>838<\/strong><\/span><span lang=\"pt-BR\"><strong>909<\/strong><\/span><span lang=\"pt-BR\">,\u00a0<\/span><span lang=\"pt-BR\">d<\/span><span lang=\"pt-BR\">a\u00a0<\/span><span lang=\"pt-BR\">Corregedor<\/span><span lang=\"pt-BR\">ia\u00a0<\/span><span lang=\"pt-BR\">Geral da Justi\u00e7a do Estado d<\/span><span lang=\"pt-BR\">e<\/span><span lang=\"pt-BR\">\u00a0Minas<\/span><span lang=\"pt-BR\">\u00a0Gerais<\/span><span lang=\"pt-BR\">\/<\/span><span lang=\"pt-BR\">MG<\/span><span lang=\"pt-BR\">;<\/span><\/p>\n<p align=\"justify\">\n<p align=\"justify\"><span lang=\"pt-BR\"><strong>CONSIDERANDO<\/strong><\/span><span lang=\"pt-BR\">\u00a0que referido\u00a0<\/span><span lang=\"pt-BR\">comunica<\/span><span lang=\"pt-BR\">do informa\u00a0<\/span><span lang=\"pt-BR\">sobre\u00a0<\/span><span lang=\"pt-BR\">a i<\/span><span lang=\"pt-BR\">nutiliza\u00e7\u00e3o do<\/span><span lang=\"pt-BR\">s<\/span><span lang=\"pt-BR\">pap<\/span><span lang=\"pt-BR\">\u00e9is<\/span><span lang=\"pt-BR\">de seguran\u00e7a\u00a0<\/span><span lang=\"pt-BR\">para aposi\u00e7\u00e3o de Apostila de Haia<\/span><span lang=\"pt-BR\">n<\/span><span lang=\"pt-BR\">\u00ba<\/span><span lang=\"pt-BR\">s\u00a0<\/span><span lang=\"pt-BR\">A<\/span><span lang=\"pt-BR\">2<\/span><span lang=\"pt-BR\">035683<\/span><span lang=\"pt-BR\">,\u00a0<\/span><span lang=\"pt-BR\">A<\/span><span lang=\"pt-BR\">2<\/span><span lang=\"pt-BR\">035686<\/span><span lang=\"pt-BR\">,\u00a0<\/span><span lang=\"pt-BR\">A<\/span><span lang=\"pt-BR\">2<\/span><span lang=\"pt-BR\">035714<\/span><span lang=\"pt-BR\">,\u00a0<\/span><span lang=\"pt-BR\">A<\/span><span lang=\"pt-BR\">2<\/span><span lang=\"pt-BR\">035708<\/span><span lang=\"pt-BR\">,\u00a0<\/span><span lang=\"pt-BR\">A<\/span><span lang=\"pt-BR\">2<\/span><span lang=\"pt-BR\">035707<\/span><span lang=\"pt-BR\">,\u00a0<\/span><span lang=\"pt-BR\">A<\/span><span lang=\"pt-BR\">2<\/span><span lang=\"pt-BR\">035730 e\u00a0<\/span><span lang=\"pt-BR\">A<\/span><span lang=\"pt-BR\">2<\/span><span lang=\"pt-BR\">035726<\/span><span lang=\"pt-BR\">,\u00a0<\/span><span lang=\"pt-BR\">oriundo<\/span><span lang=\"pt-BR\">s<\/span><span lang=\"pt-BR\">\u00a0d<\/span><span lang=\"pt-BR\">o\u00a0<\/span><span lang=\"pt-BR\">Of\u00edcio de Registro Civil das Pessoas Naturais da Comarca\u00a0<\/span><span lang=\"pt-BR\">de\u00a0<\/span><span lang=\"pt-BR\">Carmo da Mata<\/span><span lang=\"pt-BR\">\/MG<\/span><span lang=\"pt-BR\">.<\/span><\/p>\n<p align=\"justify\">\n<p align=\"justify\"><span lang=\"pt-BR\"><strong>RECOMENDO<\/strong><\/span><span lang=\"pt-BR\">\u00a0aos Ju\u00edzes de Direito Diretores dos F\u00f3runs, Membros do Minist\u00e9rio P\u00fablico, Advogados, Not\u00e1rios e Registradores, Serventu\u00e1rios e a quem mais possa interessar, que observem o\u00a0<\/span><span lang=\"pt-BR\">comunicado\u00a0<\/span><span lang=\"pt-BR\">supracitado<\/span><span lang=\"pt-BR\">,\u00a0<\/span><span lang=\"pt-BR\">e adotem as provid\u00eancias que entenderem pertinentes.<\/span><\/p>\n<p align=\"justify\">\n<p align=\"justify\"><strong>Publique-se. Cumpra-se.<\/strong><\/p>\n<p align=\"justify\">\n<p align=\"justify\"><span lang=\"pt-BR\">Vit\u00f3ria\/ES.,\u00a0<\/span><span lang=\"pt-BR\">1<\/span><span lang=\"pt-BR\">7<\/span><span lang=\"pt-BR\">\u00a0de\u00a0<\/span><span lang=\"pt-BR\">dez<\/span><span lang=\"pt-BR\">embro\u00a0<\/span><span lang=\"pt-BR\">de 201<\/span><span lang=\"pt-BR\">8<\/span><span lang=\"pt-BR\">.<\/span><\/p>\n<p align=\"center\">\n<p align=\"center\"><strong>Desembargador SAMUEL MEIRA BRASIL JR<\/strong><\/p>\n<p align=\"center\"><strong>Corregedor-Geral da Justi\u00e7a<\/strong><\/p>\n","protected":false},"excerpt":{"rendered":"<p>ESTADO DO ESP\u00cdRITO SANTO PODER JUDICI\u00c1RIO CORREGEDORIA GERAL DA JUSTI\u00c7A OF\u00cdCIO-CIRCULAR N\u00ba\u00a0209\/2018 Protocolo\u00a02018.01.838.909 O Desembargador\u00a0SAMUEL MEIRA BRASIL JUNIOR. Corregedor-Geral da Justi\u00e7a do Estado do Esp\u00edrito Santo, no uso de suas atribui\u00e7\u00f5es legais: CONSIDERANDO\u00a0que a Corregedoria Geral da Justi\u00e7a \u00e9 \u00f3rg\u00e3o de fiscaliza\u00e7\u00e3o, disciplina e orienta\u00e7\u00e3o administrativa, com circunscri\u00e7\u00e3o em todo o Estado, conforme art. 35 [&hellip;]<\/p>\n","protected":false},"author":8,"featured_media":0,"comment_status":"closed","ping_status":"closed","sticky":false,"template":"","format":"standard","meta":{"footnotes":""},"categories":[14,5],"tags":[],"_links":{"self":[{"href":"https:\/\/www.tjes.jus.br\/corregedoria\/wp-json\/wp\/v2\/posts\/25792"}],"collection":[{"href":"https:\/\/www.tjes.jus.br\/corregedoria\/wp-json\/wp\/v2\/posts"}],"about":[{"href":"https:\/\/www.tjes.jus.br\/corregedoria\/wp-json\/wp\/v2\/types\/post"}],"author":[{"embeddable":true,"href":"https:\/\/www.tjes.jus.br\/corregedoria\/wp-json\/wp\/v2\/users\/8"}],"replies":[{"embeddable":true,"href":"https:\/\/www.tjes.jus.br\/corregedoria\/wp-json\/wp\/v2\/comments?post=25792"}],"version-history":[{"count":1,"href":"https:\/\/www.tjes.jus.br\/corregedoria\/wp-json\/wp\/v2\/posts\/25792\/revisions"}],"predecessor-version":[{"id":25793,"href":"https:\/\/www.tjes.jus.br\/corregedoria\/wp-json\/wp\/v2\/posts\/25792\/revisions\/25793"}],"wp:attachment":[{"href":"https:\/\/www.tjes.jus.br\/corregedoria\/wp-json\/wp\/v2\/media?parent=25792"}],"wp:term":[{"taxonomy":"category","embeddable":true,"href":"https:\/\/www.tjes.jus.br\/corregedoria\/wp-json\/wp\/v2\/categories?post=25792"},{"taxonomy":"post_tag","embeddable":true,"href":"https:\/\/www.tjes.jus.br\/corregedoria\/wp-json\/wp\/v2\/tags?post=25792"}],"curies":[{"name":"wp","href":"https:\/\/api.w.org\/{rel}","templated":true}]}}