{"id":25826,"date":"2019-01-11T15:43:37","date_gmt":"2019-01-11T17:43:37","guid":{"rendered":"https:\/\/www.tjes.jus.br\/corregedoria\/?p=25826"},"modified":"2019-01-11T17:36:57","modified_gmt":"2019-01-11T19:36:57","slug":"corregedor-geral-da-justica-autoriza-as-varas-do-poder-judiciario-estadual-a-descartar-peticoes-antigas","status":"publish","type":"post","link":"https:\/\/www.tjes.jus.br\/corregedoria\/2019\/01\/11\/corregedor-geral-da-justica-autoriza-as-varas-do-poder-judiciario-estadual-a-descartar-peticoes-antigas\/","title":{"rendered":"Corregedor Geral da Justi\u00e7a autoriza as Varas do Poder Judici\u00e1rio Estadual a descartar peti\u00e7\u00f5es antigas"},"content":{"rendered":"<p>O desembargador Samuel Meira Brasil J\u00fanior, Corregedor Geral da Justi\u00e7a, baixou provimento onde autoriza, em situa\u00e7\u00f5es espec\u00edficas, o descarte de antigas peti\u00e7\u00f5es pendentes de juntada aos autos pelos Cart\u00f3rios das Varas judiciais no Estado.<\/p>\n<p align=\"justify\">No <strong><a href=\"https:\/\/sistemas.tjes.jus.br\/ediario\/index.php\/component\/ediario\/741145?view=content\">Provimento n\u00ba 17\/2019<\/a><\/strong>, publicado no Di\u00e1rio da Justi\u00e7a de 11\/01 do corrente ano, o Corregedor Geral da Justi\u00e7a orienta aos chefes de secretaria de todas as unidades judici\u00e1rias a identificarem as peti\u00e7\u00f5es pendentes de juntada aos autos dos processos j\u00e1 arquivados ou baixados h\u00e1 mais de <span style=\"color: #000000;\">180 dias. <\/span><\/p>\n<p align=\"justify\"><span style=\"color: #000000;\">De acordo com o Provimento, a<\/span><span style=\"color: #000000;\">s <\/span><span style=\"color: #000000;\">Varas<\/span><span style=\"color: #000000;\"> dever\u00e3o intima<\/span><span style=\"color: #000000;\">r o<\/span><span style=\"color: #000000;\">s respectivos advogados para, <\/span><span style=\"color: #000000;\">caso queiram, <\/span><span style=\"color: #000000;\">retir<\/span><span style=\"color: #000000;\">em<\/span> <span style=\"color: #000000;\">essa<\/span><span style=\"color: #000000;\">s peti\u00e7\u00f5es <\/span><span style=\"color: #000000;\">em 1<\/span><span style=\"color: #000000;\">0 dias. Ultrapassado <\/span><span style=\"color: #000000;\">este<\/span><span style=\"color: #000000;\"> prazo, as peti\u00e7\u00f5es poder\u00e3o ser descartadas por meio de picotamento.<\/span><\/p>\n<p align=\"justify\">A norma prev\u00ea, ainda, que caber\u00e1 \u00e0 Secretaria de Tecnologia da Informa\u00e7\u00e3o (STI) promover o cancelamento autom\u00e1tico de todas as \u201cpeti\u00e7\u00f5es de juntada\u201d relativas a processos arquivados h\u00e1 mais de 24 (vinte e quatro)<span style=\"color: #000000;\"> meses<\/span> e sem quaisquer movimenta\u00e7\u00f5es nesse per\u00edodo.<\/p>\n<p align=\"justify\">O desembargador Samuel Meira Brasil J\u00fanior esclareceu que pretende com a medida auxiliar os trabalhos das serventias, hoje abarrotadas com um elevado n\u00famero de peti\u00e7\u00f5es pendentes para juntada aos autos h\u00e1 diversos anos. \u201cA maior parte das peti\u00e7\u00f5es pendentes de juntada s\u00e3o relativas a processos findos e arquivados, sendo bastante improdutivo o trabalho de desarquivamento pelos cart\u00f3rios, al\u00e9m do fato de que esse n\u00famero afeta e altera, de modo indevido, os dados estat\u00edsticos das Varas\u201d, explicou o Corregedor.<\/p>\n<p align=\"justify\">Por fim, ressaltou que a elimina\u00e7\u00e3o daquelas peti\u00e7\u00f5es n\u00e3o implicar\u00e1 na perda de direitos, podendo ser renovado eventual requerimento a qualquer tempo e dever\u00e1 ser preservado o registro de todos os protocolos cancelados, de modo que seja poss\u00edvel a expedi\u00e7\u00e3o de certid\u00e3o sobre sua destina\u00e7\u00e3o.<\/p>\n<p align=\"justify\">Vit\u00f3ria, 11 de janeiro de 2019.<\/p>\n","protected":false},"excerpt":{"rendered":"<p>O desembargador Samuel Meira Brasil J\u00fanior, Corregedor Geral da Justi\u00e7a, baixou provimento onde autoriza, em situa\u00e7\u00f5es espec\u00edficas, o descarte de antigas peti\u00e7\u00f5es pendentes de juntada aos autos pelos Cart\u00f3rios das Varas judiciais no Estado. No Provimento n\u00ba 17\/2019, publicado no Di\u00e1rio da Justi\u00e7a de 11\/01 do corrente ano, o Corregedor Geral da Justi\u00e7a orienta aos [&hellip;]<\/p>\n","protected":false},"author":10,"featured_media":25827,"comment_status":"closed","ping_status":"closed","sticky":false,"template":"","format":"standard","meta":{"footnotes":""},"categories":[1],"tags":[],"_links":{"self":[{"href":"https:\/\/www.tjes.jus.br\/corregedoria\/wp-json\/wp\/v2\/posts\/25826"}],"collection":[{"href":"https:\/\/www.tjes.jus.br\/corregedoria\/wp-json\/wp\/v2\/posts"}],"about":[{"href":"https:\/\/www.tjes.jus.br\/corregedoria\/wp-json\/wp\/v2\/types\/post"}],"author":[{"embeddable":true,"href":"https:\/\/www.tjes.jus.br\/corregedoria\/wp-json\/wp\/v2\/users\/10"}],"replies":[{"embeddable":true,"href":"https:\/\/www.tjes.jus.br\/corregedoria\/wp-json\/wp\/v2\/comments?post=25826"}],"version-history":[{"count":3,"href":"https:\/\/www.tjes.jus.br\/corregedoria\/wp-json\/wp\/v2\/posts\/25826\/revisions"}],"predecessor-version":[{"id":25857,"href":"https:\/\/www.tjes.jus.br\/corregedoria\/wp-json\/wp\/v2\/posts\/25826\/revisions\/25857"}],"wp:featuredmedia":[{"embeddable":true,"href":"https:\/\/www.tjes.jus.br\/corregedoria\/wp-json\/wp\/v2\/media\/25827"}],"wp:attachment":[{"href":"https:\/\/www.tjes.jus.br\/corregedoria\/wp-json\/wp\/v2\/media?parent=25826"}],"wp:term":[{"taxonomy":"category","embeddable":true,"href":"https:\/\/www.tjes.jus.br\/corregedoria\/wp-json\/wp\/v2\/categories?post=25826"},{"taxonomy":"post_tag","embeddable":true,"href":"https:\/\/www.tjes.jus.br\/corregedoria\/wp-json\/wp\/v2\/tags?post=25826"}],"curies":[{"name":"wp","href":"https:\/\/api.w.org\/{rel}","templated":true}]}}