{"id":25988,"date":"2019-01-17T12:13:49","date_gmt":"2019-01-17T14:13:49","guid":{"rendered":"https:\/\/www.tjes.jus.br\/corregedoria\/?p=25988"},"modified":"2019-01-17T12:20:32","modified_gmt":"2019-01-17T14:20:32","slug":"ato-normativo-no-006-2019-disp-17-01-2019","status":"publish","type":"post","link":"https:\/\/www.tjes.jus.br\/corregedoria\/2019\/01\/17\/ato-normativo-no-006-2019-disp-17-01-2019\/","title":{"rendered":"ATO NORMATIVO N\u00ba 006\/2019 \u2013 DISP. 17\/01\/2019"},"content":{"rendered":"<p align=\"center\">ESTADO DO ESP\u00cdRITO SANTO<\/p>\n<p align=\"center\">PODER JUDICI\u00c1RIO<\/p>\n<p align=\"center\"><strong>ATO NORMATIVO N\u00ba 006 \/2019<\/strong><\/p>\n<p>&nbsp;<\/p>\n<p align=\"justify\">Prorroga o prazo previsto no <a href=\"https:\/\/www.tjes.jus.br\/corregedoria\/2018\/11\/28\/ato-normativo-no-221-2018-disp-28-11-2018\/\" target=\"_blank\" rel=\"noopener\">Ato Normativo n\u00ba 221\/2018<\/a>.<\/p>\n<p>&nbsp;<\/p>\n<p style=\"text-align: justify;\" align=\"justify\">O Excelent\u00edssimo Senhor Desembargador S\u00c9RGIO LUIZ TEIXEIRA GAMA, DD. Presidente do Egr\u00e9gio Tribunal de Justi\u00e7a do Estado do Esp\u00edrito Santo, no uso de suas atribui\u00e7\u00f5es legais, e<\/p>\n<p style=\"text-align: justify;\" align=\"justify\">CONSIDERANDO que foi institu\u00eddo Grupo de Trabalho para desenvolvimento e implanta\u00e7\u00e3o do sistema de plant\u00e3o de 1\u00ba grau de jurisdi\u00e7\u00e3o (<a href=\"https:\/\/www.tjes.jus.br\/corregedoria\/2018\/11\/28\/ato-normativo-no-221-2018-disp-28-11-2018\/\" target=\"_blank\" rel=\"noopener\">Ato Normativo 221\/2018<\/a>);<\/p>\n<p style=\"text-align: justify;\" align=\"justify\">CONSIDERANDO o disposto no artigo 3\u00ba, do <a href=\"https:\/\/www.tjes.jus.br\/corregedoria\/2018\/11\/28\/ato-normativo-no-221-2018-disp-28-11-2018\/\" target=\"_blank\" rel=\"noopener\">Ato Normativo 221\/2018<\/a>, que faculta \u00e0 Presid\u00eancia do Egr\u00e9gio Tribunal de Justi\u00e7a do Estado do Esp\u00edrito Santo a prorroga\u00e7\u00e3o dos trabalhos do mencionado Grupo de Trabalho;<\/p>\n<p style=\"text-align: justify;\" align=\"justify\">CONSIDERANDO os termos do requerimento formulado pelo Exm\u00ba. Sr. Juiz de Direito Marcelo Menezes Loureiro, Presidente do Grupo de Trabalho;<\/p>\n<p>&nbsp;<\/p>\n<p align=\"justify\">RESOLVE:<\/p>\n<p>&nbsp;<\/p>\n<p align=\"justify\">Art. 1\u00ba \u2013 Fica prorrogado at\u00e9 o dia 07\/03\/2019 o prazo previsto no artigo 3\u00ba, do <a href=\"https:\/\/www.tjes.jus.br\/corregedoria\/2018\/11\/28\/ato-normativo-no-221-2018-disp-28-11-2018\/\" target=\"_blank\" rel=\"noopener\">Ato Normativo 221\/2018<\/a>.<\/p>\n<p align=\"justify\">Art. 2\u00ba \u2013 Este Ato Normativo entra em vigor na data de sua publica\u00e7\u00e3o.<\/p>\n<p>&nbsp;<\/p>\n<p align=\"justify\">Publique-se.<\/p>\n<p align=\"justify\">Vit\u00f3ria, 16 de janeiro de 2019.<\/p>\n<p>&nbsp;<\/p>\n<p style=\"text-align: center;\" align=\"justify\">Des. S\u00c9RGIO LUIZ TEIXEIRA GAMA<\/p>\n<p style=\"text-align: center;\">Presidente<\/p>\n","protected":false},"excerpt":{"rendered":"<p>ESTADO DO ESP\u00cdRITO SANTO PODER JUDICI\u00c1RIO ATO NORMATIVO N\u00ba 006 \/2019 &nbsp; Prorroga o prazo previsto no Ato Normativo n\u00ba 221\/2018. &nbsp; O Excelent\u00edssimo Senhor Desembargador S\u00c9RGIO LUIZ TEIXEIRA GAMA, DD. Presidente do Egr\u00e9gio Tribunal de Justi\u00e7a do Estado do Esp\u00edrito Santo, no uso de suas atribui\u00e7\u00f5es legais, e CONSIDERANDO que foi institu\u00eddo Grupo de [&hellip;]<\/p>\n","protected":false},"author":8,"featured_media":0,"comment_status":"closed","ping_status":"closed","sticky":false,"template":"","format":"standard","meta":{"footnotes":""},"categories":[4,14],"tags":[],"_links":{"self":[{"href":"https:\/\/www.tjes.jus.br\/corregedoria\/wp-json\/wp\/v2\/posts\/25988"}],"collection":[{"href":"https:\/\/www.tjes.jus.br\/corregedoria\/wp-json\/wp\/v2\/posts"}],"about":[{"href":"https:\/\/www.tjes.jus.br\/corregedoria\/wp-json\/wp\/v2\/types\/post"}],"author":[{"embeddable":true,"href":"https:\/\/www.tjes.jus.br\/corregedoria\/wp-json\/wp\/v2\/users\/8"}],"replies":[{"embeddable":true,"href":"https:\/\/www.tjes.jus.br\/corregedoria\/wp-json\/wp\/v2\/comments?post=25988"}],"version-history":[{"count":6,"href":"https:\/\/www.tjes.jus.br\/corregedoria\/wp-json\/wp\/v2\/posts\/25988\/revisions"}],"predecessor-version":[{"id":25994,"href":"https:\/\/www.tjes.jus.br\/corregedoria\/wp-json\/wp\/v2\/posts\/25988\/revisions\/25994"}],"wp:attachment":[{"href":"https:\/\/www.tjes.jus.br\/corregedoria\/wp-json\/wp\/v2\/media?parent=25988"}],"wp:term":[{"taxonomy":"category","embeddable":true,"href":"https:\/\/www.tjes.jus.br\/corregedoria\/wp-json\/wp\/v2\/categories?post=25988"},{"taxonomy":"post_tag","embeddable":true,"href":"https:\/\/www.tjes.jus.br\/corregedoria\/wp-json\/wp\/v2\/tags?post=25988"}],"curies":[{"name":"wp","href":"https:\/\/api.w.org\/{rel}","templated":true}]}}