{"id":25997,"date":"2019-01-17T12:37:26","date_gmt":"2019-01-17T14:37:26","guid":{"rendered":"https:\/\/www.tjes.jus.br\/corregedoria\/?p=25997"},"modified":"2019-01-17T12:37:26","modified_gmt":"2019-01-17T14:37:26","slug":"resolucao-cnj-no-267-de-21-11-2018","status":"publish","type":"post","link":"https:\/\/www.tjes.jus.br\/corregedoria\/2019\/01\/17\/resolucao-cnj-no-267-de-21-11-2018\/","title":{"rendered":"Resolu\u00e7\u00e3o CNJ n\u00ba 267 de 21\/11\/2018"},"content":{"rendered":"<p style=\"text-align: justify;\"><strong>Ementa:<\/strong>\u00a0D\u00e1 nova reda\u00e7\u00e3o ao art. 4\u00ba da Resolu\u00e7\u00e3o CNJ n\u00ba 195, de 3 de junho 2014, que disp\u00f5e sobre a distribui\u00e7\u00e3o de or\u00e7amento nos \u00f3rg\u00e3os do Poder Judici\u00e1rio de primeiro e segundo graus.<\/p>\n<p style=\"text-align: justify;\"><strong>Origem:<\/strong>\u00a0Presid\u00eancia<\/p>\n<p style=\"text-align: justify;\">\n<p style=\"text-align: justify;\"><strong>O PRESIDENTE DO CONSELHO NACIONAL DE JUSTI\u00c7A<\/strong>, no uso de suas atribui\u00e7\u00f5es legais e regimentais, e tendo em vista a delibera\u00e7\u00e3o do Plen\u00e1rio do CNJ, no Procedimento de Ato n\u00ba 0004665-30.2016.2.00.0000, na 37\u00aa Sess\u00e3o Virtual, realizada em 19 de outubro de 2018;<\/p>\n<p style=\"text-align: justify;\"><strong>CONSIDERANDO<\/strong>\u00a0que os dados or\u00e7ament\u00e1rios publicados pelos tribunais devem ser aqueles constantes do projeto de lei or\u00e7ament\u00e1ria encaminhado ao Poder Legislativo;<\/p>\n<p style=\"text-align: justify;\"><strong>CONSIDERANDO<\/strong>\u00a0a necessidade de manter a mem\u00f3ria e transpar\u00eancia das informa\u00e7\u00f5es or\u00e7ament\u00e1rias dos tribunais, bem como de acompanhar a evolu\u00e7\u00e3o dos dados or\u00e7ament\u00e1rios relativos ao primeiro e segundo graus de jurisdi\u00e7\u00e3o;<\/p>\n<p style=\"text-align: justify;\">\n<p><strong>RESOLVE:<\/strong><\/p>\n<p>&nbsp;<\/p>\n<p>Art. 1\u00ba O\u00a0<a href=\"http:\/\/www.cnj.jus.br\/atos-normativos?documento=2022\" target=\"_blank\" rel=\"alternate noopener\">artigo 4\u00ba da Resolu\u00e7\u00e3o CNJ n\u00ba 195\/2014, de 3 de junho de 2014<\/a>, passa a vigorar com a seguinte reda\u00e7\u00e3o:<\/p>\n<p style=\"padding-left: 60px; text-align: justify;\">\u00a0 \u201cArt. 4\u00ba Devem ser disponibilizadas no s\u00edtio eletr\u00f4nico do tribunal, \u00e1rea &#8220;Transpar\u00eancia&#8221;, e mantidas pelo per\u00edodo m\u00ednimo de 5 (cinco) anos:\u00a0 \u00a0 \u00a0 \u00a0 &#8230;&#8230;&#8230;&#8230;&#8230;&#8230;&#8230;&#8230;&#8230;&#8230;&#8230;&#8230;&#8230;&#8230;&#8230;&#8230;&#8230;&#8230;&#8230;&#8230;&#8230;&#8230;&#8230;&#8230;&#8230;&#8230;&#8230;&#8230;&#8230;&#8230;&#8230;&#8230;&#8230;&#8230;.<\/p>\n<p style=\"padding-left: 60px; text-align: justify;\">\u00a0Par\u00e1grafo \u00fanico. A disponibiliza\u00e7\u00e3o de que trata os incisos I e II do caput deste artigo deve ocorrer em dois momentos: at\u00e9 trinta dias depois do in\u00edcio do tr\u00e2mite do projeto de lei or\u00e7ament\u00e1ria no Poder Legislativo e at\u00e9 trinta dias depois da publica\u00e7\u00e3o da lei or\u00e7ament\u00e1ria.\u201d (NR)<\/p>\n<p>Art. 2\u00ba Esta Resolu\u00e7\u00e3o entra em vigor na data de sua publica\u00e7\u00e3o.<\/p>\n<p>&nbsp;<\/p>\n<p style=\"text-align: center;\">Ministro<strong>\u00a0DIAS TOFFOLI<\/strong><\/p>\n","protected":false},"excerpt":{"rendered":"<p>Ementa:\u00a0D\u00e1 nova reda\u00e7\u00e3o ao art. 4\u00ba da Resolu\u00e7\u00e3o CNJ n\u00ba 195, de 3 de junho 2014, que disp\u00f5e sobre a distribui\u00e7\u00e3o de or\u00e7amento nos \u00f3rg\u00e3os do Poder Judici\u00e1rio de primeiro e segundo graus. Origem:\u00a0Presid\u00eancia O PRESIDENTE DO CONSELHO NACIONAL DE JUSTI\u00c7A, no uso de suas atribui\u00e7\u00f5es legais e regimentais, e tendo em vista a delibera\u00e7\u00e3o [&hellip;]<\/p>\n","protected":false},"author":8,"featured_media":0,"comment_status":"closed","ping_status":"closed","sticky":false,"template":"","format":"standard","meta":{"footnotes":""},"categories":[14,19],"tags":[],"_links":{"self":[{"href":"https:\/\/www.tjes.jus.br\/corregedoria\/wp-json\/wp\/v2\/posts\/25997"}],"collection":[{"href":"https:\/\/www.tjes.jus.br\/corregedoria\/wp-json\/wp\/v2\/posts"}],"about":[{"href":"https:\/\/www.tjes.jus.br\/corregedoria\/wp-json\/wp\/v2\/types\/post"}],"author":[{"embeddable":true,"href":"https:\/\/www.tjes.jus.br\/corregedoria\/wp-json\/wp\/v2\/users\/8"}],"replies":[{"embeddable":true,"href":"https:\/\/www.tjes.jus.br\/corregedoria\/wp-json\/wp\/v2\/comments?post=25997"}],"version-history":[{"count":2,"href":"https:\/\/www.tjes.jus.br\/corregedoria\/wp-json\/wp\/v2\/posts\/25997\/revisions"}],"predecessor-version":[{"id":25999,"href":"https:\/\/www.tjes.jus.br\/corregedoria\/wp-json\/wp\/v2\/posts\/25997\/revisions\/25999"}],"wp:attachment":[{"href":"https:\/\/www.tjes.jus.br\/corregedoria\/wp-json\/wp\/v2\/media?parent=25997"}],"wp:term":[{"taxonomy":"category","embeddable":true,"href":"https:\/\/www.tjes.jus.br\/corregedoria\/wp-json\/wp\/v2\/categories?post=25997"},{"taxonomy":"post_tag","embeddable":true,"href":"https:\/\/www.tjes.jus.br\/corregedoria\/wp-json\/wp\/v2\/tags?post=25997"}],"curies":[{"name":"wp","href":"https:\/\/api.w.org\/{rel}","templated":true}]}}