{"id":26026,"date":"2019-01-17T15:21:40","date_gmt":"2019-01-17T17:21:40","guid":{"rendered":"https:\/\/www.tjes.jus.br\/corregedoria\/?p=26026"},"modified":"2019-01-17T15:21:40","modified_gmt":"2019-01-17T17:21:40","slug":"resolucao-cnj-no-275-de-18-12-2018","status":"publish","type":"post","link":"https:\/\/www.tjes.jus.br\/corregedoria\/2019\/01\/17\/resolucao-cnj-no-275-de-18-12-2018\/","title":{"rendered":"Resolu\u00e7\u00e3o CNJ n\u00ba 275 de 18\/12\/2018"},"content":{"rendered":"<p style=\"text-align: justify;\"><strong>Ementa:<\/strong>\u00a0Altera a Resolu\u00e7\u00e3o CNJ n\u00ba 176, de 10 de junho de 2013, que instituiu o Sistema Nacional de Seguran\u00e7a P\u00fablica do Poder Judici\u00e1rio.<\/p>\n<p><strong>Origem:<\/strong>\u00a0Presid\u00eancia<\/p>\n<p>&nbsp;<\/p>\n<p><strong>O PRESIDENTE DO CONSELHO NACIONAL DE JUSTI\u00c7A,\u00a0<\/strong>no uso de suas atribui\u00e7\u00f5es legais e regimentais;<\/p>\n<p><strong>\u00a0<\/strong><\/p>\n<p style=\"text-align: justify;\"><strong>CONSIDERANDO\u00a0<\/strong>a necessidade de reorganiza\u00e7\u00e3o do Comit\u00ea Gestor da Pol\u00edtica Nacional de Seguran\u00e7a do Poder Judici\u00e1rio;<\/p>\n<p style=\"text-align: justify;\">\n<p style=\"text-align: justify;\"><strong>CONSIDERANDO<\/strong>\u00a0a delibera\u00e7\u00e3o do Plen\u00e1rio do CNJ no Procedimento de Ato Normativo n\u00ba\u00a00010417-12.2018.2.00.0000, na 51\u00aa Sess\u00e3o Extrordin\u00e1ria, realizada em 17 de dezembro de 2018;<\/p>\n<p>&nbsp;<\/p>\n<p><strong>RESOLVE:<\/strong><\/p>\n<p>&nbsp;<\/p>\n<p style=\"text-align: justify;\">Art. 1\u00ba\u00a0Alterar a\u00a0<a href=\"http:\/\/www.cnj.jus.br\/atos-normativos?documento=1772\" rel=\"alternate\">Resolu\u00e7\u00e3o CNJ n\u00ba\u00a0176, de 10 de junho de 2013<\/a>, que institui o Sistema Nacional de Seguran\u00e7a P\u00fablica do Poder Judici\u00e1rio.<\/p>\n<p style=\"text-align: justify;\">Art. 2\u00ba\u00a0O art. 2\u00ba\u00a0da Resolu\u00e7\u00e3o CNJ n\u00ba\u00a0176, de 10 de junho de 2013, passa a vigorar com o seguinte acr\u00e9scimo:<\/p>\n<p style=\"text-align: justify;\">\u201c[&#8230;]<\/p>\n<p style=\"text-align: justify;\">1 (um) representante do Departamento de Seguran\u00e7a Institucional do Poder Judici\u00e1rio \u2013 DSIPJ\u201d. (NR)<\/p>\n<p style=\"text-align: justify;\">Art. 3\u00ba\u00a0O art. 2\u00ba, \u00a7 1\u00ba, VII, da Resolu\u00e7\u00e3o CNJ n\u00ba\u00a0176, de 10 de junho de 2013, passa a vigorar com a seguinte reda\u00e7\u00e3o:<\/p>\n<p style=\"text-align: justify;\">\u201cArt. 2\u00ba &#8230;&#8230;&#8230;&#8230;&#8230;&#8230;&#8230;&#8230;&#8230;&#8230;&#8230;&#8230;&#8230;&#8230;&#8230;&#8230;&#8230;&#8230;&#8230;&#8230;&#8230;&#8230;&#8230;&#8230;&#8230;&#8230;&#8230;&#8230;&#8230;&#8230;&#8230;&#8230;&#8230;.<\/p>\n<p style=\"text-align: justify;\">&#8230;&#8230;&#8230;&#8230;&#8230;&#8230;&#8230;&#8230;&#8230;&#8230;&#8230;&#8230;&#8230;&#8230;&#8230;&#8230;&#8230;&#8230;&#8230;&#8230;&#8230;&#8230;&#8230;&#8230;&#8230;&#8230;&#8230;&#8230;&#8230;&#8230;&#8230;&#8230;&#8230;&#8230;&#8230;&#8230;&#8230;..<\/p>\n<p style=\"text-align: justify;\">VII \u2013 o servidor do quadro efetivo do Poder Judici\u00e1rio, denominado Inspetor ou Agente de Seguran\u00e7a Judici\u00e1ria, ser\u00e1 indicado pelo Secret\u00e1rio-Geral do CNJ\u201d. (NR)<\/p>\n<p style=\"text-align: justify;\">Art. 4\u00ba\u00a0O art. 4\u00ba, \u00a7 1\u00ba, da Resolu\u00e7\u00e3o CNJ n\u00ba\u00a0176, de 10 de junho de 2013, passa a vigorar com a seguinte reda\u00e7\u00e3o e acr\u00e9scimo:<\/p>\n<p>&nbsp;<\/p>\n<p>\u201cArt. 2\u00ba &#8230;&#8230;&#8230;&#8230;&#8230;&#8230;&#8230;&#8230;&#8230;&#8230;&#8230;&#8230;&#8230;&#8230;&#8230;&#8230;&#8230;&#8230;&#8230;&#8230;&#8230;&#8230;&#8230;&#8230;&#8230;&#8230;&#8230;&#8230;&#8230;&#8230;&#8230;&#8230;&#8230;.<\/p>\n<p>&#8230;&#8230;&#8230;&#8230;&#8230;&#8230;&#8230;&#8230;&#8230;&#8230;&#8230;&#8230;&#8230;&#8230;&#8230;&#8230;&#8230;&#8230;&#8230;&#8230;&#8230;&#8230;&#8230;&#8230;&#8230;&#8230;&#8230;&#8230;&#8230;&#8230;&#8230;&#8230;&#8230;&#8230;&#8230;&#8230;&#8230;..<\/p>\n<p style=\"text-align: justify;\">\u00a7 1\u00ba\u00a0As medidas de que tratam os incisos &#8220;III&#8221;, &#8220;IV&#8221;, &#8220;V&#8221; e \u201cXIII\u201d deste artigo poder\u00e3o ser adotadas pelos tribunais, sem preju\u00edzo das demais provid\u00eancias inerentes \u00e0s suas compet\u00eancias e prerrogativas\u201d. (NR)<\/p>\n<p style=\"text-align: justify;\">Art. 5\u00ba\u00a0O art. 5\u00ba\u00a0da Resolu\u00e7\u00e3o CNJ n\u00ba\u00a0176, de 10 de junho de 2013, passa a vigorar com a seguinte reda\u00e7\u00e3o e acr\u00e9scimos:<\/p>\n<p style=\"text-align: justify;\">\u201cArt. 5\u00ba\u00a0Fica institu\u00eddo, na estrutura org\u00e2nica do CNJ e subordinado \u00e0 Secretaria-Geral, o Departamento de Seguran\u00e7a Institucional do Poder Judici\u00e1rio \u2013 DSIPJ, ao qual incumbe, sob a supervis\u00e3o do Comit\u00ea Gestor de que trata o art. 2\u00ba desta Resolu\u00e7\u00e3o:<\/p>\n<p style=\"text-align: justify;\">&#8230;&#8230;&#8230;&#8230;&#8230;&#8230;&#8230;&#8230;&#8230;&#8230;&#8230;&#8230;&#8230;&#8230;&#8230;&#8230;&#8230;&#8230;&#8230;&#8230;&#8230;&#8230;&#8230;&#8230;&#8230;&#8230;&#8230;&#8230;&#8230;&#8230;&#8230;&#8230;&#8230;&#8230;.<\/p>\n<p style=\"text-align: justify;\">V \u2013 coordenar e executar a\u00e7\u00f5es da seguran\u00e7a pessoal do Presidente do CNJ, em deslocamentos no Distrito Federal e outras localidades do territ\u00f3rio nacional;<\/p>\n<p style=\"text-align: justify;\">VI \u2013 planejar, dirigir e coordenar a\u00e7\u00f5es\u00a0de\u00a0policiamento e seguran\u00e7a no \u00e2mbito do CNJ.<\/p>\n<p style=\"text-align: justify;\">VII \u2013 executar outras atividades correlatas sob a supervis\u00e3o da Secretaria-Geral do CNJ\u201d. (NR)<\/p>\n<p style=\"text-align: justify;\">Art. 6\u00ba\u00a0Esta Resolu\u00e7\u00e3o entra em vigor na data de sua publica\u00e7\u00e3o.<\/p>\n<p>&nbsp;<\/p>\n<p style=\"text-align: center;\">Ministro<strong>\u00a0DIAS TOFFOLI<\/strong><\/p>\n","protected":false},"excerpt":{"rendered":"<p>Ementa:\u00a0Altera a Resolu\u00e7\u00e3o CNJ n\u00ba 176, de 10 de junho de 2013, que instituiu o Sistema Nacional de Seguran\u00e7a P\u00fablica do Poder Judici\u00e1rio. Origem:\u00a0Presid\u00eancia &nbsp; O PRESIDENTE DO CONSELHO NACIONAL DE JUSTI\u00c7A,\u00a0no uso de suas atribui\u00e7\u00f5es legais e regimentais; \u00a0 CONSIDERANDO\u00a0a necessidade de reorganiza\u00e7\u00e3o do Comit\u00ea Gestor da Pol\u00edtica Nacional de Seguran\u00e7a do Poder Judici\u00e1rio; [&hellip;]<\/p>\n","protected":false},"author":8,"featured_media":0,"comment_status":"closed","ping_status":"closed","sticky":false,"template":"","format":"standard","meta":{"footnotes":""},"categories":[14,19],"tags":[],"_links":{"self":[{"href":"https:\/\/www.tjes.jus.br\/corregedoria\/wp-json\/wp\/v2\/posts\/26026"}],"collection":[{"href":"https:\/\/www.tjes.jus.br\/corregedoria\/wp-json\/wp\/v2\/posts"}],"about":[{"href":"https:\/\/www.tjes.jus.br\/corregedoria\/wp-json\/wp\/v2\/types\/post"}],"author":[{"embeddable":true,"href":"https:\/\/www.tjes.jus.br\/corregedoria\/wp-json\/wp\/v2\/users\/8"}],"replies":[{"embeddable":true,"href":"https:\/\/www.tjes.jus.br\/corregedoria\/wp-json\/wp\/v2\/comments?post=26026"}],"version-history":[{"count":2,"href":"https:\/\/www.tjes.jus.br\/corregedoria\/wp-json\/wp\/v2\/posts\/26026\/revisions"}],"predecessor-version":[{"id":26028,"href":"https:\/\/www.tjes.jus.br\/corregedoria\/wp-json\/wp\/v2\/posts\/26026\/revisions\/26028"}],"wp:attachment":[{"href":"https:\/\/www.tjes.jus.br\/corregedoria\/wp-json\/wp\/v2\/media?parent=26026"}],"wp:term":[{"taxonomy":"category","embeddable":true,"href":"https:\/\/www.tjes.jus.br\/corregedoria\/wp-json\/wp\/v2\/categories?post=26026"},{"taxonomy":"post_tag","embeddable":true,"href":"https:\/\/www.tjes.jus.br\/corregedoria\/wp-json\/wp\/v2\/tags?post=26026"}],"curies":[{"name":"wp","href":"https:\/\/api.w.org\/{rel}","templated":true}]}}