{"id":26047,"date":"2019-01-23T15:46:10","date_gmt":"2019-01-23T17:46:10","guid":{"rendered":"https:\/\/www.tjes.jus.br\/corregedoria\/?p=26047"},"modified":"2019-01-23T15:46:10","modified_gmt":"2019-01-23T17:46:10","slug":"ato-normativo-no-007-2019-disp-22-01-2019","status":"publish","type":"post","link":"https:\/\/www.tjes.jus.br\/corregedoria\/2019\/01\/23\/ato-normativo-no-007-2019-disp-22-01-2019\/","title":{"rendered":"ATO NORMATIVO N\u00ba 007\/ 2019 &#8211; DISP. 22\/01\/2019"},"content":{"rendered":"<p align=\"center\">ESTADO DO ESP\u00cdRITO SANTO<\/p>\n<p align=\"center\">PODER JUDICI\u00c1RIO<\/p>\n<p align=\"center\">TRIBUNAL DE JUSTI\u00c7A<\/p>\n<p align=\"center\">GABINETE DA PRESID\u00caNCIA<\/p>\n<p align=\"center\">ATO NORMATIVO N\u00ba 007\/ 2019<\/p>\n<p align=\"justify\">Prorroga a suspens\u00e3o do atendimento ao p\u00fablico, das audi\u00eancias, dos prazos processuais e dos demais atos em unidades judici\u00e1rias com compet\u00eancia em mat\u00e9ria de Execu\u00e7\u00e3o Penal, visando a continuidade da digitaliza\u00e7\u00e3o, do cadastramento e da implanta\u00e7\u00e3o das Guias de Execu\u00e7\u00e3o Penal no SEEU.<\/p>\n<p align=\"justify\">O Excelent\u00edssimo Senhor Desembargador SERGIO LUIZ TEIXEIRA GAMA, Presidente do Egr\u00e9gio Tribunal de Justi\u00e7a do Estado do Esp\u00edrito Santo, no uso de suas atribui\u00e7\u00f5es legais e,<\/p>\n<p align=\"justify\">CONSIDERANDO o teor do Ato Normativo n\u00ba 216\/2018, que instituiu a \u201cFor\u00e7a Tarefa\u201d para o cadastramento das Guias de Execu\u00e7\u00e3o Penal do Estado do Esp\u00edrito Santo no SEEU, ensejando a suspens\u00e3o do atendimento ao p\u00fablico, das audi\u00eancias e dos prazos processuais em unidades judici\u00e1rias com compet\u00eancia em mat\u00e9ria de Execu\u00e7\u00e3o Penal, visando o alcance de tal objetivo;<\/p>\n<p align=\"justify\">CONSIDERANDO a necessidade de adapta\u00e7\u00e3o do cronograma de atividades em virtude do avan\u00e7o dos trabalhos desenvolvidos pela \u201cFor\u00e7a Tarefa\u201d at\u00e9 a presente data;<\/p>\n<p>RESOLVE:<\/p>\n<p align=\"justify\">Art. 1\u00ba. Fica prorrogada a suspens\u00e3o do atendimento ao p\u00fablico, das audi\u00eancias, dos prazos processuais e dos demais atos nas unidades judici\u00e1rias abaixo relacionadas, no per\u00edodo de 21 a 25\/01\/2019, com o objetivo de viabilizar a continuidade da digitaliza\u00e7\u00e3o, do cadastramento e da implanta\u00e7\u00e3o das Guias de Execu\u00e7\u00e3o Penal no SEEU, ressalvando-se, contudo, a aprecia\u00e7\u00e3o das medidas urgentes:<\/p>\n<p align=\"justify\">&#8211; 7\u00aa Vara Criminal de Vit\u00f3ria (VEPEMA);<\/p>\n<p align=\"justify\">&#8211; 9\u00aa Vara Criminal de Vit\u00f3ria<\/p>\n<p align=\"justify\">&#8211; Vara de Execu\u00e7\u00f5es Penais de Vila Velha;<\/p>\n<p align=\"justify\">&#8211; 8\u00aa Vara Criminal de Vila Velha;<\/p>\n<p align=\"justify\">&#8211; 2\u00aa Vara Criminal de Viana;<\/p>\n<p align=\"justify\">&#8211; 2\u00aa Vara Criminal de Colatina;<\/p>\n<p align=\"justify\">&#8211; 2\u00aa Vara Criminal de Linhares;<\/p>\n<p align=\"justify\">&#8211; 2\u00aa Vara Criminal de S\u00e3o Mateus;<\/p>\n<p align=\"justify\">&#8211; 2\u00aa Vara Criminal de Cachoeiro de Itapemirim;<\/p>\n<p align=\"justify\">&#8211; 2\u00aa Vara Criminal de Barra de S\u00e3o Francisco.<\/p>\n<p align=\"justify\">Art. 2\u00ba. Este Ato Normativo entra em vigor na data de sua publica\u00e7\u00e3o.<\/p>\n<p>Publique-se.<\/p>\n<p align=\"center\">Vit\u00f3ria\/ES, 21 de janeiro de 2019.<\/p>\n<p align=\"center\">Des. SERGIO LUIZ TEIXEIRA GAMA<\/p>\n<p align=\"center\">Presidente<\/p>\n","protected":false},"excerpt":{"rendered":"<p>ESTADO DO ESP\u00cdRITO SANTO PODER JUDICI\u00c1RIO TRIBUNAL DE JUSTI\u00c7A GABINETE DA PRESID\u00caNCIA ATO NORMATIVO N\u00ba 007\/ 2019 Prorroga a suspens\u00e3o do atendimento ao p\u00fablico, das audi\u00eancias, dos prazos processuais e dos demais atos em unidades judici\u00e1rias com compet\u00eancia em mat\u00e9ria de Execu\u00e7\u00e3o Penal, visando a continuidade da digitaliza\u00e7\u00e3o, do cadastramento e da implanta\u00e7\u00e3o das Guias [&hellip;]<\/p>\n","protected":false},"author":9,"featured_media":0,"comment_status":"closed","ping_status":"closed","sticky":false,"template":"","format":"standard","meta":{"footnotes":""},"categories":[4],"tags":[],"_links":{"self":[{"href":"https:\/\/www.tjes.jus.br\/corregedoria\/wp-json\/wp\/v2\/posts\/26047"}],"collection":[{"href":"https:\/\/www.tjes.jus.br\/corregedoria\/wp-json\/wp\/v2\/posts"}],"about":[{"href":"https:\/\/www.tjes.jus.br\/corregedoria\/wp-json\/wp\/v2\/types\/post"}],"author":[{"embeddable":true,"href":"https:\/\/www.tjes.jus.br\/corregedoria\/wp-json\/wp\/v2\/users\/9"}],"replies":[{"embeddable":true,"href":"https:\/\/www.tjes.jus.br\/corregedoria\/wp-json\/wp\/v2\/comments?post=26047"}],"version-history":[{"count":1,"href":"https:\/\/www.tjes.jus.br\/corregedoria\/wp-json\/wp\/v2\/posts\/26047\/revisions"}],"predecessor-version":[{"id":26051,"href":"https:\/\/www.tjes.jus.br\/corregedoria\/wp-json\/wp\/v2\/posts\/26047\/revisions\/26051"}],"wp:attachment":[{"href":"https:\/\/www.tjes.jus.br\/corregedoria\/wp-json\/wp\/v2\/media?parent=26047"}],"wp:term":[{"taxonomy":"category","embeddable":true,"href":"https:\/\/www.tjes.jus.br\/corregedoria\/wp-json\/wp\/v2\/categories?post=26047"},{"taxonomy":"post_tag","embeddable":true,"href":"https:\/\/www.tjes.jus.br\/corregedoria\/wp-json\/wp\/v2\/tags?post=26047"}],"curies":[{"name":"wp","href":"https:\/\/api.w.org\/{rel}","templated":true}]}}