{"id":26054,"date":"2019-01-23T15:49:55","date_gmt":"2019-01-23T17:49:55","guid":{"rendered":"https:\/\/www.tjes.jus.br\/corregedoria\/?p=26054"},"modified":"2019-01-23T15:49:55","modified_gmt":"2019-01-23T17:49:55","slug":"ato-normativo-no-010-2019-disp-23-01-2019","status":"publish","type":"post","link":"https:\/\/www.tjes.jus.br\/corregedoria\/2019\/01\/23\/ato-normativo-no-010-2019-disp-23-01-2019\/","title":{"rendered":"ATO NORMATIVO N\u00ba 010\/ 2019 &#8211; DISP. 23\/01\/2019"},"content":{"rendered":"<p align=\"center\">ESTADO DO ESP\u00cdRITO SANTO<\/p>\n<p align=\"center\">PODER JUDICI\u00c1RIO<\/p>\n<p align=\"center\">TRIBUNAL DE JUSTI\u00c7A<\/p>\n<p align=\"center\"><i>GABINETE DA PRESID\u00caNCIA<\/i><\/p>\n<p align=\"center\"><span lang=\"pt-BR\"><strong>ATO NORMATIVO N\u00ba 010\/2018<\/strong><\/span><\/p>\n<p align=\"justify\"><span lang=\"pt-BR\">O Excelent\u00edssimo Senhor Desembargador S\u00e9rgio Luiz Teixeira Gama, Presidente do Egr\u00e9gio Tribunal de Justi\u00e7a do Estado do Esp\u00edrito Santo, no uso de suas atribui\u00e7\u00f5es legais,<\/span><\/p>\n<p align=\"justify\"><span lang=\"pt-BR\">CONSIDERANDO o teor do expediente protocolado neste Egr\u00e9gio Tribunal de Justi\u00e7a sob o n\u00famero 2019.00.063.811 subscrito pelo Exmo. Sr. Dr. Diego Ramirez Grigio Silva, Juiz de Direito Diretor do Foro de Pi\u00fama, informando que no dia 18 de Janeiro de 2019 houve interrup\u00e7\u00e3o no fornecimento de energia el\u00e9trica durante todo o expediente, o que inviabilizou o regular desempenho das atividades forenses;<\/span><\/p>\n<p align=\"justify\"><span lang=\"pt-BR\">RESOLVE:<\/span><\/p>\n<p align=\"justify\"><span lang=\"pt-BR\">CONSIDERAR SUSPENSOS os prazos processuais no dia 18 de Janeiro de 2019 na Comarca de Pi\u00fama.<\/span><\/p>\n<p align=\"justify\"><span lang=\"pt-BR\">Publique-se.<\/span><\/p>\n<p align=\"center\"><span lang=\"pt-BR\">Vit\u00f3ria, 22 de Janeiro de 2019.<\/span><\/p>\n<p align=\"center\"><span lang=\"pt-BR\">Desembargador S\u00c9RGIO LUIZ TEIXEIRA GAMA<\/span><\/p>\n<p align=\"center\"><span lang=\"pt-BR\">Presidente<\/span><\/p>\n","protected":false},"excerpt":{"rendered":"<p>ESTADO DO ESP\u00cdRITO SANTO PODER JUDICI\u00c1RIO TRIBUNAL DE JUSTI\u00c7A GABINETE DA PRESID\u00caNCIA ATO NORMATIVO N\u00ba 010\/2018 O Excelent\u00edssimo Senhor Desembargador S\u00e9rgio Luiz Teixeira Gama, Presidente do Egr\u00e9gio Tribunal de Justi\u00e7a do Estado do Esp\u00edrito Santo, no uso de suas atribui\u00e7\u00f5es legais, CONSIDERANDO o teor do expediente protocolado neste Egr\u00e9gio Tribunal de Justi\u00e7a sob o n\u00famero [&hellip;]<\/p>\n","protected":false},"author":9,"featured_media":0,"comment_status":"closed","ping_status":"closed","sticky":false,"template":"","format":"standard","meta":{"footnotes":""},"categories":[4],"tags":[],"_links":{"self":[{"href":"https:\/\/www.tjes.jus.br\/corregedoria\/wp-json\/wp\/v2\/posts\/26054"}],"collection":[{"href":"https:\/\/www.tjes.jus.br\/corregedoria\/wp-json\/wp\/v2\/posts"}],"about":[{"href":"https:\/\/www.tjes.jus.br\/corregedoria\/wp-json\/wp\/v2\/types\/post"}],"author":[{"embeddable":true,"href":"https:\/\/www.tjes.jus.br\/corregedoria\/wp-json\/wp\/v2\/users\/9"}],"replies":[{"embeddable":true,"href":"https:\/\/www.tjes.jus.br\/corregedoria\/wp-json\/wp\/v2\/comments?post=26054"}],"version-history":[{"count":1,"href":"https:\/\/www.tjes.jus.br\/corregedoria\/wp-json\/wp\/v2\/posts\/26054\/revisions"}],"predecessor-version":[{"id":26055,"href":"https:\/\/www.tjes.jus.br\/corregedoria\/wp-json\/wp\/v2\/posts\/26054\/revisions\/26055"}],"wp:attachment":[{"href":"https:\/\/www.tjes.jus.br\/corregedoria\/wp-json\/wp\/v2\/media?parent=26054"}],"wp:term":[{"taxonomy":"category","embeddable":true,"href":"https:\/\/www.tjes.jus.br\/corregedoria\/wp-json\/wp\/v2\/categories?post=26054"},{"taxonomy":"post_tag","embeddable":true,"href":"https:\/\/www.tjes.jus.br\/corregedoria\/wp-json\/wp\/v2\/tags?post=26054"}],"curies":[{"name":"wp","href":"https:\/\/api.w.org\/{rel}","templated":true}]}}