{"id":26062,"date":"2019-01-25T13:05:15","date_gmt":"2019-01-25T15:05:15","guid":{"rendered":"https:\/\/www.tjes.jus.br\/corregedoria\/?p=26062"},"modified":"2019-02-25T13:32:15","modified_gmt":"2019-02-25T16:32:15","slug":"ato-normativo-no-011-2018-disp-25-01-2018","status":"publish","type":"post","link":"https:\/\/www.tjes.jus.br\/corregedoria\/2019\/01\/25\/ato-normativo-no-011-2018-disp-25-01-2018\/","title":{"rendered":"ATO NORMATIVO N\u00ba 011\/2018 &#8211; DISP. 25\/01\/2019"},"content":{"rendered":"<p align=\"center\">ESTADO DO ESP\u00cdRITO SANTO<\/p>\n<p align=\"center\">PODER JUDICI\u00c1RIO<\/p>\n<p align=\"center\">TRIBUNAL DE JUSTI\u00c7A<\/p>\n<p align=\"center\"><i>GABINETE DA PRESID\u00caNCIA<\/i><\/p>\n<p align=\"center\"><strong>ATO NORMATIVO n\u00ba 011\/2019<\/strong><\/p>\n<p align=\"center\"><span style=\"color: #ff0000;\"><strong>(Alterado na Errata do Ato normativo n\u00b0 011\/2018)<\/strong><\/span><\/p>\n<p align=\"justify\">O Excelent\u00edssimo Senhor Desembargador S\u00e9rgio Luiz Teixeira Gama, Presidente do Egr\u00e9gio Tribunal de Justi\u00e7a do Estado do Esp\u00edrito Santo, no uso de suas atribui\u00e7\u00f5es legais,<\/p>\n<p align=\"justify\">CONSIDERANDO o teor do expediente protocolado neste Egr\u00e9gio Tribunal de Justi\u00e7a sob o n\u00famero 2019.00.090.800, encaminhado pelo Exmo. Sr. Dr. Marcelo Menezes Loureiro, Juiz Diretor do Foro de Vit\u00f3ria, por meio do qual requer a suspens\u00e3o dos prazos processuais na 1\u00aa Vara de \u00d3rf\u00e3os e Sucess\u00f5es de Vit\u00f3ria nos dias 23 e 25 de Janeiro de 2019, tendo em vista a reforma da estrutura f\u00edsica da unidade, o que inviabilizou o regular desempenho das atividades forenses;<\/p>\n<p align=\"justify\">RESOLVE:<\/p>\n<p lang=\"en-US\" align=\"justify\">SUSPENDER os<span lang=\"pt-BR\">\u00a0prazos processuais na 1\u00aa Vara de \u00d3rf\u00e3os e Sucess\u00f5es do Ju\u00edzo de Vit\u00f3ria nos dias 23 e 25 de Janeiro de 2019.<\/span><\/p>\n<p align=\"justify\">Publique-se.<\/p>\n<p align=\"center\">Vit\u00f3ria, 24 de Janeiro de 2019.<\/p>\n<p lang=\"pt-BR\" align=\"center\">Desembargador S\u00c9RGIO LUIZ TEIXEIRA GAMA<\/p>\n<p lang=\"pt-BR\" align=\"center\">Presidente<\/p>\n","protected":false},"excerpt":{"rendered":"<p>ESTADO DO ESP\u00cdRITO SANTO PODER JUDICI\u00c1RIO TRIBUNAL DE JUSTI\u00c7A GABINETE DA PRESID\u00caNCIA ATO NORMATIVO n\u00ba 011\/2019 (Alterado na Errata do Ato normativo n\u00b0 011\/2018) O Excelent\u00edssimo Senhor Desembargador S\u00e9rgio Luiz Teixeira Gama, Presidente do Egr\u00e9gio Tribunal de Justi\u00e7a do Estado do Esp\u00edrito Santo, no uso de suas atribui\u00e7\u00f5es legais, CONSIDERANDO o teor do expediente protocolado [&hellip;]<\/p>\n","protected":false},"author":9,"featured_media":0,"comment_status":"closed","ping_status":"closed","sticky":false,"template":"","format":"standard","meta":{"footnotes":""},"categories":[4],"tags":[],"_links":{"self":[{"href":"https:\/\/www.tjes.jus.br\/corregedoria\/wp-json\/wp\/v2\/posts\/26062"}],"collection":[{"href":"https:\/\/www.tjes.jus.br\/corregedoria\/wp-json\/wp\/v2\/posts"}],"about":[{"href":"https:\/\/www.tjes.jus.br\/corregedoria\/wp-json\/wp\/v2\/types\/post"}],"author":[{"embeddable":true,"href":"https:\/\/www.tjes.jus.br\/corregedoria\/wp-json\/wp\/v2\/users\/9"}],"replies":[{"embeddable":true,"href":"https:\/\/www.tjes.jus.br\/corregedoria\/wp-json\/wp\/v2\/comments?post=26062"}],"version-history":[{"count":5,"href":"https:\/\/www.tjes.jus.br\/corregedoria\/wp-json\/wp\/v2\/posts\/26062\/revisions"}],"predecessor-version":[{"id":26351,"href":"https:\/\/www.tjes.jus.br\/corregedoria\/wp-json\/wp\/v2\/posts\/26062\/revisions\/26351"}],"wp:attachment":[{"href":"https:\/\/www.tjes.jus.br\/corregedoria\/wp-json\/wp\/v2\/media?parent=26062"}],"wp:term":[{"taxonomy":"category","embeddable":true,"href":"https:\/\/www.tjes.jus.br\/corregedoria\/wp-json\/wp\/v2\/categories?post=26062"},{"taxonomy":"post_tag","embeddable":true,"href":"https:\/\/www.tjes.jus.br\/corregedoria\/wp-json\/wp\/v2\/tags?post=26062"}],"curies":[{"name":"wp","href":"https:\/\/api.w.org\/{rel}","templated":true}]}}