{"id":26116,"date":"2019-02-07T15:29:55","date_gmt":"2019-02-07T17:29:55","guid":{"rendered":"https:\/\/www.tjes.jus.br\/corregedoria\/?p=26116"},"modified":"2019-02-07T15:29:55","modified_gmt":"2019-02-07T17:29:55","slug":"circular-geral-de-vacancias-cmfe-n-o-010-2018-disp-07-02-2018","status":"publish","type":"post","link":"https:\/\/www.tjes.jus.br\/corregedoria\/2019\/02\/07\/circular-geral-de-vacancias-cmfe-n-o-010-2018-disp-07-02-2018\/","title":{"rendered":"CIRCULAR GERAL DE VAC\u00c2NCIAS CMFE N.\u00ba 010\/2018 &#8211; DISP. 07\/02\/2018"},"content":{"rendered":"<h1 style=\"text-align: center;\">CIAS CMFE N.\u00ba 010\/2018<\/h1>\n<p style=\"text-align: center;\" align=\"center\">ESTADO DO ESP\u00cdRITO SANTO<\/p>\n<p style=\"text-align: center;\" align=\"center\">Poder Judici\u00e1rio<\/p>\n<p style=\"text-align: center;\" align=\"center\">Corregedoria Geral da Justi\u00e7a<\/p>\n<p style=\"text-align: center;\" align=\"justify\"><strong>CIRCULAR GERAL DE VAC\u00c2NCIAS CMFE N.\u00ba 010\/2018<\/strong><\/p>\n<p style=\"text-align: center;\" align=\"justify\">(<i>Proc. CGJES n.\u00ba 201200854601<\/i>)<\/p>\n<p align=\"justify\">O Desembargador SAMUEL MEIRA BRASIL J\u00daNIOR, Corregedor- Geral da Justi\u00e7a do Estado do Esp\u00edrito Santo, no uso de suas atribui\u00e7\u00f5es e,<\/p>\n<p align=\"justify\"><strong>CONSIDERANDO<\/strong>\u00a0que a Corregedoria Geral da Justi\u00e7a \u00e9 \u00f3rg\u00e3o de fiscaliza\u00e7\u00e3o, disciplina e orienta\u00e7\u00e3o administrativa do foro extrajudicial, com circunscri\u00e7\u00e3o em todo o Estado, conforme art. 35 da Lei Complementar Estadual n.\u00ba 234\/2002 (COJES) c\/c art. 37 da Lei 9.835\/94 (LNR);<\/p>\n<p align=\"justify\"><strong>CONSIDERANDO\u00a0<\/strong>o disposto nos \u00a7 3\u00ba do art. 11 da Resolu\u00e7\u00e3o 80, \u00a7 2\u00ba do art. 2\u00ba da Resolu\u00e7\u00e3o n.\u00ba 81, ambas do Conselho Nacional de Justi\u00e7a; bem como na Ordem de Servi\u00e7o n.\u00ba 001\/2014 da Corregedoria Geral da Justi\u00e7a deste Estado.<\/p>\n<p align=\"justify\"><strong>RESOLVE:<\/strong><\/p>\n<p align=\"justify\"><strong>TORNAR P\u00daBLICA<\/strong>\u00a0a Rela\u00e7\u00e3o Geral de Vac\u00e2ncia das Delega\u00e7\u00f5es para a Atividade Notarial e de Registro do Estado do Esp\u00edrito Santo e que se encontram aptas a serem oferecidas em concurso p\u00fablico, respeitado o crit\u00e9rio de ingresso na rela\u00e7\u00e3o (provimento ou remo\u00e7\u00e3o), conforme Anexo I que acompanha a presente Circular, atualizado at\u00e906 de fevereiro de 2019.<\/p>\n<p align=\"justify\">Esclare\u00e7o que os Editais do Sorteio P\u00fablico para desempate da ordem de ingresso das serventias constantes do Grupo I, que integra o Anexo II que acompanha a presente Circular, ser\u00e3o publicados oportunamente.<\/p>\n<p align=\"justify\">A rela\u00e7\u00e3o geral de vac\u00e2ncias ser\u00e1 publicada no Di\u00e1rio da Justi\u00e7a Eletr\u00f4nico (e-Di\u00e1rio) pelo prazo de 05 (cinco) dias \u00fateis consecutivos, e poder\u00e1 ser impugnada no prazo de 15 (quinze) dias contados do encerramento da divulga\u00e7\u00e3o.<\/p>\n<p align=\"center\"><strong>Publique-se. Cumpra-se.<\/strong><\/p>\n<p style=\"text-align: center;\" align=\"center\">Vit\u00f3ria, 06 de fevereiro de 2019.<\/p>\n<p style=\"text-align: center;\" align=\"center\"><strong>Desembargador SAMUEL MEIRA BRASIL JUNIOR<\/strong><\/p>\n<p style=\"text-align: center;\"><strong>CORREGEDOR-GERAL DA JUSTI\u00c7A<\/strong><\/p>\n<p style=\"text-align: center;\"><strong><a href=\"https:\/\/sistemas.tjes.jus.br\/ediario\/images\/PROX_PUBL_RGV_010_ANEXO_I_-_PUBLICAR.pdf\" target=\"_blank\" rel=\"noopener\">ANEXO I &#8211; CLIQUE AQUI<\/a><\/strong><\/p>\n<p style=\"text-align: center;\"><strong><a href=\"https:\/\/sistemas.tjes.jus.br\/ediario\/images\/PROX_PUBL_RGV_010_ANEXO_II_-_PUBLICAR.pdf\" target=\"_blank\" rel=\"noopener\">ANEXO II &#8211; CLIQUE AQUI<\/a><\/strong><\/p>\n","protected":false},"excerpt":{"rendered":"<p>CIAS CMFE N.\u00ba 010\/2018 ESTADO DO ESP\u00cdRITO SANTO Poder Judici\u00e1rio Corregedoria Geral da Justi\u00e7a CIRCULAR GERAL DE VAC\u00c2NCIAS CMFE N.\u00ba 010\/2018 (Proc. CGJES n.\u00ba 201200854601) O Desembargador SAMUEL MEIRA BRASIL J\u00daNIOR, Corregedor- Geral da Justi\u00e7a do Estado do Esp\u00edrito Santo, no uso de suas atribui\u00e7\u00f5es e, CONSIDERANDO\u00a0que a Corregedoria Geral da Justi\u00e7a \u00e9 \u00f3rg\u00e3o de [&hellip;]<\/p>\n","protected":false},"author":9,"featured_media":0,"comment_status":"closed","ping_status":"closed","sticky":false,"template":"","format":"standard","meta":{"footnotes":""},"categories":[5],"tags":[],"_links":{"self":[{"href":"https:\/\/www.tjes.jus.br\/corregedoria\/wp-json\/wp\/v2\/posts\/26116"}],"collection":[{"href":"https:\/\/www.tjes.jus.br\/corregedoria\/wp-json\/wp\/v2\/posts"}],"about":[{"href":"https:\/\/www.tjes.jus.br\/corregedoria\/wp-json\/wp\/v2\/types\/post"}],"author":[{"embeddable":true,"href":"https:\/\/www.tjes.jus.br\/corregedoria\/wp-json\/wp\/v2\/users\/9"}],"replies":[{"embeddable":true,"href":"https:\/\/www.tjes.jus.br\/corregedoria\/wp-json\/wp\/v2\/comments?post=26116"}],"version-history":[{"count":1,"href":"https:\/\/www.tjes.jus.br\/corregedoria\/wp-json\/wp\/v2\/posts\/26116\/revisions"}],"predecessor-version":[{"id":26117,"href":"https:\/\/www.tjes.jus.br\/corregedoria\/wp-json\/wp\/v2\/posts\/26116\/revisions\/26117"}],"wp:attachment":[{"href":"https:\/\/www.tjes.jus.br\/corregedoria\/wp-json\/wp\/v2\/media?parent=26116"}],"wp:term":[{"taxonomy":"category","embeddable":true,"href":"https:\/\/www.tjes.jus.br\/corregedoria\/wp-json\/wp\/v2\/categories?post=26116"},{"taxonomy":"post_tag","embeddable":true,"href":"https:\/\/www.tjes.jus.br\/corregedoria\/wp-json\/wp\/v2\/tags?post=26116"}],"curies":[{"name":"wp","href":"https:\/\/api.w.org\/{rel}","templated":true}]}}