{"id":26137,"date":"2019-02-08T12:26:06","date_gmt":"2019-02-08T14:26:06","guid":{"rendered":"https:\/\/www.tjes.jus.br\/corregedoria\/?p=26137"},"modified":"2019-02-19T13:17:19","modified_gmt":"2019-02-19T16:17:19","slug":"ato-normativo-no-014-2019-disp-08-02-2019","status":"publish","type":"post","link":"https:\/\/www.tjes.jus.br\/corregedoria\/2019\/02\/08\/ato-normativo-no-014-2019-disp-08-02-2019\/","title":{"rendered":"ATO NORMATIVO N\u00ba 014 \/2019 &#8211; DISP. 08\/02\/2019 &#8211; REPUBLICADO"},"content":{"rendered":"<p style=\"text-align: center;\" align=\"center\"><strong>Estado do Esp\u00edrito Santo<\/strong><\/p>\n<p style=\"text-align: center;\" align=\"center\"><strong>PODER JUDICI\u00c1RIO<\/strong><\/p>\n<p style=\"text-align: center;\" align=\"center\"><strong>Tribunal de Justi\u00e7a<\/strong><\/p>\n<p style=\"text-align: center;\">\u00a0<strong>PRESID\u00caNCIA<\/strong><\/p>\n<p style=\"text-align: center;\" align=\"center\"><strong>ATO NORMATIVO N\u00ba 014 \/2019<\/strong><\/p>\n<p align=\"justify\">Disp\u00f5e sobre a organiza\u00e7\u00e3o dos Estacionamentos da Sede do Tribunal de Justi\u00e7a do Estado do Esp\u00edrito Santo.<\/p>\n<p align=\"justify\">O Excelent\u00edssimo Senhor Desembargador S\u00c9RGIO LUIZ TEIXEIRA GAMA, Presidente do Egr\u00e9gio Tribunal de Justi\u00e7a do Estado do Esp\u00edrito Santo no uso de suas atribui\u00e7\u00f5es legais, e<\/p>\n<p align=\"justify\"><strong>CONSIDERANDO<\/strong>\u00a0a limita\u00e7\u00e3o da quantidade de vagas de estacionamento do pr\u00e9dio do Tribunal de Justi\u00e7a do Estado do Esp\u00edrito Santo;<\/p>\n<p align=\"justify\"><strong>CONSIDERANDO<\/strong>\u00a0a necessidade de atualizar a regulamenta\u00e7\u00e3o de utiliza\u00e7\u00e3o das \u00e1reas de estacionamento e as reservas das vagas;<\/p>\n<p align=\"justify\"><strong>RESOLVE\u00a0<\/strong>ALTERAR O <a href=\"https:\/\/www.tjes.jus.br\/corregedoria\/2016\/06\/07\/ato-normativo-no-0462015-disp-26032015\/\" target=\"_blank\" rel=\"noopener\">ATO NORMATIVO N\u00ba 46\/2015<\/a>, PASSANDO A TER A SEGUINTE REDA\u00c7\u00c3O<strong>:<\/strong><\/p>\n<p align=\"justify\">Art. 1\u00ba. O acesso \u00e0s \u00e1reas de estacionamento do pr\u00e9dio sede do Tribunal de Justi\u00e7a dar-se-\u00e1 mediante autoriza\u00e7\u00e3o, conforme distribui\u00e7\u00e3o a seguir:<\/p>\n<p align=\"justify\">I &#8211; O acesso ao estacionamento privativo localizado na garagem interna do Tribunal de Justi\u00e7a \u00e9 restrito \u00e0:<\/p>\n<p align=\"justify\">\u2022 Presid\u00eancia (02 vagas);<\/p>\n<p align=\"justify\">\u2022 Vice-Presid\u00eancia (02 vagas);<\/p>\n<p align=\"justify\">\u2022 Secretaria Geral (01 vaga);<\/p>\n<p align=\"justify\">\u2022 Gabinete de Desembargadores (56 vagas)<\/p>\n<p align=\"justify\">II &#8211; Ante a impossibilidade de reparti\u00e7\u00e3o equ\u00e2nime, as cinquenta e seis vagas destinadas aos desembargadores do inciso anterior, ser\u00e3o distribu\u00eddas utilizando-se o crit\u00e9rio de antiguidade, sendo asseguradas:<\/p>\n<p align=\"justify\">a) duas vagas do mais antigo ao 26\u00ba;<\/p>\n<p align=\"justify\">b) uma vaga do 27\u00ba ao 30\u00ba.<\/p>\n<p align=\"justify\">II &#8211; Ter\u00e3o acesso ao estacionamento externo E-1, situado na lateral esquerda do Pal\u00e1cio da Justi\u00e7a (entrada pela Rua Professor Belmiro Siqueira):<\/p>\n<p align=\"justify\">Assessorias da Presid\u00eancia (01 vaga cada):<\/p>\n<p align=\"justify\">\u2022 Assessoria de Seguran\u00e7a Institucional;<\/p>\n<p align=\"justify\">\u2022 Assessoria Jur\u00eddica;<\/p>\n<p align=\"justify\">\u2022 Assessoria Especial;<\/p>\n<p align=\"justify\">\u2022 Assessoria de Cerimonial e Rela\u00e7\u00f5es P\u00fablicas;<\/p>\n<p align=\"justify\">\u2022 Assessoria de Planejamento, Or\u00e7amento e Gest\u00e3o Estrat\u00e9gica;<\/p>\n<p align=\"justify\">\u2022 Assessoria de Imprensa e Comunica\u00e7\u00e3o Social;<\/p>\n<p align=\"justify\">\u2022 Assessoria de Precat\u00f3rio;<\/p>\n<p align=\"justify\">\u2022 Assessoria Militar;<\/p>\n<p align=\"justify\">Secretarias de C\u00e2mara (01 vaga cada):<\/p>\n<p align=\"justify\">\u2022 Secretaria da 1\u00aa C\u00e2mara C\u00edvel;<\/p>\n<p align=\"justify\">\u2022 Secretaria da 2\u00aa C\u00e2mara C\u00edvel;<\/p>\n<p align=\"justify\">\u2022 Secretaria da 3\u00aa C\u00e2mara C\u00edvel;<\/p>\n<p align=\"justify\">\u2022 Secretaria da 4\u00aa C\u00e2mara C\u00edvel;<\/p>\n<p align=\"justify\">\u2022 Secretaria da 1\u00aa C\u00e2mara Criminal;<\/p>\n<p align=\"justify\">\u2022 Secretaria da 2\u00aa C\u00e2mara Criminal;<\/p>\n<p align=\"justify\">\u2022 Secretaria das C\u00e2maras Criminais Reunidas;<\/p>\n<p align=\"justify\">\u2022 Secretaria das C\u00e2maras C\u00edveis Reunidas;<\/p>\n<p align=\"justify\">\u2022 Secretaria do Pleno;<\/p>\n<p align=\"justify\">\u2022 Conselho da Magistratura;<\/p>\n<p align=\"justify\">Coordenadorias administrativas (01 vaga cada):<\/p>\n<p align=\"justify\">\u2022 Coordenadoria de Protocolo, Registro e Distribui\u00e7\u00e3o;<\/p>\n<p align=\"justify\">\u2022 Coordenadoria de Taquigrafia;<\/p>\n<p align=\"justify\">\u2022 Coordenadoria de Gest\u00e3o da Informa\u00e7\u00e3o Documental;<\/p>\n<p align=\"justify\">\u2022 Coordenadoria de Suprimento e Controle Patrimonial;<\/p>\n<p align=\"justify\">\u2022 Coordenadoria de Compras, Licita\u00e7\u00e3o e Contratos;<\/p>\n<p align=\"justify\">\u2022 Coordenadoria de Servi\u00e7os Gerais;<\/p>\n<p align=\"justify\">\u2022 Coordenadoria de Pagamento de Pessoal;<\/p>\n<p align=\"justify\">\u2022 Coordenadoria de Recursos Humanos;<\/p>\n<p align=\"justify\">\u2022 Coordenadoria de Servi\u00e7os Psicossociais;<\/p>\n<p align=\"justify\">\u2022 Coordenadoria de Contabilidade;<\/p>\n<p align=\"justify\">\u2022 Coordenadoria de Execu\u00e7\u00e3o Or\u00e7ament\u00e1ria e Financeira;<\/p>\n<p align=\"justify\">\u2022 Coordenadoria de Acompanhamento e Gest\u00e3o;<\/p>\n<p align=\"justify\">\u2022 Coordenadoria de Auditoria;<\/p>\n<p align=\"justify\">\u2022 Coordenadoria da inf\u00e2ncia e da Juventude;<\/p>\n<p align=\"justify\">\u2022 Coordenadoria dos Juizados Especiais C\u00edveis, Criminais e da Fazenda P\u00fablica;<\/p>\n<p align=\"justify\">\u2022 Coordenadoria Estadual da Mulher em Situa\u00e7\u00e3o de Viol\u00eancia Dom\u00e9stica e Familiar;<\/p>\n<p align=\"justify\">\u2022 Coordenadoria das Varas Criminais e de Execu\u00e7\u00f5es Penais;<\/p>\n<p align=\"justify\">Corregedoria Geral da Justi\u00e7a (01 vaga);<\/p>\n<p align=\"justify\">Autoridades de outros \u00d3rg\u00e3os\/Institui\u00e7\u00f5es em visita (04 vagas);<\/p>\n<p align=\"justify\">Ordem dos Advogados do Brasil em visita (01 vaga);<\/p>\n<p align=\"justify\">Defensoria P\u00fablica em visita (01 vaga);<\/p>\n<p align=\"justify\">Ju\u00edzes visitantes (08 vagas).<\/p>\n<p align=\"justify\">IV &#8211; Ter\u00e3o acesso ao estacionamento externo E-2, situado na lateral direita do Pal\u00e1cio da Justi\u00e7a (entrada pela Rua Desembargador Homero Mafra):<\/p>\n<p align=\"justify\">Secretarias Administrativas (01 vaga cada):<\/p>\n<p align=\"justify\">Secretaria de Controle Interno;<\/p>\n<p align=\"justify\">Secretaria Judici\u00e1ria;<\/p>\n<p align=\"justify\">Secretaria de Infraestrutura;<\/p>\n<p align=\"justify\">Secretaria de Gest\u00e3o de Pessoas;<\/p>\n<p align=\"justify\">Secretaria de Finan\u00e7as e Execu\u00e7\u00e3o Or\u00e7ament\u00e1ria;<\/p>\n<p align=\"justify\">Presid\u00eancia (04 vagas);<\/p>\n<p align=\"justify\">Vice-Presid\u00eancia (03 vagas);<\/p>\n<p align=\"justify\">Subsecretaria Geral (01 vaga);<\/p>\n<p align=\"justify\">Ju\u00edzes Assessores da Presid\u00eancia (02 vagas);<\/p>\n<p align=\"justify\">Gabinete de Desembargador (02 vagas por gabinete).<\/p>\n<p align=\"justify\">V &#8211; Ter\u00e3o acesso ao estacionamento externo E-3, situado em frente ao Corpo da Guarda:<\/p>\n<p align=\"justify\">Ve\u00edculos institucionais utilizados em opera\u00e7\u00f5es pela Assessoria de Seguran\u00e7a<\/p>\n<p align=\"justify\">Institucional e Assessoria Militar (02 vagas);<\/p>\n<p align=\"justify\">Viaturas da Assessoria Militar (02 vagas);<\/p>\n<p align=\"justify\">Mensageria (02 vagas);<\/p>\n<p align=\"justify\">Portador de Necessidades Especiais (01 vaga);<\/p>\n<p align=\"justify\">Se\u00e7\u00e3o de Transporte (02 vagas);<\/p>\n<p align=\"justify\">Ve\u00edculo institucional (01 vaga rotativa).<\/p>\n<p align=\"justify\">\u00a7 1\u00ba O acesso dos estacionamentos E-1 e E-2, exceto para as vagas destinadas a visitantes, se dar\u00e1 com a apresenta\u00e7\u00e3o de cart\u00e3o de estacionamento disponibilizado pela Assessoria de Seguran\u00e7a Institucional, mediante entrega pelo usu\u00e1rio de Formul\u00e1rio de Cadastramento (ANEXO I).<\/p>\n<p align=\"justify\">\u00a7 2\u00ba A n\u00e3o apresenta\u00e7\u00e3o do cart\u00e3o de estacionamento impossibilitar\u00e1 o acesso ao respectivo estacionamento.<\/p>\n<p align=\"justify\">\u00a7 3\u00ba Naqueles casos em que o usu\u00e1rio possuir mais de um ve\u00edculo e\/ou estiver utilizando o estacionamento em sistema de rod\u00edzio com outros usu\u00e1rios, \u00e9 obrigat\u00f3rio a apresenta\u00e7\u00e3o do cart\u00e3o de estacionamento disponibilizado pela Assessoria de Seguran\u00e7a Institucional.<\/p>\n<p align=\"justify\">Art. 3\u00ba. As vagas ser\u00e3o numeradas e suas localiza\u00e7\u00f5es ser\u00e3o definidas pela Assessoria de Seguran\u00e7a Institucional.<\/p>\n<p align=\"justify\">Art. 4\u00ba. As vias de circula\u00e7\u00e3o interna e os estacionamentos internos e externos do Tribunal est\u00e3o sob a responsabilidade da Assessoria de Seguran\u00e7a Institucional, e s\u00e3o regidos, no que couber, pelo C\u00f3digo de Tr\u00e2nsito Brasileiro, respondendo seus usu\u00e1rios pelos excessos e eventuais infra\u00e7\u00f5es cometidas, sem preju\u00edzo das san\u00e7\u00f5es cab\u00edveis.<\/p>\n<p align=\"justify\">Par\u00e1grafo \u00fanico. S\u00e3o vedados o pernoite, bem como a perman\u00eancia de qualquer ve\u00edculo particular nos estacionamentos internos e externos deste Tribunal, fora do hor\u00e1rio de expediente, salvo servidores em regime de plant\u00e3o, em viagem pelo Poder Judici\u00e1rio, ou outras situa\u00e7\u00f5es excepcionais, esta \u00faltima, com a devida autoriza\u00e7\u00e3o da Assessoria de Seguran\u00e7a Institucional.<\/p>\n<p align=\"justify\">Art.5\u00ba. A inobserv\u00e2ncia das disposi\u00e7\u00f5es deste ato e o mau uso do cart\u00e3o de estacionamento implicar\u00e3o no seu cancelamento e recolhimento, sem preju\u00edzo das san\u00e7\u00f5es cab\u00edveis.<\/p>\n<p align=\"justify\">Art.6\u00ba. Os casos omissos ser\u00e3o resolvidos pela Assessoria de Seguran\u00e7a Institucional, atrav\u00e9s dos seguintes contatos: (27) 3334-2768 \/ 3334-2769 ou\u00a0<a href=\"mailto:asi@tjes.jus.br.\">asi@tjes.jus.br.<\/a><\/p>\n<p align=\"justify\">Art.7\u00ba. Este ato entra em vigor na data de sua publica\u00e7\u00e3o, ficando revogadas as disposi\u00e7\u00f5es em contr\u00e1rio.<\/p>\n<p align=\"justify\">PUBLIQUE-SE.<\/p>\n<p align=\"justify\">Vit\u00f3ria-ES, 07 de fevereiro de 2019.<\/p>\n<p align=\"center\"><strong>Desembargador S\u00c9RGIO LU\u00cdZ TEIXEIRA GAMA<\/strong><\/p>\n<p align=\"center\"><strong>PRESIDENTE<\/strong><\/p>\n<p align=\"center\"><strong><a href=\"https:\/\/sistemas.tjes.jus.br\/ediario\/images\/ANEXO_-_I_Formulario_de_solicitacao.pdf\" target=\"_blank\" rel=\"noopener\">ANEXO &#8211; CLIQUE AQUI<\/a><\/strong><\/p>\n","protected":false},"excerpt":{"rendered":"<p>Estado do Esp\u00edrito Santo PODER JUDICI\u00c1RIO Tribunal de Justi\u00e7a \u00a0PRESID\u00caNCIA ATO NORMATIVO N\u00ba 014 \/2019 Disp\u00f5e sobre a organiza\u00e7\u00e3o dos Estacionamentos da Sede do Tribunal de Justi\u00e7a do Estado do Esp\u00edrito Santo. O Excelent\u00edssimo Senhor Desembargador S\u00c9RGIO LUIZ TEIXEIRA GAMA, Presidente do Egr\u00e9gio Tribunal de Justi\u00e7a do Estado do Esp\u00edrito Santo no uso de suas [&hellip;]<\/p>\n","protected":false},"author":9,"featured_media":0,"comment_status":"closed","ping_status":"closed","sticky":false,"template":"","format":"standard","meta":{"footnotes":""},"categories":[4],"tags":[],"_links":{"self":[{"href":"https:\/\/www.tjes.jus.br\/corregedoria\/wp-json\/wp\/v2\/posts\/26137"}],"collection":[{"href":"https:\/\/www.tjes.jus.br\/corregedoria\/wp-json\/wp\/v2\/posts"}],"about":[{"href":"https:\/\/www.tjes.jus.br\/corregedoria\/wp-json\/wp\/v2\/types\/post"}],"author":[{"embeddable":true,"href":"https:\/\/www.tjes.jus.br\/corregedoria\/wp-json\/wp\/v2\/users\/9"}],"replies":[{"embeddable":true,"href":"https:\/\/www.tjes.jus.br\/corregedoria\/wp-json\/wp\/v2\/comments?post=26137"}],"version-history":[{"count":2,"href":"https:\/\/www.tjes.jus.br\/corregedoria\/wp-json\/wp\/v2\/posts\/26137\/revisions"}],"predecessor-version":[{"id":26300,"href":"https:\/\/www.tjes.jus.br\/corregedoria\/wp-json\/wp\/v2\/posts\/26137\/revisions\/26300"}],"wp:attachment":[{"href":"https:\/\/www.tjes.jus.br\/corregedoria\/wp-json\/wp\/v2\/media?parent=26137"}],"wp:term":[{"taxonomy":"category","embeddable":true,"href":"https:\/\/www.tjes.jus.br\/corregedoria\/wp-json\/wp\/v2\/categories?post=26137"},{"taxonomy":"post_tag","embeddable":true,"href":"https:\/\/www.tjes.jus.br\/corregedoria\/wp-json\/wp\/v2\/tags?post=26137"}],"curies":[{"name":"wp","href":"https:\/\/api.w.org\/{rel}","templated":true}]}}