{"id":2621,"date":"2016-06-21T15:44:57","date_gmt":"2016-06-21T18:44:57","guid":{"rendered":"https:\/\/www.tjes.jus.br\/corregedoria\/?p=2621"},"modified":"2016-06-21T15:44:57","modified_gmt":"2016-06-21T18:44:57","slug":"ato-normativo-no-1972013-disp-27122013","status":"publish","type":"post","link":"https:\/\/www.tjes.jus.br\/corregedoria\/2016\/06\/21\/ato-normativo-no-1972013-disp-27122013\/","title":{"rendered":"ATO NORMATIVO N\u00ba 197\/2013 &#8211; DISP. 27\/12\/2013"},"content":{"rendered":"<p align=\"CENTER\">ESTADO DO ESP\u00cdRITO SANTO<\/p>\n<p align=\"CENTER\">PODER JUDICI\u00c1RIO<\/p>\n<p align=\"CENTER\"><strong>TRIBUNAL DE JUSTI\u00c7A<\/strong><\/p>\n<p align=\"CENTER\">\n<p align=\"CENTER\"><strong>ATO NORMATIVO N\u00ba 197\/2013<\/strong><\/p>\n<p align=\"CENTER\">\n<p align=\"JUSTIFY\">O Excelent\u00edssimo Senhor Desembargador S\u00e9rgio Bizzotto Pessoa de Mendon\u00e7a, Presidente do Egr\u00e9gio Tribunal de Justi\u00e7a do Estado do Esp\u00edrito Santo, no uso de suas atribui\u00e7\u00f5es legais, e<\/p>\n<p align=\"JUSTIFY\">\n<p align=\"JUSTIFY\"><strong>CONSIDERANDO<\/strong>\u00a0contato mantido pelo Exmo. Sr. Dr. Edmilson Rosindo Filho, MM Juiz de Direito Diretor do Foro da Comarca de Barra de S\u00e3o Francisco relatando transtornos causados pelas fortes chuvas que cairam sobre o Estado nos \u00faltimos dias causando transbordamento de rios em v\u00e1rios munic\u00edpios, dentre eles o de Barra de S\u00e3o Francisco ;<\/p>\n<p align=\"JUSTIFY\">\n<p align=\"JUSTIFY\"><strong>CONSIDERANDO<\/strong>\u00a0o disposto no Art. 58 da Resolu\u00e7\u00e3o n\u00ba 15\/95 &#8211; Regimento Interno do Tribunal de Justi\u00e7a do Estado do Esp\u00edrito Santo, que atribui ao Presidente compet\u00eancia geral para exercer a superintend\u00eancia de todo o servi\u00e7o judici\u00e1rio, na qualidade de Chefe da Magistratura do Estado;<\/p>\n<p align=\"JUSTIFY\">\n<p align=\"JUSTIFY\"><strong>RESOLVE<\/strong>:<\/p>\n<p align=\"JUSTIFY\">\n<p align=\"JUSTIFY\"><strong>DETERMINAR<\/strong>\u00a0a prorroga\u00e7\u00e3o do fechamento do F\u00f3rum da Comarca de Barra de S\u00e3o Francisco, at\u00e9 o dia 30 de dezembro de 2013, pelas raz\u00f5es expostas acima, esclarecendo, ainda, que o plant\u00e3o judici\u00e1rio da 2\u00aa Vara Criminal da referida Comarca a ser realizado no dia 30 de dezembro de 2013 ser\u00e1 realizado na Comarca de \u00c1gua Doce do Norte.<\/p>\n<p align=\"JUSTIFY\">\n<p align=\"JUSTIFY\">Publique-se.<\/p>\n<p style=\"text-align: center;\" align=\"JUSTIFY\">Vit\u00f3ria, 26 de dezembro de 2013.<\/p>\n<p style=\"text-align: center;\" align=\"JUSTIFY\">\n<p style=\"text-align: center;\" align=\"JUSTIFY\">Desembargador<strong>\u00a0S\u00e9rgio Bizzotto Pessoa de Mendon\u00e7a<\/strong><\/p>\n<p style=\"text-align: center;\" align=\"JUSTIFY\"><strong>Presidente<\/strong><\/p>\n","protected":false},"excerpt":{"rendered":"<p>ESTADO DO ESP\u00cdRITO SANTO PODER JUDICI\u00c1RIO TRIBUNAL DE JUSTI\u00c7A ATO NORMATIVO N\u00ba 197\/2013 O Excelent\u00edssimo Senhor Desembargador S\u00e9rgio Bizzotto Pessoa de Mendon\u00e7a, Presidente do Egr\u00e9gio Tribunal de Justi\u00e7a do Estado do Esp\u00edrito Santo, no uso de suas atribui\u00e7\u00f5es legais, e CONSIDERANDO\u00a0contato mantido pelo Exmo. Sr. Dr. Edmilson Rosindo Filho, MM Juiz de Direito Diretor do [&hellip;]<\/p>\n","protected":false},"author":1,"featured_media":0,"comment_status":"open","ping_status":"open","sticky":false,"template":"","format":"standard","meta":{"footnotes":""},"categories":[4,14],"tags":[],"_links":{"self":[{"href":"https:\/\/www.tjes.jus.br\/corregedoria\/wp-json\/wp\/v2\/posts\/2621"}],"collection":[{"href":"https:\/\/www.tjes.jus.br\/corregedoria\/wp-json\/wp\/v2\/posts"}],"about":[{"href":"https:\/\/www.tjes.jus.br\/corregedoria\/wp-json\/wp\/v2\/types\/post"}],"author":[{"embeddable":true,"href":"https:\/\/www.tjes.jus.br\/corregedoria\/wp-json\/wp\/v2\/users\/1"}],"replies":[{"embeddable":true,"href":"https:\/\/www.tjes.jus.br\/corregedoria\/wp-json\/wp\/v2\/comments?post=2621"}],"version-history":[{"count":1,"href":"https:\/\/www.tjes.jus.br\/corregedoria\/wp-json\/wp\/v2\/posts\/2621\/revisions"}],"predecessor-version":[{"id":2622,"href":"https:\/\/www.tjes.jus.br\/corregedoria\/wp-json\/wp\/v2\/posts\/2621\/revisions\/2622"}],"wp:attachment":[{"href":"https:\/\/www.tjes.jus.br\/corregedoria\/wp-json\/wp\/v2\/media?parent=2621"}],"wp:term":[{"taxonomy":"category","embeddable":true,"href":"https:\/\/www.tjes.jus.br\/corregedoria\/wp-json\/wp\/v2\/categories?post=2621"},{"taxonomy":"post_tag","embeddable":true,"href":"https:\/\/www.tjes.jus.br\/corregedoria\/wp-json\/wp\/v2\/tags?post=2621"}],"curies":[{"name":"wp","href":"https:\/\/api.w.org\/{rel}","templated":true}]}}