{"id":26248,"date":"2019-02-12T12:46:21","date_gmt":"2019-02-12T14:46:21","guid":{"rendered":"https:\/\/www.tjes.jus.br\/corregedoria\/?p=26248"},"modified":"2019-02-12T12:46:21","modified_gmt":"2019-02-12T14:46:21","slug":"ato-normativo-no-015-2019-disp-12-02-2019","status":"publish","type":"post","link":"https:\/\/www.tjes.jus.br\/corregedoria\/2019\/02\/12\/ato-normativo-no-015-2019-disp-12-02-2019\/","title":{"rendered":"ATO NORMATIVO N\u00ba 015\/ 2019 &#8211; DISP. 12\/02\/2019"},"content":{"rendered":"<div class=\"override-text\" align=\"center\">ESTADO DO ESP\u00cdRITO SANTO<\/div>\n<div class=\"override-text\" align=\"center\">PODER JUDICI\u00c1RIO<\/div>\n<div class=\"override-text\" align=\"center\">TRIBUNAL DE JUSTI\u00c7A<\/div>\n<div class=\"override-text\" align=\"center\">GABINETE DA PRESID\u00caNCIA<\/div>\n<div class=\"override-text\" align=\"center\">\n<p align=\"center\">ATO NORMATIVO N\u00ba 015\/ 2019<\/p>\n<p align=\"justify\">Suspende o atendimento ao p\u00fablico e os prazos processuais na 9\u00aa Vara Criminal de Vit\u00f3ria.<\/p>\n<p align=\"justify\">O Excelent\u00edssimo Senhor Desembargador SERGIO LUIZ TEIXEIRA GAMA, Presidente do Egr\u00e9gio Tribunal de Justi\u00e7a do Estado do Esp\u00edrito Santo, no uso de suas atribui\u00e7\u00f5es legais e,<\/p>\n<p align=\"justify\">CONSIDERANDO o teor do Of\u00edcio n\u00ba 015-DMF\/2018, da lavra do Exmo. Juiz Auxiliar da Presid\u00eancia do Conselho Nacional de Justi\u00e7a e Coordenador do Departamento de Monitoramento e Fiscaliza\u00e7\u00e3o do Sistema Carcer\u00e1rio, informando a implanta\u00e7\u00e3o do SEEU no \u00e2mbito do Poder Judici\u00e1rio do Esp\u00edrito Santo no per\u00edodo de 26\/11 a 18\/12 de 2018;<\/p>\n<p align=\"justify\">CONSIDERANDO o teor do Atos Normativos n\u00ba <a href=\"https:\/\/www.tjes.jus.br\/corregedoria\/2018\/11\/23\/ato-normativo-no-216-2018-disp-23-11-2018\/\" target=\"_blank\" rel=\"noopener\">216\/2018<\/a> e <a href=\"https:\/\/www.tjes.jus.br\/corregedoria\/2018\/12\/17\/ato-normativo-no-244-2018-disp-17-12-2018\/\" target=\"_blank\" rel=\"noopener\">244\/2018<\/a>, que instituiu e prorrogou, respectivamente, a \u201cFor\u00e7a Tarefa\u201d para o cadastramento das Guias de Execu\u00e7\u00e3o Penal do Estado do Esp\u00edrito Santo no SEEU;<\/p>\n<p align=\"justify\">CONSIDERANDO a necessidade de adapta\u00e7\u00e3o do cronograma de atividades em virtude do avan\u00e7o dos trabalhos desenvolvidos pela \u201cFor\u00e7a Tarefa\u201d at\u00e9 a data de 01\/01\/2019 e a atual necessidade de organiza\u00e7\u00e3o da 9\u00aa Vara Criminal de Vit\u00f3ria ap\u00f3s o fim do cadastramento dos processos no SEEU;<\/p>\n<p>RESOLVE:<\/p>\n<p align=\"justify\">Art. 1\u00ba. Ficam suspensos o atendimento ao p\u00fablico e os prazos processuais na 9\u00aa Vara Criminal de Vit\u00f3ria no per\u00edodo de 11 a 15\/02\/2019, com o objetivo de organizar a unidade ap\u00f3s o fim do cadastramento dos processos no Sistema Eletr\u00f4nico de Execu\u00e7\u00e3o Unificado \u2013 SEEU, mantendo-se, contudo, a realiza\u00e7\u00e3o de audi\u00eancias e a aprecia\u00e7\u00e3o de medidas urgentes.<\/p>\n<p align=\"justify\">Art. 2\u00ba. Este Ato Normativo entra em vigor na data de sua publica\u00e7\u00e3o.<\/p>\n<p align=\"left\">Publique-se.<\/p>\n<p align=\"center\">Vit\u00f3ria\/ES, 11 de fevereiro de 2019.<\/p>\n<p align=\"center\">Des. SERGIO LUIZ TEIXEIRA GAMA<\/p>\n<p align=\"center\">Presidente<\/p>\n<\/div>\n","protected":false},"excerpt":{"rendered":"<p>ESTADO DO ESP\u00cdRITO SANTO PODER JUDICI\u00c1RIO TRIBUNAL DE JUSTI\u00c7A GABINETE DA PRESID\u00caNCIA ATO NORMATIVO N\u00ba 015\/ 2019 Suspende o atendimento ao p\u00fablico e os prazos processuais na 9\u00aa Vara Criminal de Vit\u00f3ria. O Excelent\u00edssimo Senhor Desembargador SERGIO LUIZ TEIXEIRA GAMA, Presidente do Egr\u00e9gio Tribunal de Justi\u00e7a do Estado do Esp\u00edrito Santo, no uso de suas [&hellip;]<\/p>\n","protected":false},"author":9,"featured_media":0,"comment_status":"closed","ping_status":"closed","sticky":false,"template":"","format":"standard","meta":{"footnotes":""},"categories":[4],"tags":[],"_links":{"self":[{"href":"https:\/\/www.tjes.jus.br\/corregedoria\/wp-json\/wp\/v2\/posts\/26248"}],"collection":[{"href":"https:\/\/www.tjes.jus.br\/corregedoria\/wp-json\/wp\/v2\/posts"}],"about":[{"href":"https:\/\/www.tjes.jus.br\/corregedoria\/wp-json\/wp\/v2\/types\/post"}],"author":[{"embeddable":true,"href":"https:\/\/www.tjes.jus.br\/corregedoria\/wp-json\/wp\/v2\/users\/9"}],"replies":[{"embeddable":true,"href":"https:\/\/www.tjes.jus.br\/corregedoria\/wp-json\/wp\/v2\/comments?post=26248"}],"version-history":[{"count":1,"href":"https:\/\/www.tjes.jus.br\/corregedoria\/wp-json\/wp\/v2\/posts\/26248\/revisions"}],"predecessor-version":[{"id":26249,"href":"https:\/\/www.tjes.jus.br\/corregedoria\/wp-json\/wp\/v2\/posts\/26248\/revisions\/26249"}],"wp:attachment":[{"href":"https:\/\/www.tjes.jus.br\/corregedoria\/wp-json\/wp\/v2\/media?parent=26248"}],"wp:term":[{"taxonomy":"category","embeddable":true,"href":"https:\/\/www.tjes.jus.br\/corregedoria\/wp-json\/wp\/v2\/categories?post=26248"},{"taxonomy":"post_tag","embeddable":true,"href":"https:\/\/www.tjes.jus.br\/corregedoria\/wp-json\/wp\/v2\/tags?post=26248"}],"curies":[{"name":"wp","href":"https:\/\/api.w.org\/{rel}","templated":true}]}}