{"id":2627,"date":"2016-06-21T15:53:53","date_gmt":"2016-06-21T18:53:53","guid":{"rendered":"https:\/\/www.tjes.jus.br\/corregedoria\/?p=2627"},"modified":"2016-06-21T15:53:53","modified_gmt":"2016-06-21T18:53:53","slug":"ato-normativo-no-1942013-disp-23122013","status":"publish","type":"post","link":"https:\/\/www.tjes.jus.br\/corregedoria\/2016\/06\/21\/ato-normativo-no-1942013-disp-23122013\/","title":{"rendered":"ATO NORMATIVO N\u00ba 194\/2013 &#8211; DISP. 23\/12\/2013"},"content":{"rendered":"<p align=\"CENTER\">ESTADO DO ESP\u00cdRITO SANTO<\/p>\n<p align=\"CENTER\">PODER JUDICI\u00c1RIO<\/p>\n<p align=\"CENTER\"><strong>TRIBUNAL DE JUSTI\u00c7A<\/strong><\/p>\n<p align=\"CENTER\"><i>Gabinete da Presid\u00eancia<\/i><\/p>\n<p align=\"CENTER\">\n<p align=\"CENTER\"><strong>ATO NORMATIVO N\u00ba 194\/2013<\/strong><\/p>\n<p align=\"CENTER\">\n<p align=\"JUSTIFY\">O\u00a0<strong>PRESIDENTE DO EGR\u00c9GIO TRIBUNAL DE JUSTI\u00c7A DO ESTADO DO ESP\u00cdRITO SANTO, Desembargador Pedro Valls Feu Rosa<\/strong>, no uso de suas atribui\u00e7\u00f5es legais e regimentais,<\/p>\n<p align=\"JUSTIFY\">\n<p align=\"JUSTIFY\"><strong>CONSIDERANDO\u00a0<\/strong>as fortes chuvas concentradas sobre a Comarca de Rio Bananal, que ocasionaram transbordamento dos rios, inundando ruas e estradas que d\u00e3o acesso \u00e0 referida Comarca;<\/p>\n<p align=\"JUSTIFY\">\n<p align=\"JUSTIFY\"><strong>CONSIDERANDO<\/strong>\u00a0o expediente protocolizado sob o n\u00ba 2013.01.697.870, da lavra do Exmo. Juiz de Direito Diretor do Foro da Comarca de Rio Bananal, Dr. Carlos Magno Telles;<\/p>\n<p align=\"JUSTIFY\">\n<p align=\"JUSTIFY\"><strong>CONSIDERANDO<\/strong>\u00a0o disposto no Art. 58 da Resolu\u00e7\u00e3o n\u00ba 15\/95 &#8211; Regimento Interno do Tribunal de Justi\u00e7a do Estado do Esp\u00edrito Santo, que atribui ao Presidente compet\u00eancia geral para exercer a superintend\u00eancia de todo o servi\u00e7o judici\u00e1rio, na qualidade de Chefe da Magistratura do Estado;<\/p>\n<p align=\"JUSTIFY\">\n<p align=\"JUSTIFY\"><strong>RESOLVE<\/strong>:<\/p>\n<p align=\"JUSTIFY\">\n<p align=\"JUSTIFY\"><strong>DETERMINAR\u00a0<\/strong>o fechamento do F\u00f3rum da Comarca de Rio Bananal, nesta data (19 de dezembro de 2013), e via de consequ\u00eancia a suspens\u00e3o dos prazos processuais, pelas raz\u00f5es acima expostas.<\/p>\n<p align=\"JUSTIFY\">\n<p align=\"JUSTIFY\">Publique-se.<\/p>\n<p style=\"text-align: center;\" align=\"JUSTIFY\">Vit\u00f3ria, 19 de dezembro de 2013.<\/p>\n<p style=\"text-align: center;\" align=\"JUSTIFY\">\n<p style=\"text-align: center;\" align=\"JUSTIFY\">Desembargador<strong>\u00a0PEDRO VALLS FEU ROSA<\/strong><\/p>\n<p style=\"text-align: center;\" align=\"JUSTIFY\"><strong>Presidente<\/strong><\/p>\n","protected":false},"excerpt":{"rendered":"<p>ESTADO DO ESP\u00cdRITO SANTO PODER JUDICI\u00c1RIO TRIBUNAL DE JUSTI\u00c7A Gabinete da Presid\u00eancia ATO NORMATIVO N\u00ba 194\/2013 O\u00a0PRESIDENTE DO EGR\u00c9GIO TRIBUNAL DE JUSTI\u00c7A DO ESTADO DO ESP\u00cdRITO SANTO, Desembargador Pedro Valls Feu Rosa, no uso de suas atribui\u00e7\u00f5es legais e regimentais, CONSIDERANDO\u00a0as fortes chuvas concentradas sobre a Comarca de Rio Bananal, que ocasionaram transbordamento dos rios, [&hellip;]<\/p>\n","protected":false},"author":1,"featured_media":0,"comment_status":"open","ping_status":"open","sticky":false,"template":"","format":"standard","meta":{"footnotes":""},"categories":[4,14],"tags":[],"_links":{"self":[{"href":"https:\/\/www.tjes.jus.br\/corregedoria\/wp-json\/wp\/v2\/posts\/2627"}],"collection":[{"href":"https:\/\/www.tjes.jus.br\/corregedoria\/wp-json\/wp\/v2\/posts"}],"about":[{"href":"https:\/\/www.tjes.jus.br\/corregedoria\/wp-json\/wp\/v2\/types\/post"}],"author":[{"embeddable":true,"href":"https:\/\/www.tjes.jus.br\/corregedoria\/wp-json\/wp\/v2\/users\/1"}],"replies":[{"embeddable":true,"href":"https:\/\/www.tjes.jus.br\/corregedoria\/wp-json\/wp\/v2\/comments?post=2627"}],"version-history":[{"count":1,"href":"https:\/\/www.tjes.jus.br\/corregedoria\/wp-json\/wp\/v2\/posts\/2627\/revisions"}],"predecessor-version":[{"id":2628,"href":"https:\/\/www.tjes.jus.br\/corregedoria\/wp-json\/wp\/v2\/posts\/2627\/revisions\/2628"}],"wp:attachment":[{"href":"https:\/\/www.tjes.jus.br\/corregedoria\/wp-json\/wp\/v2\/media?parent=2627"}],"wp:term":[{"taxonomy":"category","embeddable":true,"href":"https:\/\/www.tjes.jus.br\/corregedoria\/wp-json\/wp\/v2\/categories?post=2627"},{"taxonomy":"post_tag","embeddable":true,"href":"https:\/\/www.tjes.jus.br\/corregedoria\/wp-json\/wp\/v2\/tags?post=2627"}],"curies":[{"name":"wp","href":"https:\/\/api.w.org\/{rel}","templated":true}]}}