{"id":26273,"date":"2019-02-18T11:23:46","date_gmt":"2019-02-18T14:23:46","guid":{"rendered":"https:\/\/www.tjes.jus.br\/corregedoria\/?p=26273"},"modified":"2019-02-18T11:23:46","modified_gmt":"2019-02-18T14:23:46","slug":"oficio-circular-no-266-2019-disp-18-02-2019","status":"publish","type":"post","link":"https:\/\/www.tjes.jus.br\/corregedoria\/2019\/02\/18\/oficio-circular-no-266-2019-disp-18-02-2019\/","title":{"rendered":"OF\u00cdCIO CIRCULAR N\u00ba 266\/2019 \u2013 DISP. 18\/02\/2019"},"content":{"rendered":"<p align=\"center\"><span lang=\"pt-BR\">ESTADO DO ESP\u00cdRITO SANTO<\/span><\/p>\n<p align=\"center\"><span lang=\"pt-BR\">PODER JUDICI\u00c1RIO<\/span><\/p>\n<p align=\"center\"><span lang=\"pt-BR\"><strong>CORREGEDORIA GERAL DA JUSTI\u00c7A<\/strong><\/span><\/p>\n<p align=\"center\">\n<p align=\"center\"><span lang=\"pt-BR\"><strong>OF\u00cdCIO CIRCULAR CGJ\/ES N.\u00ba 266 \/2019<\/strong><\/span><\/p>\n<p align=\"justify\">\n<p align=\"justify\"><span lang=\"pt-BR\">O Exmo. Sr. Desembargador Corregedor-Geral da Justi\u00e7a do Estado do Esp\u00edrito Santo, Desembargador SAMUEL MEIRA BRASIL JR. no uso de suas atribui\u00e7\u00f5es legais e:<\/span><\/p>\n<p align=\"justify\">\n<p align=\"justify\"><span lang=\"pt-BR\"><strong>CONSIDERANDO<\/strong><\/span><span lang=\"pt-BR\">\u00a0que a Corregedoria Geral da Justi\u00e7a \u00e9 \u00f3rg\u00e3o de fiscaliza\u00e7\u00e3o, disciplina e orienta\u00e7\u00e3o administrativa do foro judicial e extrajudicial, com jurisdi\u00e7\u00e3o em todo o Estado, conforme artigo 35 da Lei Complementar Estadual n.\u00ba 234\/2002 (COJES);<\/span><\/p>\n<p align=\"justify\">\n<p align=\"justify\"><span lang=\"pt-BR\"><strong>CONSIDERANDO<\/strong><\/span><span lang=\"pt-BR\">\u00a0a publica\u00e7\u00e3o do Ato n\u00ba 86\/2019, DJES 7.2.2019, pelo Exmo. Sr. Presidente do Tribunal de Justi\u00e7a do Esp\u00edrito Santo, com a outorga das delega\u00e7\u00f5es escolhidas pelos candidatos aprovados no Concurso P\u00fablico para Delegat\u00e1rios de Serventias Extrajudiciais de Notas e de Registro do Edital n\u00ba 01\/2013;<\/span><\/p>\n<p align=\"justify\">\n<p align=\"justify\"><span lang=\"pt-BR\"><strong>CONSIDERANDO<\/strong><\/span><span lang=\"pt-BR\">\u00a0o in\u00edcio das investiduras dos respectivos candidatos aprovados perante este Corregedor Geral da Justi\u00e7a, nos termos do item 16.13 do Edital n\u00ba 01\/2013;<\/span><\/p>\n<p align=\"justify\">\n<p align=\"justify\"><span lang=\"pt-BR\"><strong>CONSIDERANDO\u00a0<\/strong><\/span><span lang=\"pt-BR\">a exig\u00eancia de<\/span><span lang=\"pt-BR\">inacumulabilidade da atividade notarial e de registro com o exerc\u00edcio de outra delega\u00e7\u00e3o extrajudicial neste ou em outro Estado da Federa\u00e7\u00e3o, assim como de incompatibilidade com o exerc\u00edcio da advocacia ou qualquer emprego ou fun\u00e7\u00e3o p\u00fablica, nos termos do art. 25, da Lei n\u00ba 8.935\/94;<\/span><\/p>\n<p align=\"justify\">\n<p align=\"justify\"><span lang=\"pt-BR\"><strong>CONSIDERANDO\u00a0<\/strong><\/span><span lang=\"pt-BR\">o disposto no item 16.14 do Edital n\u00ba 01\/2013 do respectivo concurso, segundo o qual o exerc\u00edcio da atividade notarial ou de registro ser\u00e1 feita perante o Juiz de Direito com compet\u00eancia em Registros P\u00fablicos da Comarca ou do Ju\u00edzo onde estiver localizado o servi\u00e7o;<\/span><\/p>\n<p align=\"justify\">\n<p align=\"justify\"><span lang=\"pt-BR\"><strong>RESOLVE:<\/strong><\/span><\/p>\n<p align=\"justify\">\n<p style=\"text-align: justify;\" align=\"justify\"><span lang=\"pt-BR\"><strong>RECOMENDAR<\/strong><\/span><span lang=\"pt-BR\">\u00a0aos Magistrados com compet\u00eancia em Registros P\u00fablicos de todo o Estado que observem o disposto no art. 25, da Lei n\u00ba 8.935\/94, no sentido de exigir do candidato a apresenta\u00e7\u00e3o de declara\u00e7\u00e3o de que n\u00e3o desempenha fun\u00e7\u00e3o incompat\u00edvel com o exerc\u00edcio da atividade notarial e de registro, bem como fazer prova do desligamento de eventual atividade anterior, nos termos do item 16.14.1, do Edital n\u00ba 01\/2013 do concurso de delegat\u00e1rios.<\/span><\/p>\n<p align=\"justify\">\n<p align=\"justify\"><span lang=\"pt-BR\"><strong>Publique-se.<\/strong><\/span><\/p>\n<p align=\"justify\">\n<p align=\"justify\"><span lang=\"pt-BR\">Vit\u00f3ria-ES, 13 de fevereiro de 2019.<\/span><\/p>\n<p align=\"center\">\n<p align=\"center\">\n<p align=\"center\"><span lang=\"pt-BR\"><strong>Desembargador SAMUEL MEIRA BRASIL JR.<\/strong><\/span><\/p>\n<p align=\"center\"><span lang=\"pt-BR\"><strong>Corregedor Geral da Justi\u00e7a<\/strong><\/span><\/p>\n","protected":false},"excerpt":{"rendered":"<p>ESTADO DO ESP\u00cdRITO SANTO PODER JUDICI\u00c1RIO CORREGEDORIA GERAL DA JUSTI\u00c7A OF\u00cdCIO CIRCULAR CGJ\/ES N.\u00ba 266 \/2019 O Exmo. Sr. Desembargador Corregedor-Geral da Justi\u00e7a do Estado do Esp\u00edrito Santo, Desembargador SAMUEL MEIRA BRASIL JR. no uso de suas atribui\u00e7\u00f5es legais e: CONSIDERANDO\u00a0que a Corregedoria Geral da Justi\u00e7a \u00e9 \u00f3rg\u00e3o de fiscaliza\u00e7\u00e3o, disciplina e orienta\u00e7\u00e3o administrativa do [&hellip;]<\/p>\n","protected":false},"author":8,"featured_media":0,"comment_status":"closed","ping_status":"closed","sticky":false,"template":"","format":"standard","meta":{"footnotes":""},"categories":[14,5],"tags":[],"_links":{"self":[{"href":"https:\/\/www.tjes.jus.br\/corregedoria\/wp-json\/wp\/v2\/posts\/26273"}],"collection":[{"href":"https:\/\/www.tjes.jus.br\/corregedoria\/wp-json\/wp\/v2\/posts"}],"about":[{"href":"https:\/\/www.tjes.jus.br\/corregedoria\/wp-json\/wp\/v2\/types\/post"}],"author":[{"embeddable":true,"href":"https:\/\/www.tjes.jus.br\/corregedoria\/wp-json\/wp\/v2\/users\/8"}],"replies":[{"embeddable":true,"href":"https:\/\/www.tjes.jus.br\/corregedoria\/wp-json\/wp\/v2\/comments?post=26273"}],"version-history":[{"count":1,"href":"https:\/\/www.tjes.jus.br\/corregedoria\/wp-json\/wp\/v2\/posts\/26273\/revisions"}],"predecessor-version":[{"id":26274,"href":"https:\/\/www.tjes.jus.br\/corregedoria\/wp-json\/wp\/v2\/posts\/26273\/revisions\/26274"}],"wp:attachment":[{"href":"https:\/\/www.tjes.jus.br\/corregedoria\/wp-json\/wp\/v2\/media?parent=26273"}],"wp:term":[{"taxonomy":"category","embeddable":true,"href":"https:\/\/www.tjes.jus.br\/corregedoria\/wp-json\/wp\/v2\/categories?post=26273"},{"taxonomy":"post_tag","embeddable":true,"href":"https:\/\/www.tjes.jus.br\/corregedoria\/wp-json\/wp\/v2\/tags?post=26273"}],"curies":[{"name":"wp","href":"https:\/\/api.w.org\/{rel}","templated":true}]}}