{"id":26275,"date":"2019-02-18T11:30:13","date_gmt":"2019-02-18T14:30:13","guid":{"rendered":"https:\/\/www.tjes.jus.br\/corregedoria\/?p=26275"},"modified":"2019-02-18T11:31:59","modified_gmt":"2019-02-18T14:31:59","slug":"oficio-circular-no-267-2019-disp-18-02-2019","status":"publish","type":"post","link":"https:\/\/www.tjes.jus.br\/corregedoria\/2019\/02\/18\/oficio-circular-no-267-2019-disp-18-02-2019\/","title":{"rendered":"OF\u00cdCIO-CIRCULAR N\u00ba 267\/2019 \u2013 DISP. 18\/02\/2019"},"content":{"rendered":"<p align=\"center\"><strong>ESTADO DO ESP\u00cdRITO SANTO<\/strong><\/p>\n<p align=\"center\"><strong>PODER JUDICI\u00c1RIO<\/strong><\/p>\n<p align=\"center\"><strong>CORREGEDORIA GERAL DA JUSTI\u00c7A<\/strong><\/p>\n<p align=\"center\"><strong>OF\u00cdCIO CIRCULAR CGJES N\u00ba 267\/2019<\/strong><\/p>\n<p>&nbsp;<\/p>\n<p align=\"center\"><a href=\"https:\/\/www.tjes.jus.br\/corregedoria\/wp-content\/uploads\/2019\/02\/OF\u00cdCIO_CIRCULAR_CGJES_N\u00ba_267-2019.pdf\"><strong>PARA VISUALIZAR O TEXTO NA \u00cdNTEGRA &#8211; CLIQUE AQUI<\/strong><\/a><\/p>\n","protected":false},"excerpt":{"rendered":"<p>ESTADO DO ESP\u00cdRITO SANTO PODER JUDICI\u00c1RIO CORREGEDORIA GERAL DA JUSTI\u00c7A OF\u00cdCIO CIRCULAR CGJES N\u00ba 267\/2019 &nbsp; PARA VISUALIZAR O TEXTO NA \u00cdNTEGRA &#8211; CLIQUE AQUI<\/p>\n","protected":false},"author":8,"featured_media":0,"comment_status":"closed","ping_status":"closed","sticky":false,"template":"","format":"standard","meta":{"footnotes":""},"categories":[14,5],"tags":[],"_links":{"self":[{"href":"https:\/\/www.tjes.jus.br\/corregedoria\/wp-json\/wp\/v2\/posts\/26275"}],"collection":[{"href":"https:\/\/www.tjes.jus.br\/corregedoria\/wp-json\/wp\/v2\/posts"}],"about":[{"href":"https:\/\/www.tjes.jus.br\/corregedoria\/wp-json\/wp\/v2\/types\/post"}],"author":[{"embeddable":true,"href":"https:\/\/www.tjes.jus.br\/corregedoria\/wp-json\/wp\/v2\/users\/8"}],"replies":[{"embeddable":true,"href":"https:\/\/www.tjes.jus.br\/corregedoria\/wp-json\/wp\/v2\/comments?post=26275"}],"version-history":[{"count":3,"href":"https:\/\/www.tjes.jus.br\/corregedoria\/wp-json\/wp\/v2\/posts\/26275\/revisions"}],"predecessor-version":[{"id":26278,"href":"https:\/\/www.tjes.jus.br\/corregedoria\/wp-json\/wp\/v2\/posts\/26275\/revisions\/26278"}],"wp:attachment":[{"href":"https:\/\/www.tjes.jus.br\/corregedoria\/wp-json\/wp\/v2\/media?parent=26275"}],"wp:term":[{"taxonomy":"category","embeddable":true,"href":"https:\/\/www.tjes.jus.br\/corregedoria\/wp-json\/wp\/v2\/categories?post=26275"},{"taxonomy":"post_tag","embeddable":true,"href":"https:\/\/www.tjes.jus.br\/corregedoria\/wp-json\/wp\/v2\/tags?post=26275"}],"curies":[{"name":"wp","href":"https:\/\/api.w.org\/{rel}","templated":true}]}}