{"id":26283,"date":"2019-02-18T11:47:58","date_gmt":"2019-02-18T14:47:58","guid":{"rendered":"https:\/\/www.tjes.jus.br\/corregedoria\/?p=26283"},"modified":"2019-02-18T11:49:57","modified_gmt":"2019-02-18T14:49:57","slug":"circular-geral-de-vacancias-cmfe-no-010-2018-disp-18-02-2019","status":"publish","type":"post","link":"https:\/\/www.tjes.jus.br\/corregedoria\/2019\/02\/18\/circular-geral-de-vacancias-cmfe-no-010-2018-disp-18-02-2019\/","title":{"rendered":"CIRCULAR GERAL DE VAC\u00c2NCIAS CMFE N\u00ba 010\/2018 \u2013 DISP. 18\/02\/2019"},"content":{"rendered":"<p style=\"text-align: center;\"><strong>ESTADO DO ESP\u00cdRITO SANTO<\/strong><\/p>\n<p style=\"text-align: center;\"><strong>PODER JUDICI\u00c1RIO<\/strong><\/p>\n<p style=\"text-align: center;\"><strong>CORREGEDORIA GERAL DA JUSTI\u00c7A<\/strong><\/p>\n<p style=\"text-align: center;\" align=\"justify\"><strong>CIRCULAR GERAL DE VAC\u00c2NCIAS CMFE N.\u00ba 010\/2018<\/strong><\/p>\n<p style=\"text-align: center;\" align=\"justify\">(<i>Proc. CGJES n.\u00ba 201200854601<\/i>)<\/p>\n<p align=\"justify\">O Desembargador SAMUEL MEIRA BRASIL J\u00daNIOR, Corregedor- Geral da Justi\u00e7a do Estado do Esp\u00edrito Santo, no uso de suas atribui\u00e7\u00f5es e,<\/p>\n<p align=\"justify\"><strong>CONSIDERANDO<\/strong>\u00a0que a Corregedoria Geral da Justi\u00e7a \u00e9 \u00f3rg\u00e3o de fiscaliza\u00e7\u00e3o, disciplina e orienta\u00e7\u00e3o administrativa do foro extrajudicial, com circunscri\u00e7\u00e3o em todo o Estado, conforme art. 35 da Lei Complementar Estadual n.\u00ba 234\/2002 (COJES) c\/c art. 37 da Lei 9.835\/94 (LNR);<\/p>\n<p align=\"justify\"><strong>CONSIDERANDO\u00a0<\/strong>o disposto nos \u00a7 3\u00ba do art. 11 da <a href=\"https:\/\/www.tjes.jus.br\/corregedoria\/2018\/03\/22\/resolucao-cnj-no-80-de-09-06-2009\/\">Resolu\u00e7\u00e3o 80<\/a>, \u00a7 2\u00ba do art. 2\u00ba da <a href=\"http:\/\/www.cnj.jus.br\/busca-atos-adm?documento=2769\">Resolu\u00e7\u00e3o n.\u00ba 81<\/a>, ambas do Conselho Nacional de Justi\u00e7a; bem como na Ordem de Servi\u00e7o n.\u00ba 001\/2014 da Corregedoria Geral da Justi\u00e7a deste Estado.<\/p>\n<p align=\"justify\"><strong>RESOLVE:<\/strong><\/p>\n<p style=\"text-align: justify;\" align=\"justify\"><strong>TORNAR P\u00daBLICA<\/strong>\u00a0a Rela\u00e7\u00e3o Geral de Vac\u00e2ncia das Delega\u00e7\u00f5es para a Atividade Notarial e de Registro do Estado do Esp\u00edrito Santo e que se encontram aptas a serem oferecidas em concurso p\u00fablico, respeitado o crit\u00e9rio de ingresso na rela\u00e7\u00e3o (provimento ou remo\u00e7\u00e3o), conforme Anexo I que acompanha a presente Circular, atualizado at\u00e9\u00a0<strong>14 de fevereiro de 2019<\/strong>.<\/p>\n<p align=\"justify\">Esclare\u00e7o que os Editais do Sorteio P\u00fablico para desempate da ordem de ingresso das serventias constantes do Grupo I, que integra o Anexo II que acompanha a presente Circular, ser\u00e3o publicados oportunamente.<\/p>\n<p align=\"justify\">A rela\u00e7\u00e3o geral de vac\u00e2ncias ser\u00e1 publicada no Di\u00e1rio da Justi\u00e7a Eletr\u00f4nico (e-Di\u00e1rio) pelo prazo de 05 (cinco) dias \u00fateis consecutivos, e poder\u00e1 ser impugnada no prazo de 15 (quinze) dias contados do encerramento da divulga\u00e7\u00e3o.<\/p>\n<p align=\"center\"><strong>Publique-se. Cumpra-se.<\/strong><\/p>\n<p align=\"center\">Vit\u00f3ria, 14 de fevereiro de 2019.<\/p>\n<p align=\"center\"><strong>Desembargador SAMUEL MEIRA BRASIL JUNIOR<\/strong><\/p>\n<p align=\"center\"><strong>CORREGEDOR-GERAL DA JUSTI\u00c7A<\/strong><\/p>\n<p align=\"center\"><a href=\"https:\/\/www.tjes.jus.br\/corregedoria\/wp-content\/uploads\/2019\/02\/OF\u00cdCIO_CIRCULAR_GERAL_DE__VAC\u00c2NCIAS_ANEXO_I.pdf\"><strong>ANEXO I &#8211; CLIQUE AQUI<\/strong><\/a><\/p>\n<p align=\"center\"><a href=\"https:\/\/www.tjes.jus.br\/corregedoria\/wp-content\/uploads\/2019\/02\/OF\u00cdCIO_CIRCULAR_GERAL_DE_VAC\u00c2NCIA_ANEXO_II.pdf\"><strong>ANEXO II &#8211; CLIQUE AQUI<\/strong><\/a><\/p>\n","protected":false},"excerpt":{"rendered":"<p>ESTADO DO ESP\u00cdRITO SANTO PODER JUDICI\u00c1RIO CORREGEDORIA GERAL DA JUSTI\u00c7A CIRCULAR GERAL DE VAC\u00c2NCIAS CMFE N.\u00ba 010\/2018 (Proc. CGJES n.\u00ba 201200854601) O Desembargador SAMUEL MEIRA BRASIL J\u00daNIOR, Corregedor- Geral da Justi\u00e7a do Estado do Esp\u00edrito Santo, no uso de suas atribui\u00e7\u00f5es e, CONSIDERANDO\u00a0que a Corregedoria Geral da Justi\u00e7a \u00e9 \u00f3rg\u00e3o de fiscaliza\u00e7\u00e3o, disciplina e orienta\u00e7\u00e3o [&hellip;]<\/p>\n","protected":false},"author":8,"featured_media":0,"comment_status":"closed","ping_status":"closed","sticky":false,"template":"","format":"standard","meta":{"footnotes":""},"categories":[17,14],"tags":[],"_links":{"self":[{"href":"https:\/\/www.tjes.jus.br\/corregedoria\/wp-json\/wp\/v2\/posts\/26283"}],"collection":[{"href":"https:\/\/www.tjes.jus.br\/corregedoria\/wp-json\/wp\/v2\/posts"}],"about":[{"href":"https:\/\/www.tjes.jus.br\/corregedoria\/wp-json\/wp\/v2\/types\/post"}],"author":[{"embeddable":true,"href":"https:\/\/www.tjes.jus.br\/corregedoria\/wp-json\/wp\/v2\/users\/8"}],"replies":[{"embeddable":true,"href":"https:\/\/www.tjes.jus.br\/corregedoria\/wp-json\/wp\/v2\/comments?post=26283"}],"version-history":[{"count":4,"href":"https:\/\/www.tjes.jus.br\/corregedoria\/wp-json\/wp\/v2\/posts\/26283\/revisions"}],"predecessor-version":[{"id":26289,"href":"https:\/\/www.tjes.jus.br\/corregedoria\/wp-json\/wp\/v2\/posts\/26283\/revisions\/26289"}],"wp:attachment":[{"href":"https:\/\/www.tjes.jus.br\/corregedoria\/wp-json\/wp\/v2\/media?parent=26283"}],"wp:term":[{"taxonomy":"category","embeddable":true,"href":"https:\/\/www.tjes.jus.br\/corregedoria\/wp-json\/wp\/v2\/categories?post=26283"},{"taxonomy":"post_tag","embeddable":true,"href":"https:\/\/www.tjes.jus.br\/corregedoria\/wp-json\/wp\/v2\/tags?post=26283"}],"curies":[{"name":"wp","href":"https:\/\/api.w.org\/{rel}","templated":true}]}}