{"id":26383,"date":"2019-02-26T13:11:32","date_gmt":"2019-02-26T16:11:32","guid":{"rendered":"https:\/\/www.tjes.jus.br\/corregedoria\/?p=26383"},"modified":"2019-02-26T13:11:32","modified_gmt":"2019-02-26T16:11:32","slug":"ato-normativo-no-021-2019-disp-26-02-2019","status":"publish","type":"post","link":"https:\/\/www.tjes.jus.br\/corregedoria\/2019\/02\/26\/ato-normativo-no-021-2019-disp-26-02-2019\/","title":{"rendered":"ATO NORMATIVO N\u00ba 021\/2019 &#8211; DISP. 26\/02\/2019"},"content":{"rendered":"<div class=\"override-text\" align=\"center\">ESTADO DO ESP\u00cdRITO SANTO<\/div>\n<div class=\"override-text\" align=\"center\">PODER JUDICI\u00c1RIO<\/div>\n<div class=\"override-text\" align=\"center\">TRIBUNAL DE JUSTI\u00c7A<\/div>\n<p align=\"center\">Ato Normativo\u00a0 n\u00ba 021\/2019<\/p>\n<p align=\"justify\"><strong>O Excelent\u00edssimo Senhor Desembargador S\u00e9rgio Luiz Teixeira Gama, Presidente do Egr\u00e9gio Tribunal de Justi\u00e7a do Estado do Esp\u00edrito Santo, no uso de suas atribui\u00e7\u00f5es legais,<\/strong><\/p>\n<p align=\"justify\"><strong>CONSIDERANDO<\/strong>\u00a0o disposto no artigo 58, da Resolu\u00e7\u00e3o n\u00ba 15\/1995, Regimento Interno do Tribunal de Justi\u00e7a do Esp\u00edrito Santo, que atribui ao presidente do Egr\u00e9gio Tribunal de Justi\u00e7a do Estado do Esp\u00edrito Santo compet\u00eancia geral para exercer a superintend\u00eancia de todo o servi\u00e7o judici\u00e1rio, na qualidade de Chefe do Poder Judici\u00e1rio Estadual;<\/p>\n<p align=\"justify\"><strong>RESOLVE:<\/strong><\/p>\n<p align=\"justify\"><strong>Art. 1\u00ba\u00a0<\/strong>\u2013 Convocar a servidora abaixo para, em conjunto com a Magistrada, atuar em Equipe de Trabalho nas 13\u00aa, 14\u00aa e 15\u00aa Semanas da Justi\u00e7a pela Paz em Casa, bem como nos momentos de organiza\u00e7\u00e3o que as antecedem.<\/p>\n<table style=\"width: 1058px;\" cellspacing=\"0\" cellpadding=\"3\">\n<colgroup>\n<col width=\"276\" \/>\n<col width=\"276\" \/><\/colgroup>\n<tbody>\n<tr valign=\"top\">\n<td style=\"border-style: solid; border-color: #000000;\" bgcolor=\"#ffffff\" width=\"276\">Maria In\u00eas Martins Veltri Costa<\/td>\n<td style=\"border-style: solid; border-color: #000000;\" bgcolor=\"#ffffff\" width=\"276\">Analista Judici\u00e1rio &#8211; Direito<\/td>\n<\/tr>\n<\/tbody>\n<\/table>\n<p align=\"justify\"><strong>Art. 2\u00ba \u2013<\/strong>\u00a0A Equipe de trabalho organizar\u00e1 os eventos no combate \u00e0 viol\u00eancia dom\u00e9stica e familiar, em atendimento ao inciso II e XI do art. 2\u00ba da Portaria 15\/2017, do Conselho Nacional de Justi\u00e7a.<\/p>\n<p align=\"justify\"><strong>Art. 3\u00ba<\/strong>\u00a0\u2013 A Coordenadoria Estadual da Mulher em Situa\u00e7\u00e3o de Viol\u00eancia Dom\u00e9stica e Familiar encaminhar\u00e1 \u00e0 Secretaria de Gest\u00e3o de Pessoas, no prazo de 10 (dez) dias, ap\u00f3s a realiza\u00e7\u00e3o de cada evento, informa\u00e7\u00f5es com rela\u00e7\u00e3o \u00e0s horas laboradas pela servidora, al\u00e9m do expediente normal, para anota\u00e7\u00e3o em ficha funcional, que ser\u00e3o acrescidas conforme percentil determinado em lei, e esta, poder\u00e1 compens\u00e1-las por gozo de folga, mediante autoriza\u00e7\u00e3o da chefia imediata e sem preju\u00edzo do servi\u00e7o.<\/p>\n<p align=\"justify\"><strong>Art. 4<\/strong>\u00a0\u2013 A servidora efetiva constante desta Equipe de Trabalho ter\u00e1 reconhecido, para fins de promo\u00e7\u00e3o na carreira, a pontua\u00e7\u00e3o equivalente \u00e0 participa\u00e7\u00e3o em Equipe Especial de Trabalho, conforme disposto no Ato Normativo 2773\/2012.<\/p>\n<p align=\"justify\"><strong>Art. 4\u00ba<\/strong>\u00a0&#8211; Este Ato Normativo entra em vigor na data da sua publica\u00e7\u00e3o.<\/p>\n<p align=\"justify\">Publique-se<\/p>\n<p align=\"justify\">Vit\u00f3ria, 25 de fevereiro de 2019.<\/p>\n<p align=\"center\">Des. S\u00c9RGIO LUIZ TEIXEIRA GAMA<\/p>\n<p align=\"center\">Presidente<\/p>\n","protected":false},"excerpt":{"rendered":"<p>ESTADO DO ESP\u00cdRITO SANTO PODER JUDICI\u00c1RIO TRIBUNAL DE JUSTI\u00c7A Ato Normativo\u00a0 n\u00ba 021\/2019 O Excelent\u00edssimo Senhor Desembargador S\u00e9rgio Luiz Teixeira Gama, Presidente do Egr\u00e9gio Tribunal de Justi\u00e7a do Estado do Esp\u00edrito Santo, no uso de suas atribui\u00e7\u00f5es legais, CONSIDERANDO\u00a0o disposto no artigo 58, da Resolu\u00e7\u00e3o n\u00ba 15\/1995, Regimento Interno do Tribunal de Justi\u00e7a do Esp\u00edrito [&hellip;]<\/p>\n","protected":false},"author":9,"featured_media":0,"comment_status":"closed","ping_status":"closed","sticky":false,"template":"","format":"standard","meta":{"footnotes":""},"categories":[4],"tags":[],"_links":{"self":[{"href":"https:\/\/www.tjes.jus.br\/corregedoria\/wp-json\/wp\/v2\/posts\/26383"}],"collection":[{"href":"https:\/\/www.tjes.jus.br\/corregedoria\/wp-json\/wp\/v2\/posts"}],"about":[{"href":"https:\/\/www.tjes.jus.br\/corregedoria\/wp-json\/wp\/v2\/types\/post"}],"author":[{"embeddable":true,"href":"https:\/\/www.tjes.jus.br\/corregedoria\/wp-json\/wp\/v2\/users\/9"}],"replies":[{"embeddable":true,"href":"https:\/\/www.tjes.jus.br\/corregedoria\/wp-json\/wp\/v2\/comments?post=26383"}],"version-history":[{"count":1,"href":"https:\/\/www.tjes.jus.br\/corregedoria\/wp-json\/wp\/v2\/posts\/26383\/revisions"}],"predecessor-version":[{"id":26387,"href":"https:\/\/www.tjes.jus.br\/corregedoria\/wp-json\/wp\/v2\/posts\/26383\/revisions\/26387"}],"wp:attachment":[{"href":"https:\/\/www.tjes.jus.br\/corregedoria\/wp-json\/wp\/v2\/media?parent=26383"}],"wp:term":[{"taxonomy":"category","embeddable":true,"href":"https:\/\/www.tjes.jus.br\/corregedoria\/wp-json\/wp\/v2\/categories?post=26383"},{"taxonomy":"post_tag","embeddable":true,"href":"https:\/\/www.tjes.jus.br\/corregedoria\/wp-json\/wp\/v2\/tags?post=26383"}],"curies":[{"name":"wp","href":"https:\/\/api.w.org\/{rel}","templated":true}]}}