{"id":26414,"date":"2019-02-28T13:05:21","date_gmt":"2019-02-28T16:05:21","guid":{"rendered":"https:\/\/www.tjes.jus.br\/corregedoria\/?p=26414"},"modified":"2019-02-28T13:05:21","modified_gmt":"2019-02-28T16:05:21","slug":"ato-normativo-no-025-2019-disp-28-02-2019","status":"publish","type":"post","link":"https:\/\/www.tjes.jus.br\/corregedoria\/2019\/02\/28\/ato-normativo-no-025-2019-disp-28-02-2019\/","title":{"rendered":"ATO NORMATIVO N\u00ba 025 \/ 2019 &#8211; DISP. 28\/02\/2019"},"content":{"rendered":"<p align=\"center\"><span lang=\"pt-BR\"><strong>ESTADO DO ESP\u00cdRITO SANTO<\/strong><\/span><br \/>\n<span lang=\"pt-BR\"><strong>PODER JUDICI\u00c1RIO<\/strong><\/span><br \/>\n<span lang=\"pt-BR\"><strong>TRIBUNAL DE JUSTI\u00c7A<\/strong><\/span><\/p>\n<p align=\"center\"><span lang=\"pt-BR\"><strong>ATO NORMATIVO N\u00ba 025 \/ 2019<\/strong><\/span><\/p>\n<p align=\"justify\"><span lang=\"pt-BR\">Altera a composi\u00e7\u00e3o do grupo de Trabalho do 4\u00ba Centro Judici\u00e1rio de Solu\u00e7\u00e3o de Conflitos e Cidadania, institu\u00eddo pelo ato normativo 124\/2018, com atua\u00e7\u00e3o em 2\u00ba Grau.<\/span><\/p>\n<p align=\"justify\"><span lang=\"pt-BR\">O\u00a0<\/span><span lang=\"pt-BR\"><strong>Excelent\u00edssimo Desembargador S\u00c9RGIO LUIZ TEIXEIRA GAMA,<\/strong><\/span><span lang=\"pt-BR\">\u00a0Presidente do Egr\u00e9gio Tribunal de Justi\u00e7a do Estado do Esp\u00edrito Santo, no uso de suas atribui\u00e7\u00f5es legais<\/span><\/p>\n<p align=\"justify\"><span lang=\"pt-BR\"><strong>RESOLVE:<\/strong><\/span><\/p>\n<p align=\"justify\"><span lang=\"pt-BR\"><strong>Art. 1\u00ba<\/strong><\/span><span lang=\"pt-BR\">\u00a0Alterar o art.3\u00ba do <a href=\"https:\/\/www.tjes.jus.br\/corregedoria\/2018\/07\/12\/ato-normativo-no-124-2018-disp-11-07-2018\/\" target=\"_blank\" rel=\"noopener\">ato normativo 124\/2018<\/a>, para que esse passe a vigorar com o seguinte texto:<\/span><\/p>\n<p align=\"justify\"><span lang=\"pt-BR\">O Grupo de Trabalho ser\u00e1 composto pelos magistrados abaixo designados, sem preju\u00edzo do exerc\u00edcio das fun\u00e7\u00f5es em suas respectivas unidades judici\u00e1rias:<\/span><\/p>\n<p align=\"justify\"><span lang=\"pt-BR\">I &#8211; Exm\u00ba Sr. Juiz de Direito AKEL DE ANDRADE LIMA<\/span><\/p>\n<p align=\"justify\"><span lang=\"pt-BR\">II &#8211; Exm\u00ba Sr. Juiz de Direito BRUNO FRITOLI ALMEIDA<\/span><\/p>\n<p align=\"justify\"><span lang=\"pt-BR\">III &#8211; Exm\u00aa Sra. Ju\u00edza de Direito CINTHYA COELHO LARANJA<\/span><\/p>\n<p align=\"justify\"><span lang=\"pt-BR\">IV &#8211; Exm\u00aa Sra. Ju\u00edza de Direito DANIELA DE VASCONCELOS AGAPITO<\/span><\/p>\n<p align=\"justify\"><span lang=\"pt-BR\">V &#8211; Exm\u00ba Sr. Juiz de Direito EDUARDO GERALDO DE MATOS<\/span><\/p>\n<p align=\"justify\"><span lang=\"pt-BR\">VI &#8211; Exm\u00ba Sr. Juiz de Direito F\u00c1BIO LUIZ MASSARIOL<\/span><\/p>\n<p align=\"justify\"><span lang=\"pt-BR\">VII &#8211; Exm\u00aa Sra. Ju\u00edza de Direito FAB\u00cdOLA CASAGRANDE SIM\u00d5ES<\/span><\/p>\n<p align=\"justify\"><span lang=\"pt-BR\">VIII &#8211; Exm\u00aa Sra. Ju\u00edza de Direito GRACIELA DE REZENDE HENRIQUEZ<\/span><\/p>\n<p align=\"justify\"><span lang=\"pt-BR\">IX &#8211; Exm\u00ba Sr. Juiz de Direito GUSTAVO MATTEDI REGGIANI<\/span><\/p>\n<p align=\"justify\"><span lang=\"pt-BR\">X &#8211; Exm\u00ba Sr. Juiz de Direito GUSTAVO ZAGO RABELO<\/span><\/p>\n<p align=\"justify\"><span lang=\"pt-BR\">XI &#8211; Exm\u00ba Sr. Juiz de Direito JO\u00c3O CARLOS LOPES MONTEIRO LOBATO FRAGA<\/span><\/p>\n<p align=\"justify\"><span lang=\"pt-BR\">XII &#8211; Exm\u00aa Sra. Ju\u00edza de Direito M\u00c1RCIA PEREIRA RANGEL<\/span><\/p>\n<p align=\"justify\"><span lang=\"pt-BR\">XIII &#8211; Exm\u00ba Sr. Juiz de Direito VICTOR QUEIROZ SCHNEIDER<\/span><\/p>\n<p align=\"justify\"><span lang=\"pt-BR\"><strong>Art. 2\u00ba\u00a0<\/strong><\/span><span lang=\"pt-BR\">Este Ato Normativo entra em vigor na data de sua publica\u00e7\u00e3o.<\/span><\/p>\n<p><span lang=\"pt-BR\">Publique-se.<\/span><\/p>\n<p align=\"justify\"><span lang=\"pt-BR\">Vit\u00f3ria\/ES, 22 de fevereiro de 2019.<\/span><\/p>\n<p align=\"center\"><span lang=\"pt-BR\"><strong>Desembargador S\u00e9rgio Luiz Teixeira Gama<\/strong><\/span><\/p>\n<p align=\"center\"><span lang=\"pt-BR\"><strong>PRESIDENTE DO TRIBUNAL DE JUSTI\u00c7A DO ESP\u00cdRITO SANTO<\/strong><\/span><\/p>\n","protected":false},"excerpt":{"rendered":"<p>ESTADO DO ESP\u00cdRITO SANTO PODER JUDICI\u00c1RIO TRIBUNAL DE JUSTI\u00c7A ATO NORMATIVO N\u00ba 025 \/ 2019 Altera a composi\u00e7\u00e3o do grupo de Trabalho do 4\u00ba Centro Judici\u00e1rio de Solu\u00e7\u00e3o de Conflitos e Cidadania, institu\u00eddo pelo ato normativo 124\/2018, com atua\u00e7\u00e3o em 2\u00ba Grau. O\u00a0Excelent\u00edssimo Desembargador S\u00c9RGIO LUIZ TEIXEIRA GAMA,\u00a0Presidente do Egr\u00e9gio Tribunal de Justi\u00e7a do Estado [&hellip;]<\/p>\n","protected":false},"author":9,"featured_media":0,"comment_status":"closed","ping_status":"closed","sticky":false,"template":"","format":"standard","meta":{"footnotes":""},"categories":[4],"tags":[],"_links":{"self":[{"href":"https:\/\/www.tjes.jus.br\/corregedoria\/wp-json\/wp\/v2\/posts\/26414"}],"collection":[{"href":"https:\/\/www.tjes.jus.br\/corregedoria\/wp-json\/wp\/v2\/posts"}],"about":[{"href":"https:\/\/www.tjes.jus.br\/corregedoria\/wp-json\/wp\/v2\/types\/post"}],"author":[{"embeddable":true,"href":"https:\/\/www.tjes.jus.br\/corregedoria\/wp-json\/wp\/v2\/users\/9"}],"replies":[{"embeddable":true,"href":"https:\/\/www.tjes.jus.br\/corregedoria\/wp-json\/wp\/v2\/comments?post=26414"}],"version-history":[{"count":1,"href":"https:\/\/www.tjes.jus.br\/corregedoria\/wp-json\/wp\/v2\/posts\/26414\/revisions"}],"predecessor-version":[{"id":26428,"href":"https:\/\/www.tjes.jus.br\/corregedoria\/wp-json\/wp\/v2\/posts\/26414\/revisions\/26428"}],"wp:attachment":[{"href":"https:\/\/www.tjes.jus.br\/corregedoria\/wp-json\/wp\/v2\/media?parent=26414"}],"wp:term":[{"taxonomy":"category","embeddable":true,"href":"https:\/\/www.tjes.jus.br\/corregedoria\/wp-json\/wp\/v2\/categories?post=26414"},{"taxonomy":"post_tag","embeddable":true,"href":"https:\/\/www.tjes.jus.br\/corregedoria\/wp-json\/wp\/v2\/tags?post=26414"}],"curies":[{"name":"wp","href":"https:\/\/api.w.org\/{rel}","templated":true}]}}