{"id":26446,"date":"2019-03-01T12:45:49","date_gmt":"2019-03-01T15:45:49","guid":{"rendered":"https:\/\/www.tjes.jus.br\/corregedoria\/?p=26446"},"modified":"2019-03-01T12:45:49","modified_gmt":"2019-03-01T15:45:49","slug":"ato-normativo-no-028-2019-disp-01-03-2019","status":"publish","type":"post","link":"https:\/\/www.tjes.jus.br\/corregedoria\/2019\/03\/01\/ato-normativo-no-028-2019-disp-01-03-2019\/","title":{"rendered":"ATO NORMATIVO N\u00ba\u00a0028\/2019 &#8211; DISP. 01\/03\/2019"},"content":{"rendered":"<p align=\"center\">ESTADO DO ESP\u00cdRITO SANTO<\/p>\n<p align=\"center\">PODER JUDICI\u00c1RIO<\/p>\n<p align=\"center\">TRIBUNAL DE JUSTI\u00c7A<\/p>\n<p align=\"center\"><strong>Ato Normativo N\u00ba\u00a0<\/strong><strong>028<\/strong><strong>\/2<\/strong><strong>019<\/strong><\/p>\n<p align=\"justify\">Disp\u00f5e sobre a\u00a0realiza\u00e7\u00e3o de sess\u00f5es de media\u00e7\u00e3o no7\u00ba Centro Judici\u00e1rio de Solu\u00e7\u00e3o de Conflitos e Cidadania &#8211; CEJUSC em a\u00e7\u00f5es origin\u00e1rias da 1\u00aa,\u00a02\u00aa, 3\u00aa e 4\u00aa\u00a0Varas\u00a0de Fam\u00edlia\u00a0de Cariacica,\u00a01\u00b0 Vara da\u00a0Inf\u00e2ncia e da Juventude de Cariacica,\u00a01\u00aa,\u00a02\u00aa, 3\u00aa e 4\u00aa\u00a0Varas C\u00edveis, \u00d3rf\u00e3os e Sucess\u00f5es de Cariacica e 1\u00aa Vara Comercial de Viana.<\/p>\n<p align=\"justify\"><strong>CONSIDERANDO<\/strong>\u00a0o disposto no art.58, da Resolu\u00e7\u00e3o n\u00ba 15\/95 \u2013 Regimento Interno do Tribunal de Justi\u00e7a do Estado do Esp\u00edrito Santo, que atribui ao Presidente compet\u00eancia geral para exercer a superintend\u00eancia de todo servi\u00e7o judici\u00e1rio, na qualidade de Chefe do Poder Judici\u00e1rio Estadual;<\/p>\n<p align=\"justify\"><strong>CONSIDERANDO<\/strong>\u00a0a vig\u00eancia do C\u00f3digo de Processo Civil (Lei 13.105\/2015), bem como da Lei de Media\u00e7\u00e3o (Lei 13.140\/2015) e, ainda, da\u00a0Resolu\u00e7\u00e3o n\u00ba 017\/2013, que criou os Centros Judici\u00e1rios de Solu\u00e7\u00e3o de Conflitos e Cidadania, sob a Coordena\u00e7\u00e3o do N\u00facleo Permanente de M\u00e9todos Consensuais de Solu\u00e7\u00e3o de Conflitos \u2013 NUPEMEC;<\/p>\n<p align=\"justify\"><strong>CONSIDERANDO\u00a0<\/strong>a Resolu\u00e7\u00e3o 003\/2011 que instituiu o N\u00facleo Permanente de M\u00e9todos Consensuais de Solu\u00e7\u00e3o de Conflitos do Poder Judici\u00e1rio do Estado do Esp\u00edrito Santo, posteriormente alterada pela Resolu\u00e7\u00e3o n.\u00ba 019\/2012, bem como a resolu\u00e7\u00e3o 017\/2013 que criou os Centros Judici\u00e1rios de Solu\u00e7\u00e3o de Conflitos e Cidadania sob sua Coordena\u00e7\u00e3o;<\/p>\n<p align=\"justify\"><strong>CONSIDERANDO<\/strong>\u00a0a necessidade de operacionaliza\u00e7\u00e3o e organiza\u00e7\u00e3o dos servi\u00e7os de media\u00e7\u00e3o deste Tribunal de Justi\u00e7a;<\/p>\n<p align=\"justify\"><strong>RESOLVE<\/strong><\/p>\n<p align=\"justify\"><strong>Art. 1\u00ba<\/strong>. Solicitar aos magistrados da\u00a01\u00aa,\u00a02\u00aa, 3\u00aa e 4\u00aa\u00a0Varas\u00a0de Fam\u00edlia\u00a0de Cariacica,\u00a01\u00b0 Vara daInf\u00e2ncia e da Juventude de Cariacica,\u00a01\u00aa,\u00a02\u00aa, 3\u00aa e 4\u00aa\u00a0Varas C\u00edveis, \u00d3rf\u00e3os e Sucess\u00f5es de Cariacica e 1\u00aa Vara Comercial de Viana\u00a0que providenciem a triagem de 05 (cinco) processos pass\u00edveis de serem submetidos \u00e0 media\u00e7\u00e3o de conflitos, conforme disposto na Lei n\u00b0 13.105\/15, independentemente da fase processual em que se encontrem, observado, quando tratar-se de processos iniciais, as dilig\u00eancias de tutela provis\u00f3ria, se for o caso, e ressalvados os casos descritos no art. 334, excluindo-se, ainda, aqueles em que haja depend\u00eancia de expedi\u00e7\u00e3o de Carta Precat\u00f3ria para comunica\u00e7\u00e3o das partes e aqueles em que foi decretada a revelia.<\/p>\n<p align=\"justify\"><strong>Par\u00e1grafo \u00fanico<\/strong>. Os processos acima referidos dever\u00e3o ser relacionados em planilha (modelo anexo), encaminhada para e- mail: 7cejusc-cariacica<span lang=\"zxx\"><a href=\"mailto:1cejusctjes@tjes.jus.br\">@tjes.jus.br<\/a><\/span>, at\u00e9 o dia 07\/03\/2019, impreterivelmente.<\/p>\n<p align=\"justify\"><strong>Art. 2\u00ba<\/strong>.O 7\u00ba Centro Judici\u00e1rio de Solu\u00e7\u00e3o de Conflitos e Cidadania- CEJUSC providenciar\u00e1 dia, hora e local para realiza\u00e7\u00e3o da sess\u00e3o de media\u00e7\u00e3o dos processos listados pelo Ju\u00edzo, indicando os dados \u00e0 Vara de origem, que providenciar\u00e1 a cita\u00e7\u00e3o e intima\u00e7\u00e3o das partes e advogados, com prioridade, tendo em vista a necessidade de cumprimento dos mandados em at\u00e9 15 (quinze) dias \u00fateis antes da data designada.<\/p>\n<p align=\"justify\"><strong>Art. 3\u00ba.<\/strong>\u00a0O Juiz de Direito Diretor do F\u00f3rum de Cariacica dever\u00e1 envidar esfor\u00e7os para o cumprimento dos mandados expedidos, nos prazos estabelecidos no C\u00f3digo de Processo Civil, mantendo prioridade no cumprimento, inclusive com a utiliza\u00e7\u00e3o dos plant\u00f5es dos Oficiais de Justi\u00e7a, se necess\u00e1rio.<\/p>\n<p align=\"justify\"><strong>Art. 4\u00ba<\/strong>. Os Oficiais de Justi\u00e7a para os quais forem distribu\u00eddos os mandados de que trata o artigo anterior, dever\u00e3o devolv\u00ea-los, devidamente cumpridos, para que o cart\u00f3rio providencie a juntada aos autos respectivos, com 5 (cinco) dias de anteced\u00eancia da data marcada para a sess\u00e3o de media\u00e7\u00e3o.<\/p>\n<p align=\"justify\"><strong>Art. 5\u00ba<\/strong>. O Cart\u00f3rio de origem dever\u00e1 informar sobre o sucesso ou n\u00e3o da intima\u00e7\u00e3o\/cita\u00e7\u00e3o, pelo e-mail indicado no art. 1\u00ba deste Ato Normativo, com anteced\u00eancia m\u00ednima de 02 (dois) dias da data designada para a sess\u00e3o, n\u00e3o havendo necessidade do encaminhamento dos autos do processo.<\/p>\n<p align=\"justify\"><strong>Art. 6\u00ba<\/strong>\u00a0. Este Ato Normativo entra em vigor na data de sua publica\u00e7\u00e3o.<\/p>\n<p align=\"justify\">Vit\u00f3ria, 22 de fevereiro de 2019.<\/p>\n<p style=\"text-align: center;\" align=\"justify\"><strong>Desembargador S\u00c9RGIO LUIZ TEIXEIRA GAMA<\/strong><\/p>\n<p style=\"text-align: center;\" align=\"justify\">\u00a0<strong>PRESIDENTE DO TRIBUNAL DE JUSTI\u00c7A DO ESP\u00cdRITO SANTO<\/strong><\/p>\n<p style=\"text-align: center;\" align=\"justify\">\n<p style=\"text-align: center;\" align=\"justify\"><strong>ANEXO ( Preenchimento pela Vara de Origem)<\/strong><\/p>\n<p align=\"justify\">\n<table cellspacing=\"0\" cellpadding=\"4\">\n<colgroup>\n<col width=\"46*\" \/>\n<col width=\"44*\" \/>\n<col width=\"60*\" \/>\n<col width=\"56*\" \/>\n<col width=\"51*\" \/><\/colgroup>\n<tbody>\n<tr valign=\"top\">\n<td style=\"border-style: solid; border-color: #000000;\" width=\"18%\">\n<p align=\"justify\">N\u00ba do Processo<\/p>\n<\/td>\n<td style=\"border-style: solid; border-color: #000000;\" width=\"17%\">\n<p align=\"justify\">Assunto<\/p>\n<\/td>\n<td style=\"border-style: solid; border-color: #000000;\" width=\"23%\">\n<p align=\"justify\">Nome do Requerente<\/p>\n<\/td>\n<td style=\"border-style: solid; border-color: #000000;\" width=\"22%\">\n<p align=\"justify\">Nome do Requerido<\/p>\n<\/td>\n<td style=\"border-style: solid; border-color: #000000;\" width=\"20%\">\n<p align=\"justify\">Advogados<\/p>\n<\/td>\n<\/tr>\n<tr valign=\"top\">\n<td style=\"border-style: solid; border-color: #000000;\" width=\"18%\"><\/td>\n<td style=\"border-style: solid; border-color: #000000;\" width=\"17%\"><\/td>\n<td style=\"border-style: solid; border-color: #000000;\" width=\"23%\"><\/td>\n<td style=\"border-style: solid; border-color: #000000;\" width=\"22%\"><\/td>\n<td style=\"border-style: solid; border-color: #000000;\" width=\"20%\"><\/td>\n<\/tr>\n<tr valign=\"top\">\n<td style=\"border-style: solid; border-color: #000000;\" width=\"18%\"><\/td>\n<td style=\"border-style: solid; border-color: #000000;\" width=\"17%\"><\/td>\n<td style=\"border-style: solid; border-color: #000000;\" width=\"23%\"><\/td>\n<td style=\"border-style: solid; border-color: #000000;\" width=\"22%\"><\/td>\n<td style=\"border-style: solid; border-color: #000000;\" width=\"20%\"><\/td>\n<\/tr>\n<tr valign=\"top\">\n<td style=\"border-style: solid; border-color: #000000;\" width=\"18%\"><\/td>\n<td style=\"border-style: solid; border-color: #000000;\" width=\"17%\"><\/td>\n<td style=\"border-style: solid; border-color: #000000;\" width=\"23%\"><\/td>\n<td style=\"border-style: solid; border-color: #000000;\" width=\"22%\"><\/td>\n<td style=\"border-style: solid; border-color: #000000;\" width=\"20%\"><\/td>\n<\/tr>\n<tr valign=\"top\">\n<td style=\"border-style: solid; border-color: #000000;\" width=\"18%\"><\/td>\n<td style=\"border-style: solid; border-color: #000000;\" width=\"17%\"><\/td>\n<td style=\"border-style: solid; border-color: #000000;\" width=\"23%\"><\/td>\n<td style=\"border-style: solid; border-color: #000000;\" width=\"22%\"><\/td>\n<td style=\"border-style: solid; border-color: #000000;\" width=\"20%\"><\/td>\n<\/tr>\n<tr valign=\"top\">\n<td style=\"border-style: solid; border-color: #000000;\" width=\"18%\"><\/td>\n<td style=\"border-style: solid; border-color: #000000;\" width=\"17%\"><\/td>\n<td style=\"border-style: solid; border-color: #000000;\" width=\"23%\"><\/td>\n<td style=\"border-style: solid; border-color: #000000;\" width=\"22%\"><\/td>\n<td style=\"border-style: solid; border-color: #000000;\" width=\"20%\"><\/td>\n<\/tr>\n<\/tbody>\n<\/table>\n","protected":false},"excerpt":{"rendered":"<p>ESTADO DO ESP\u00cdRITO SANTO PODER JUDICI\u00c1RIO TRIBUNAL DE JUSTI\u00c7A Ato Normativo N\u00ba\u00a0028\/2019 Disp\u00f5e sobre a\u00a0realiza\u00e7\u00e3o de sess\u00f5es de media\u00e7\u00e3o no7\u00ba Centro Judici\u00e1rio de Solu\u00e7\u00e3o de Conflitos e Cidadania &#8211; CEJUSC em a\u00e7\u00f5es origin\u00e1rias da 1\u00aa,\u00a02\u00aa, 3\u00aa e 4\u00aa\u00a0Varas\u00a0de Fam\u00edlia\u00a0de Cariacica,\u00a01\u00b0 Vara da\u00a0Inf\u00e2ncia e da Juventude de Cariacica,\u00a01\u00aa,\u00a02\u00aa, 3\u00aa e 4\u00aa\u00a0Varas C\u00edveis, \u00d3rf\u00e3os e Sucess\u00f5es de [&hellip;]<\/p>\n","protected":false},"author":9,"featured_media":0,"comment_status":"closed","ping_status":"closed","sticky":false,"template":"","format":"standard","meta":{"footnotes":""},"categories":[4],"tags":[],"_links":{"self":[{"href":"https:\/\/www.tjes.jus.br\/corregedoria\/wp-json\/wp\/v2\/posts\/26446"}],"collection":[{"href":"https:\/\/www.tjes.jus.br\/corregedoria\/wp-json\/wp\/v2\/posts"}],"about":[{"href":"https:\/\/www.tjes.jus.br\/corregedoria\/wp-json\/wp\/v2\/types\/post"}],"author":[{"embeddable":true,"href":"https:\/\/www.tjes.jus.br\/corregedoria\/wp-json\/wp\/v2\/users\/9"}],"replies":[{"embeddable":true,"href":"https:\/\/www.tjes.jus.br\/corregedoria\/wp-json\/wp\/v2\/comments?post=26446"}],"version-history":[{"count":1,"href":"https:\/\/www.tjes.jus.br\/corregedoria\/wp-json\/wp\/v2\/posts\/26446\/revisions"}],"predecessor-version":[{"id":26448,"href":"https:\/\/www.tjes.jus.br\/corregedoria\/wp-json\/wp\/v2\/posts\/26446\/revisions\/26448"}],"wp:attachment":[{"href":"https:\/\/www.tjes.jus.br\/corregedoria\/wp-json\/wp\/v2\/media?parent=26446"}],"wp:term":[{"taxonomy":"category","embeddable":true,"href":"https:\/\/www.tjes.jus.br\/corregedoria\/wp-json\/wp\/v2\/categories?post=26446"},{"taxonomy":"post_tag","embeddable":true,"href":"https:\/\/www.tjes.jus.br\/corregedoria\/wp-json\/wp\/v2\/tags?post=26446"}],"curies":[{"name":"wp","href":"https:\/\/api.w.org\/{rel}","templated":true}]}}