{"id":26447,"date":"2019-03-01T12:47:40","date_gmt":"2019-03-01T15:47:40","guid":{"rendered":"https:\/\/www.tjes.jus.br\/corregedoria\/?p=26447"},"modified":"2019-03-01T12:47:40","modified_gmt":"2019-03-01T15:47:40","slug":"ato-normativo-no-029-2019-disp-01-03-2019","status":"publish","type":"post","link":"https:\/\/www.tjes.jus.br\/corregedoria\/2019\/03\/01\/ato-normativo-no-029-2019-disp-01-03-2019\/","title":{"rendered":"ATO NORMATIVO N\u00ba\u00a0029\/2019 &#8211; DISP. 01\/03\/2019"},"content":{"rendered":"<p align=\"center\">PODER JUDICI\u00c1RIO<\/p>\n<p align=\"center\">TRIBUNAL DE JUSTI\u00c7A DO ESTADO DO ESP\u00cdRITO SANTO<\/p>\n<p align=\"center\">PRESID\u00caNCIA<\/p>\n<p align=\"center\"><strong>ATO NORMATIVO N\u00ba 029 \/2019<\/strong><\/p>\n<p>Determina a utiliza\u00e7\u00e3o obrigat\u00f3ria do Sistema Eletr\u00f4nico de Informa\u00e7\u00f5es \u2013 SEI em toda 2\u00aa inst\u00e2ncia do Poder Judici\u00e1rio do Estado do Esp\u00edrito Santo.<\/p>\n<p align=\"justify\">O Excelent\u00edssimo Senhor Desembargador SERGIO LUIZ TEIXEIRA GAMA, Presidente do Egr\u00e9gio Tribunal de Justi\u00e7a do Estado do Esp\u00edrito Santo, no uso de suas atribui\u00e7\u00f5es legais e<\/p>\n<p align=\"justify\">CONSIDERANDO a implanta\u00e7\u00e3o e regulamenta\u00e7\u00e3o, no \u00e2mbito administrativo do Poder Judici\u00e1rio do Estado do Esp\u00edrito Santo, do Sistema Eletr\u00f4nico de Informa\u00e7\u00f5es \u2013 SEI pela Resolu\u00e7\u00e3o n\u00ba. 70\/2013, deste Egr\u00e9gio Tribunal de Justi\u00e7a;<\/p>\n<p align=\"justify\">CONSIDERANDO o Ato Normativo n\u00ba 153\/2017, publicado do Di\u00e1rio da Justi\u00e7a Eletr\u00f4nico no dia 25 de outubro de 2017, que instituiu o Comit\u00ea Deliberativo do Sistema Eletr\u00f4nico de Informa\u00e7\u00f5es e estabeleceu suas atribui\u00e7\u00f5es para a gest\u00e3o dos processos administrativos no Sistema Eletr\u00f4nico de Informa\u00e7\u00f5es \u2013 SEI, no \u00e2mbito do Egr\u00e9gio Tribunal de Justi\u00e7a do Estado do Esp\u00edrito Santo;<\/p>\n<p align=\"justify\">CONSIDERANDO que a ado\u00e7\u00e3o de um sistema eletr\u00f4nico de tramita\u00e7\u00e3o dos procedimentos trar\u00e1 maior celeridade, seguran\u00e7a e qualidade na presta\u00e7\u00e3o dos servi\u00e7os deste \u00f3rg\u00e3o;<\/p>\n<p align=\"justify\">RESOLVE:<\/p>\n<p align=\"justify\">Art. 1\u00ba. Os procedimentos e documentos administrativos que tramitem, exclusivamente, no \u00e2mbito do Tribunal de Justi\u00e7a do Esp\u00edrito Santo, dever\u00e3o,\u00a0<strong>a partir de 11 de mar\u00e7o de 2019<\/strong>, ser formalizados, obrigatoriamente, atrav\u00e9s do Sistema Eletr\u00f4nico de Informa\u00e7\u00f5es \u2013 SEI.<\/p>\n<p align=\"justify\">Par\u00e1grafo \u00fanico. N\u00e3o ser\u00e3o processados os procedimentos e documentos administrativos que n\u00e3o observarem a regra prevista no\u00a0<i>caput.<\/i><\/p>\n<p align=\"justify\">Art. 2\u00ba. A implanta\u00e7\u00e3o do Sistema Eletr\u00f4nico de Informa\u00e7\u00f5es \u2013 SEI na primeira inst\u00e2ncia ser\u00e1 regida por ato pr\u00f3prio, ap\u00f3s o treinamento dos servidores, raz\u00e3o pela qual n\u00e3o se aplica o disposto no artigo anterior aos procedimentos e documentos administrativos oriundos do 1\u00ba grau de jurisdi\u00e7\u00e3o.<\/p>\n<p align=\"justify\">Art. 3\u00ba. Este ato normativo entrar\u00e1 em vigor na data da sua publica\u00e7\u00e3o.<\/p>\n<p>Publique-se.<\/p>\n<p align=\"center\">Vit\u00f3ria\/ES, 28 de fevereiro de 2019.<\/p>\n<p align=\"center\">Desembargador SERGIO LUIZ TEIXEIRA GAMA<\/p>\n<p align=\"center\">Presidente<\/p>\n","protected":false},"excerpt":{"rendered":"<p>PODER JUDICI\u00c1RIO TRIBUNAL DE JUSTI\u00c7A DO ESTADO DO ESP\u00cdRITO SANTO PRESID\u00caNCIA ATO NORMATIVO N\u00ba 029 \/2019 Determina a utiliza\u00e7\u00e3o obrigat\u00f3ria do Sistema Eletr\u00f4nico de Informa\u00e7\u00f5es \u2013 SEI em toda 2\u00aa inst\u00e2ncia do Poder Judici\u00e1rio do Estado do Esp\u00edrito Santo. O Excelent\u00edssimo Senhor Desembargador SERGIO LUIZ TEIXEIRA GAMA, Presidente do Egr\u00e9gio Tribunal de Justi\u00e7a do Estado [&hellip;]<\/p>\n","protected":false},"author":9,"featured_media":0,"comment_status":"closed","ping_status":"closed","sticky":false,"template":"","format":"standard","meta":{"footnotes":""},"categories":[4],"tags":[],"_links":{"self":[{"href":"https:\/\/www.tjes.jus.br\/corregedoria\/wp-json\/wp\/v2\/posts\/26447"}],"collection":[{"href":"https:\/\/www.tjes.jus.br\/corregedoria\/wp-json\/wp\/v2\/posts"}],"about":[{"href":"https:\/\/www.tjes.jus.br\/corregedoria\/wp-json\/wp\/v2\/types\/post"}],"author":[{"embeddable":true,"href":"https:\/\/www.tjes.jus.br\/corregedoria\/wp-json\/wp\/v2\/users\/9"}],"replies":[{"embeddable":true,"href":"https:\/\/www.tjes.jus.br\/corregedoria\/wp-json\/wp\/v2\/comments?post=26447"}],"version-history":[{"count":1,"href":"https:\/\/www.tjes.jus.br\/corregedoria\/wp-json\/wp\/v2\/posts\/26447\/revisions"}],"predecessor-version":[{"id":26450,"href":"https:\/\/www.tjes.jus.br\/corregedoria\/wp-json\/wp\/v2\/posts\/26447\/revisions\/26450"}],"wp:attachment":[{"href":"https:\/\/www.tjes.jus.br\/corregedoria\/wp-json\/wp\/v2\/media?parent=26447"}],"wp:term":[{"taxonomy":"category","embeddable":true,"href":"https:\/\/www.tjes.jus.br\/corregedoria\/wp-json\/wp\/v2\/categories?post=26447"},{"taxonomy":"post_tag","embeddable":true,"href":"https:\/\/www.tjes.jus.br\/corregedoria\/wp-json\/wp\/v2\/tags?post=26447"}],"curies":[{"name":"wp","href":"https:\/\/api.w.org\/{rel}","templated":true}]}}