{"id":26477,"date":"2019-03-08T13:16:58","date_gmt":"2019-03-08T16:16:58","guid":{"rendered":"https:\/\/www.tjes.jus.br\/corregedoria\/?p=26477"},"modified":"2019-03-08T13:16:58","modified_gmt":"2019-03-08T16:16:58","slug":"ato-normativo-conjunto-no-004-2019-disp-08-03-2019","status":"publish","type":"post","link":"https:\/\/www.tjes.jus.br\/corregedoria\/2019\/03\/08\/ato-normativo-conjunto-no-004-2019-disp-08-03-2019\/","title":{"rendered":"ATO NORMATIVO CONJUNTO N\u00ba 004\/2019 &#8211; DISP. 08\/03\/2019"},"content":{"rendered":"<div class=\"override-text\" align=\"center\">ESTADO DO ESP\u00cdRITO SANTO<\/div>\n<div class=\"override-text\" align=\"center\">PODER JUDICI\u00c1RIO<\/div>\n<div class=\"override-text\" align=\"center\">TRIBUNAL DE JUSTI\u00c7A<i><\/i><\/div>\n<div class=\"override-text\" align=\"center\"><i>GABINETE DA PRESID\u00caNCIA<\/i><\/div>\n<div class=\"override-text\" align=\"center\">\n<p align=\"center\"><strong>ATO NORMATIVO CONJUNTO n\u00ba 004\/2019<\/strong><\/p>\n<p style=\"text-align: justify;\">Altera parcialmente o <a href=\"https:\/\/www.tjes.jus.br\/corregedoria\/2018\/10\/31\/ato-normativo-conjunto-no-041-2018-disp-30-10-2018\/\">Ato Normativo Conjunto n\u00ba 041\/2018<\/a>, que altera a composi\u00e7\u00e3o do Comit\u00ea Gestor de Tabelas Processuais Unificadas.<\/p>\n<p style=\"text-align: justify;\">Os Excelent\u00edssimos Senhores Desembargadores S\u00c9RGIO LUIZ TEIXEIRA GAMA, Presidente do Egr\u00e9gio Tribunal de Justi\u00e7a do Estado do Esp\u00edrito Santo, e SAMUEL MEIRA BRASIL J\u00daNIOR, Corregedor Geral da Justi\u00e7a, no uso de suas atribui\u00e7\u00f5es legais e regimentais, e<\/p>\n<p style=\"text-align: justify;\">CONSIDERANDO o teor do requerimento protocolado sob o n\u00ba 2018.01.830.978 e a necessidade de adequar a composi\u00e7\u00e3o do Comit\u00ea Gestor de Tabelas Processuais Unificadas;<\/p>\n<p style=\"text-align: justify;\">RESOLVE:<\/p>\n<p style=\"text-align: justify;\">Art. 1\u00ba \u2013 Fica alterada a composi\u00e7\u00e3o, no \u00e2mbito do Poder Judici\u00e1rio do Estado do Esp\u00edrito Santo, do Comit\u00ea Gestor das Tabelas Processuais Unificadas, no sentido de remover do mesmo a servidora Ros\u00e2ngela Santos Cardoso.<\/p>\n<p style=\"text-align: justify;\">Art. 2\u00ba \u2013 O presente Ato Normativo entra em vigor na data de sua publica\u00e7\u00e3o, revogando-se os dispositivos em contr\u00e1rio.<\/p>\n<p style=\"text-align: justify;\">Publique-se.<\/p>\n<p>Vit\u00f3ria\/ES, 22 de Fevereiro de 2019.<\/p>\n<p align=\"center\">Des. S\u00c9RGIO LUIZ TEIXEIRA GAMA<\/p>\n<p align=\"center\">Presidente<\/p>\n<p align=\"center\">Des. SAMUEL MEIRA BRASIL J\u00daNIOR<\/p>\n<p>Corregedor Geral da Justi\u00e7a<\/p>\n<\/div>\n","protected":false},"excerpt":{"rendered":"<p>ESTADO DO ESP\u00cdRITO SANTO PODER JUDICI\u00c1RIO TRIBUNAL DE JUSTI\u00c7A GABINETE DA PRESID\u00caNCIA ATO NORMATIVO CONJUNTO n\u00ba 004\/2019 Altera parcialmente o Ato Normativo Conjunto n\u00ba 041\/2018, que altera a composi\u00e7\u00e3o do Comit\u00ea Gestor de Tabelas Processuais Unificadas. Os Excelent\u00edssimos Senhores Desembargadores S\u00c9RGIO LUIZ TEIXEIRA GAMA, Presidente do Egr\u00e9gio Tribunal de Justi\u00e7a do Estado do Esp\u00edrito Santo, [&hellip;]<\/p>\n","protected":false},"author":9,"featured_media":0,"comment_status":"closed","ping_status":"closed","sticky":false,"template":"","format":"standard","meta":{"footnotes":""},"categories":[4],"tags":[],"_links":{"self":[{"href":"https:\/\/www.tjes.jus.br\/corregedoria\/wp-json\/wp\/v2\/posts\/26477"}],"collection":[{"href":"https:\/\/www.tjes.jus.br\/corregedoria\/wp-json\/wp\/v2\/posts"}],"about":[{"href":"https:\/\/www.tjes.jus.br\/corregedoria\/wp-json\/wp\/v2\/types\/post"}],"author":[{"embeddable":true,"href":"https:\/\/www.tjes.jus.br\/corregedoria\/wp-json\/wp\/v2\/users\/9"}],"replies":[{"embeddable":true,"href":"https:\/\/www.tjes.jus.br\/corregedoria\/wp-json\/wp\/v2\/comments?post=26477"}],"version-history":[{"count":1,"href":"https:\/\/www.tjes.jus.br\/corregedoria\/wp-json\/wp\/v2\/posts\/26477\/revisions"}],"predecessor-version":[{"id":26479,"href":"https:\/\/www.tjes.jus.br\/corregedoria\/wp-json\/wp\/v2\/posts\/26477\/revisions\/26479"}],"wp:attachment":[{"href":"https:\/\/www.tjes.jus.br\/corregedoria\/wp-json\/wp\/v2\/media?parent=26477"}],"wp:term":[{"taxonomy":"category","embeddable":true,"href":"https:\/\/www.tjes.jus.br\/corregedoria\/wp-json\/wp\/v2\/categories?post=26477"},{"taxonomy":"post_tag","embeddable":true,"href":"https:\/\/www.tjes.jus.br\/corregedoria\/wp-json\/wp\/v2\/tags?post=26477"}],"curies":[{"name":"wp","href":"https:\/\/api.w.org\/{rel}","templated":true}]}}