{"id":26478,"date":"2019-03-08T13:23:51","date_gmt":"2019-03-08T16:23:51","guid":{"rendered":"https:\/\/www.tjes.jus.br\/corregedoria\/?p=26478"},"modified":"2019-03-08T13:23:51","modified_gmt":"2019-03-08T16:23:51","slug":"ato-normativo-conjunto-no-005-2019-disp-08-03-2019","status":"publish","type":"post","link":"https:\/\/www.tjes.jus.br\/corregedoria\/2019\/03\/08\/ato-normativo-conjunto-no-005-2019-disp-08-03-2019\/","title":{"rendered":"ATO NORMATIVO CONJUNTO N\u00ba 005\/2019 &#8211; DISP. 08\/03\/2019"},"content":{"rendered":"<div class=\"override-text\" align=\"center\">ESTADO DO ESP\u00cdRITO SANTO<\/div>\n<div class=\"override-text\" align=\"center\">PODER JUDICI\u00c1RIO<\/div>\n<div class=\"override-text\" align=\"center\">TRIBUNAL DE JUSTI\u00c7A<\/div>\n<div class=\"override-text\" align=\"center\">GABINETE DA PRESID\u00caNCIA<\/div>\n<div class=\"override-text\" align=\"center\">\n<p align=\"center\">ATO NORMATIVO CONJUNTO N\u00ba 005\/2019<\/p>\n<p align=\"justify\">Determina a implanta\u00e7\u00e3o do Sistema Eletr\u00f4nico de Execu\u00e7\u00e3o Unificado \u2013 SEEU na 2\u00aa Vara Criminal de Guarapari, competente para processar as guias de execu\u00e7\u00e3o penal do regime aberto e livramento condicional, e d\u00e1 outras provid\u00eancias.<\/p>\n<p align=\"justify\">O Excelent\u00edssimo Senhor Desembargador S\u00c9RGIO LUIZ TEIXEIRA GAMA, Presidente do Egr\u00e9gio Tribunal de Justi\u00e7a do Estado do Esp\u00edrito Santo, e o Excelent\u00edssimo Senhor Desembargador FERNANDO ZARDINI ANTONIO, Supervisor das Varas Criminais e Execu\u00e7\u00f5es Penais, no uso de suas atribui\u00e7\u00f5es legais e,<\/p>\n<p align=\"justify\">CONSIDERANDO a Resolu\u00e7\u00e3o n\u00ba 223\/2016, de 27 de maio de 2016, do Colendo Conselho Nacional de Justi\u00e7a, que instituiu o Sistema Eletr\u00f4nico de Execu\u00e7\u00e3o Unificado (SEEU) como sistema de processamento de informa\u00e7\u00f5es e pr\u00e1tica de atos processuais relativos \u00e0 execu\u00e7\u00e3o penal;<\/p>\n<p align=\"justify\">CONSIDERANDO a necessidade de aprimoramento da gest\u00e3o da informa\u00e7\u00e3o no \u00e2mbito da execu\u00e7\u00e3o penal, tornando seu tr\u00e2mite processual mais c\u00e9lere, eficiente e uniforme;<\/p>\n<p align=\"justify\">CONSIDERANDO a defini\u00e7\u00e3o do Sistema Eletr\u00f4nico de Execu\u00e7\u00e3o Unificado \u2013 SEEU, como meio de controle informatizado da execu\u00e7\u00e3o penal, no \u00e2mbito da Justi\u00e7a Comum de Primeiro Grau do Estado do Esp\u00edrito Santo, conforme Ato Normativo Conjunto n\u00ba 01\/2019, publicado no Di\u00e1rio da Justi\u00e7a de 08\/01\/2019;<\/p>\n<p align=\"justify\">CONSIDERANDO que j\u00e1 ocorreu a implanta\u00e7\u00e3o do SEEU nas Varas com compet\u00eancia exclusiva em execu\u00e7\u00e3o penal deste Estado;<\/p>\n<p align=\"justify\">CONSIDERANDO o elevado n\u00famero de guias de execu\u00e7\u00e3o penal relativas ao regime aberto, livramento condicional e penas restritivas de direito atualmente em tramita\u00e7\u00e3o na 2\u00aa Vara Criminal de Guarapari, bem como o car\u00e1ter de mobilidade inerente \u00e0s execu\u00e7\u00f5es penais,<\/p>\n<p>RESOLVE:<\/p>\n<p align=\"justify\">Art. 1\u00ba. Determinar a implanta\u00e7\u00e3o do Sistema Eletr\u00f4nico de Execu\u00e7\u00e3o Unificado \u2013 SEEU, desenvolvido pelo Conselho Nacional de Justi\u00e7a, na 2\u00aa Vara Criminal da Comarca de Guarapari,\u00a0<strong>a partir de\u00a0<\/strong><strong>11<\/strong><strong>\u00a0de mar\u00e7o do corrente ano.<\/strong><\/p>\n<p align=\"justify\">Art. 2\u00ba.\u00a0A partir da data fixada no artigo anterior, estar\u00e1 vedada a expedi\u00e7\u00e3o de guia de execu\u00e7\u00e3o criminal nova no SIEP para a referida unidade judici\u00e1ria.<\/p>\n<p align=\"justify\">\u00a7 1\u00ba. Tratando-se de remessa de guia de execu\u00e7\u00e3o criminal em raz\u00e3o de progress\u00e3o para o regime aberto ou livramento condicional ou mudan\u00e7a de endere\u00e7o, dever\u00e1 ser realizada atrav\u00e9s do SEEU.<\/p>\n<p align=\"justify\">\u00a7 2\u00ba. Fica a crit\u00e9rio da referida unidade judici\u00e1ria a digitaliza\u00e7\u00e3o e cadastramento do acervo hoje existente no SEEU, caso possua condi\u00e7\u00f5es para tanto e, em caso negativo, o acervo continuar\u00e1 tramitando em meio f\u00edsico e processado no SIEP at\u00e9 a sua extin\u00e7\u00e3o.<\/p>\n<p align=\"justify\">\u00a7 3\u00b0. Em caso de regress\u00e3o ou qualquer outra causa que determine a remessa da guia de execu\u00e7\u00e3o criminal para uma das Varas de Execu\u00e7\u00e3o Penal do Estado, dever\u00e1 ser observado o disposto no art. 28, do Ato Normativo Conjunto n\u00ba 001\/2019.<\/p>\n<p align=\"justify\">Art. 3\u00ba. Aplicam-se, no que couber, as diretrizes do Ato Normativo Conjunto 001\/2019, publicado no Di\u00e1rio da Justi\u00e7a de 08\/01\/2019.<\/p>\n<p align=\"justify\">Art. 4\u00ba. Este Ato Normativo Conjunto entra em vigor na data de sua publica\u00e7\u00e3o.<\/p>\n<p align=\"justify\">Vit\u00f3ria\/ES, 07 de mar\u00e7o de 2019.<\/p>\n<p align=\"center\">Desembargador S\u00c9RGIO LUIZ TEIXEIRA GAMA<\/p>\n<p align=\"center\">Presidente do Tribunal de Justi\u00e7a do Estado do Esp\u00edrito Santo<\/p>\n<p align=\"center\">Desembargador FERNANDO\u00a0ZARDINI ANTONIO<\/p>\n<p align=\"center\">Supervisor das Varas Criminais, de Execu\u00e7\u00f5es Penais e de Viol\u00eancia Dom\u00e9stica do Tribunal de Justi\u00e7a do Estado do Esp\u00edrito Santo<\/p>\n<\/div>\n","protected":false},"excerpt":{"rendered":"<p>ESTADO DO ESP\u00cdRITO SANTO PODER JUDICI\u00c1RIO TRIBUNAL DE JUSTI\u00c7A GABINETE DA PRESID\u00caNCIA ATO NORMATIVO CONJUNTO N\u00ba 005\/2019 Determina a implanta\u00e7\u00e3o do Sistema Eletr\u00f4nico de Execu\u00e7\u00e3o Unificado \u2013 SEEU na 2\u00aa Vara Criminal de Guarapari, competente para processar as guias de execu\u00e7\u00e3o penal do regime aberto e livramento condicional, e d\u00e1 outras provid\u00eancias. O Excelent\u00edssimo Senhor [&hellip;]<\/p>\n","protected":false},"author":9,"featured_media":0,"comment_status":"closed","ping_status":"closed","sticky":false,"template":"","format":"standard","meta":{"footnotes":""},"categories":[4],"tags":[],"_links":{"self":[{"href":"https:\/\/www.tjes.jus.br\/corregedoria\/wp-json\/wp\/v2\/posts\/26478"}],"collection":[{"href":"https:\/\/www.tjes.jus.br\/corregedoria\/wp-json\/wp\/v2\/posts"}],"about":[{"href":"https:\/\/www.tjes.jus.br\/corregedoria\/wp-json\/wp\/v2\/types\/post"}],"author":[{"embeddable":true,"href":"https:\/\/www.tjes.jus.br\/corregedoria\/wp-json\/wp\/v2\/users\/9"}],"replies":[{"embeddable":true,"href":"https:\/\/www.tjes.jus.br\/corregedoria\/wp-json\/wp\/v2\/comments?post=26478"}],"version-history":[{"count":1,"href":"https:\/\/www.tjes.jus.br\/corregedoria\/wp-json\/wp\/v2\/posts\/26478\/revisions"}],"predecessor-version":[{"id":26482,"href":"https:\/\/www.tjes.jus.br\/corregedoria\/wp-json\/wp\/v2\/posts\/26478\/revisions\/26482"}],"wp:attachment":[{"href":"https:\/\/www.tjes.jus.br\/corregedoria\/wp-json\/wp\/v2\/media?parent=26478"}],"wp:term":[{"taxonomy":"category","embeddable":true,"href":"https:\/\/www.tjes.jus.br\/corregedoria\/wp-json\/wp\/v2\/categories?post=26478"},{"taxonomy":"post_tag","embeddable":true,"href":"https:\/\/www.tjes.jus.br\/corregedoria\/wp-json\/wp\/v2\/tags?post=26478"}],"curies":[{"name":"wp","href":"https:\/\/api.w.org\/{rel}","templated":true}]}}