{"id":2648,"date":"2016-06-21T16:13:19","date_gmt":"2016-06-21T19:13:19","guid":{"rendered":"https:\/\/www.tjes.jus.br\/corregedoria\/?p=2648"},"modified":"2018-02-09T14:40:07","modified_gmt":"2018-02-09T16:40:07","slug":"ato-normativo-n-1852013-disp-19122013-republicacao","status":"publish","type":"post","link":"https:\/\/www.tjes.jus.br\/corregedoria\/2016\/06\/21\/ato-normativo-n-1852013-disp-19122013-republicacao\/","title":{"rendered":"ATO NORMATIVO N\u00ba 185\/2013 &#8211; DISP. 19\/12\/2013 &#8211; REPUBLICA\u00c7\u00c3O"},"content":{"rendered":"<p style=\"text-align: center;\" align=\"center\"><strong>ESTADO DO ESP\u00cdRITO SANTO<\/strong><\/p>\n<p style=\"text-align: center;\" align=\"center\"><strong>PODER JUDICI\u00c1RIO<\/strong><\/p>\n<p style=\"text-align: center;\" align=\"center\"><strong>TRIBUNAL DE JUSTI\u00c7A<\/strong><\/p>\n<p style=\"text-align: center;\" align=\"center\"><strong>ATO NORMATIVO N\u00ba 185\/2013<\/strong><\/p>\n<p style=\"text-align: justify;\"><strong>O EXCELENT\u00cdSSIMO SENHOR DESEMBARGADOR PEDRO VALLS FEU ROSA, PRESIDENTE DO EGR\u00c9GIO TRIBUNAL DE JUSTI\u00c7A DO ESTADO DO ESP\u00cdRITO SANTO, NO USO DE SUAS ATRIBUI\u00c7\u00d5ES LEGAIS, E<\/strong><\/p>\n<p style=\"text-align: justify;\"><strong>RESOLVE:<\/strong><\/p>\n<p style=\"text-align: justify;\"><strong>Art. 1\u00ba INCLUIR<\/strong> o servidor Ricardo Destefani Passamani, matr\u00edcula n\u00ba 20942300, Analista Judici\u00e1rio 02 \u2013 Especialidade: inform\u00e1tica, no grupo de trabalho para acompanhamento da Meta 18 do Conselho Nacional de Justi\u00e7a, constitu\u00eddo pelo <a href=\"https:\/\/www.tjes.jus.br\/corregedoria\/index.php\/2016\/06\/27\/ato-normativo-no-0122013-disp-06032013-revogado\/\" target=\"_blank\" rel=\"noopener\">Ato Normativo n\u00ba 012<\/a>, publicado no \u201cDJ\u201d de 06\/03\/2013.<\/p>\n<p style=\"text-align: justify;\"><strong>Publique-se.<\/strong><\/p>\n<p style=\"text-align: center;\" align=\"center\">Vit\u00f3ria\/ES, 16 de dezembro de 2013.<\/p>\n<p style=\"text-align: center;\" align=\"center\"><strong>Desembargador PEDRO VALLS FEU ROSA<br \/>\nPresidente<\/strong><\/p>\n<h2 style=\"text-align: center;\" align=\"center\"><span style=\"color: red;\">REPUBLICADO POR TER SIDO REDIGIDO COM INCORRE\u00c7\u00c3O<\/span><\/h2>\n","protected":false},"excerpt":{"rendered":"<p>ESTADO DO ESP\u00cdRITO SANTO PODER JUDICI\u00c1RIO TRIBUNAL DE JUSTI\u00c7A ATO NORMATIVO N\u00ba 185\/2013 O EXCELENT\u00cdSSIMO SENHOR DESEMBARGADOR PEDRO VALLS FEU ROSA, PRESIDENTE DO EGR\u00c9GIO TRIBUNAL DE JUSTI\u00c7A DO ESTADO DO ESP\u00cdRITO SANTO, NO USO DE SUAS ATRIBUI\u00c7\u00d5ES LEGAIS, E RESOLVE: Art. 1\u00ba INCLUIR o servidor Ricardo Destefani Passamani, matr\u00edcula n\u00ba 20942300, Analista Judici\u00e1rio 02 \u2013 [&hellip;]<\/p>\n","protected":false},"author":1,"featured_media":0,"comment_status":"open","ping_status":"open","sticky":false,"template":"","format":"standard","meta":{"footnotes":""},"categories":[4,14],"tags":[],"_links":{"self":[{"href":"https:\/\/www.tjes.jus.br\/corregedoria\/wp-json\/wp\/v2\/posts\/2648"}],"collection":[{"href":"https:\/\/www.tjes.jus.br\/corregedoria\/wp-json\/wp\/v2\/posts"}],"about":[{"href":"https:\/\/www.tjes.jus.br\/corregedoria\/wp-json\/wp\/v2\/types\/post"}],"author":[{"embeddable":true,"href":"https:\/\/www.tjes.jus.br\/corregedoria\/wp-json\/wp\/v2\/users\/1"}],"replies":[{"embeddable":true,"href":"https:\/\/www.tjes.jus.br\/corregedoria\/wp-json\/wp\/v2\/comments?post=2648"}],"version-history":[{"count":4,"href":"https:\/\/www.tjes.jus.br\/corregedoria\/wp-json\/wp\/v2\/posts\/2648\/revisions"}],"predecessor-version":[{"id":22256,"href":"https:\/\/www.tjes.jus.br\/corregedoria\/wp-json\/wp\/v2\/posts\/2648\/revisions\/22256"}],"wp:attachment":[{"href":"https:\/\/www.tjes.jus.br\/corregedoria\/wp-json\/wp\/v2\/media?parent=2648"}],"wp:term":[{"taxonomy":"category","embeddable":true,"href":"https:\/\/www.tjes.jus.br\/corregedoria\/wp-json\/wp\/v2\/categories?post=2648"},{"taxonomy":"post_tag","embeddable":true,"href":"https:\/\/www.tjes.jus.br\/corregedoria\/wp-json\/wp\/v2\/tags?post=2648"}],"curies":[{"name":"wp","href":"https:\/\/api.w.org\/{rel}","templated":true}]}}