{"id":26490,"date":"2019-03-11T13:29:06","date_gmt":"2019-03-11T16:29:06","guid":{"rendered":"https:\/\/www.tjes.jus.br\/corregedoria\/?p=26490"},"modified":"2019-03-11T13:30:29","modified_gmt":"2019-03-11T16:30:29","slug":"ato-de-exclusao-no-ato-normativo-n-102-2015-disp-11-03-2019","status":"publish","type":"post","link":"https:\/\/www.tjes.jus.br\/corregedoria\/2019\/03\/11\/ato-de-exclusao-no-ato-normativo-n-102-2015-disp-11-03-2019\/","title":{"rendered":"ATO DE EXCLUS\u00c3O NO ATO NORMATIVO N\u00b0 102\/2015 &#8211; DISP. 11\/03\/2019"},"content":{"rendered":"<p align=\"center\">ESTADO DO ESP\u00cdRITO SANTO<\/p>\n<p align=\"center\">PODER JUDICI\u00c1RIO<\/p>\n<p align=\"center\">TRIBUNAL DE JUSTI\u00c7A<\/p>\n<p align=\"center\">PRESID\u00caNCIA<\/p>\n<p align=\"justify\"><span lang=\"pt-BR\">EXCLUS\u00c3O ASSINADA PELO EXCELENT\u00cdSSIMO SENHOR DESEMBARGADOR PRESIDENTE DO EGR\u00c9GIO TRIBUNAL DE JUSTI\u00c7A DO ESP\u00cdRITO SANTO.<\/span><\/p>\n<p align=\"justify\"><span lang=\"pt-BR\">Na reda\u00e7\u00e3o do <a href=\"https:\/\/www.tjes.jus.br\/corregedoria\/2016\/06\/07\/ato-normativo-no-1022015-disp-10062015\/\" target=\"_blank\" rel=\"noopener\">Ato Normativo N\u00ba 102\/2015<\/a>, disponibilizado no Di\u00e1rio da Justi\u00e7a de 10\/06\/2015, que incluiu as Analistas Judici\u00e1rias Paula Morgado Horta Monjardim Cavalcanti, mat. 200327-22 e Lavinia Vieira de Andrade Souza, mat. 207868-94, para atuarem no 1\u00ba Centro Judici\u00e1rio de Solu\u00e7\u00e3o de Conflitos e Cidadania \u2013 CEJUSC, nos termos das Resolu\u00e7\u00f5es n\u00bas 125 do CNJ e 17\/2013 do TJES.<\/span><\/p>\n<p align=\"justify\"><span lang=\"pt-BR\">Excluir:<\/span><span lang=\"pt-BR\">\u00a0Paula Morgado Horta Monjardim Cavalcanti.<\/span><\/p>\n<p><span lang=\"pt-BR\">PUBLIQUE\u2013SE.<\/span><\/p>\n<p align=\"justify\"><span lang=\"pt-BR\">Vit\u00f3ria, 08 de mar\u00e7o de 2019.<\/span><\/p>\n<p align=\"center\"><span lang=\"pt-BR\">Des. S\u00c9RGIO LUIZ TEIXEIRA GAMA<\/span><\/p>\n<p align=\"center\"><span lang=\"pt-BR\">Presidente<\/span><\/p>\n","protected":false},"excerpt":{"rendered":"<p>ESTADO DO ESP\u00cdRITO SANTO PODER JUDICI\u00c1RIO TRIBUNAL DE JUSTI\u00c7A PRESID\u00caNCIA EXCLUS\u00c3O ASSINADA PELO EXCELENT\u00cdSSIMO SENHOR DESEMBARGADOR PRESIDENTE DO EGR\u00c9GIO TRIBUNAL DE JUSTI\u00c7A DO ESP\u00cdRITO SANTO. Na reda\u00e7\u00e3o do Ato Normativo N\u00ba 102\/2015, disponibilizado no Di\u00e1rio da Justi\u00e7a de 10\/06\/2015, que incluiu as Analistas Judici\u00e1rias Paula Morgado Horta Monjardim Cavalcanti, mat. 200327-22 e Lavinia Vieira de [&hellip;]<\/p>\n","protected":false},"author":9,"featured_media":0,"comment_status":"closed","ping_status":"closed","sticky":false,"template":"","format":"standard","meta":{"footnotes":""},"categories":[4],"tags":[],"_links":{"self":[{"href":"https:\/\/www.tjes.jus.br\/corregedoria\/wp-json\/wp\/v2\/posts\/26490"}],"collection":[{"href":"https:\/\/www.tjes.jus.br\/corregedoria\/wp-json\/wp\/v2\/posts"}],"about":[{"href":"https:\/\/www.tjes.jus.br\/corregedoria\/wp-json\/wp\/v2\/types\/post"}],"author":[{"embeddable":true,"href":"https:\/\/www.tjes.jus.br\/corregedoria\/wp-json\/wp\/v2\/users\/9"}],"replies":[{"embeddable":true,"href":"https:\/\/www.tjes.jus.br\/corregedoria\/wp-json\/wp\/v2\/comments?post=26490"}],"version-history":[{"count":1,"href":"https:\/\/www.tjes.jus.br\/corregedoria\/wp-json\/wp\/v2\/posts\/26490\/revisions"}],"predecessor-version":[{"id":26492,"href":"https:\/\/www.tjes.jus.br\/corregedoria\/wp-json\/wp\/v2\/posts\/26490\/revisions\/26492"}],"wp:attachment":[{"href":"https:\/\/www.tjes.jus.br\/corregedoria\/wp-json\/wp\/v2\/media?parent=26490"}],"wp:term":[{"taxonomy":"category","embeddable":true,"href":"https:\/\/www.tjes.jus.br\/corregedoria\/wp-json\/wp\/v2\/categories?post=26490"},{"taxonomy":"post_tag","embeddable":true,"href":"https:\/\/www.tjes.jus.br\/corregedoria\/wp-json\/wp\/v2\/tags?post=26490"}],"curies":[{"name":"wp","href":"https:\/\/api.w.org\/{rel}","templated":true}]}}