{"id":2650,"date":"2016-06-21T16:14:00","date_gmt":"2016-06-21T19:14:00","guid":{"rendered":"https:\/\/www.tjes.jus.br\/corregedoria\/?p=2650"},"modified":"2018-02-09T14:40:23","modified_gmt":"2018-02-09T16:40:23","slug":"ato-normativo-n-1852013-disp-18122013","status":"publish","type":"post","link":"https:\/\/www.tjes.jus.br\/corregedoria\/2016\/06\/21\/ato-normativo-n-1852013-disp-18122013\/","title":{"rendered":"ATO NORMATIVO N\u00ba 185\/2013 &#8211; DISP. 18\/12\/2013 &#8211; REPUBLICADO"},"content":{"rendered":"<h2 align=\"center\"><span style=\"color: #ff0000;\">REPUBLICADO EM\u00a019\/12\/2013 POR CONTER INCORRE\u00c7\u00c3O (CLIQUE AQUI)<\/span><\/h2>\n<p align=\"center\"><del><strong>ESTADO DO ESP\u00cdRITO SANTO<\/strong><\/del><\/p>\n<p align=\"center\"><del><strong>PODER JUDICI\u00c1RIO<\/strong><\/del><\/p>\n<p align=\"center\"><del><strong>TRIBUNAL DE JUSTI\u00c7A<\/strong><\/del><\/p>\n<p align=\"center\"><del><strong>ATO NORMATIVO N\u00ba 185\/2013<\/strong><\/del><\/p>\n<p style=\"text-align: justify;\"><del><strong>O EXCELENT\u00cdSSIMO SENHOR DESEMBARGADOR PEDRO VALLS FEU ROSA, PRESIDENTE DO EGR\u00c9GIO TRIBUNAL DE JUSTI\u00c7A DO ESTADO DO ESP\u00cdRITO SANTO, NO USO DE SUAS ATRIBUI\u00c7\u00d5ES LEGAIS, E<\/strong><\/del><\/p>\n<p style=\"text-align: justify;\"><del><strong>RESOLVE:<\/strong><\/del><\/p>\n<p style=\"text-align: justify;\"><del>Art. 1\u00ba <strong>INCLUIR<\/strong> o servidor Ricardo Destefani Passamani, matr\u00edcula n\u00ba 2094200, Analista Judici\u00e1rio 02 \u2013 Especialidade: inform\u00e1tica, no grupo de trabalho para acompanhamento da Meta 18 do Conselho Nacional de Justi\u00e7a, constitu\u00eddo pelo Ato Normativo n\u00ba 012, publicado no \u201cDJ\u201d de 06\/03\/2013.<\/del><\/p>\n<p style=\"text-align: justify;\"><del>Publique-se.<\/del><\/p>\n<p style=\"text-align: center;\" align=\"center\"><del>Vit\u00f3ria\/ES, 16 de dezembro de 2013.<\/del><\/p>\n<p style=\"text-align: center;\"><del><strong>Desembargador PEDRO VALLS FEU ROSA<br \/>\n<\/strong><strong>Presidente<\/strong><\/del><\/p>\n","protected":false},"excerpt":{"rendered":"<p>REPUBLICADO EM\u00a019\/12\/2013 POR CONTER INCORRE\u00c7\u00c3O (CLIQUE AQUI) ESTADO DO ESP\u00cdRITO SANTO PODER JUDICI\u00c1RIO TRIBUNAL DE JUSTI\u00c7A ATO NORMATIVO N\u00ba 185\/2013 O EXCELENT\u00cdSSIMO SENHOR DESEMBARGADOR PEDRO VALLS FEU ROSA, PRESIDENTE DO EGR\u00c9GIO TRIBUNAL DE JUSTI\u00c7A DO ESTADO DO ESP\u00cdRITO SANTO, NO USO DE SUAS ATRIBUI\u00c7\u00d5ES LEGAIS, E RESOLVE: Art. 1\u00ba INCLUIR o servidor Ricardo Destefani Passamani, [&hellip;]<\/p>\n","protected":false},"author":1,"featured_media":0,"comment_status":"open","ping_status":"open","sticky":false,"template":"","format":"standard","meta":{"footnotes":""},"categories":[4,14],"tags":[],"_links":{"self":[{"href":"https:\/\/www.tjes.jus.br\/corregedoria\/wp-json\/wp\/v2\/posts\/2650"}],"collection":[{"href":"https:\/\/www.tjes.jus.br\/corregedoria\/wp-json\/wp\/v2\/posts"}],"about":[{"href":"https:\/\/www.tjes.jus.br\/corregedoria\/wp-json\/wp\/v2\/types\/post"}],"author":[{"embeddable":true,"href":"https:\/\/www.tjes.jus.br\/corregedoria\/wp-json\/wp\/v2\/users\/1"}],"replies":[{"embeddable":true,"href":"https:\/\/www.tjes.jus.br\/corregedoria\/wp-json\/wp\/v2\/comments?post=2650"}],"version-history":[{"count":4,"href":"https:\/\/www.tjes.jus.br\/corregedoria\/wp-json\/wp\/v2\/posts\/2650\/revisions"}],"predecessor-version":[{"id":22257,"href":"https:\/\/www.tjes.jus.br\/corregedoria\/wp-json\/wp\/v2\/posts\/2650\/revisions\/22257"}],"wp:attachment":[{"href":"https:\/\/www.tjes.jus.br\/corregedoria\/wp-json\/wp\/v2\/media?parent=2650"}],"wp:term":[{"taxonomy":"category","embeddable":true,"href":"https:\/\/www.tjes.jus.br\/corregedoria\/wp-json\/wp\/v2\/categories?post=2650"},{"taxonomy":"post_tag","embeddable":true,"href":"https:\/\/www.tjes.jus.br\/corregedoria\/wp-json\/wp\/v2\/tags?post=2650"}],"curies":[{"name":"wp","href":"https:\/\/api.w.org\/{rel}","templated":true}]}}