{"id":2652,"date":"2016-06-21T16:14:46","date_gmt":"2016-06-21T19:14:46","guid":{"rendered":"https:\/\/www.tjes.jus.br\/corregedoria\/?p=2652"},"modified":"2018-02-09T14:40:37","modified_gmt":"2018-02-09T16:40:37","slug":"ato-normativo-n-1842013-disp-18122013","status":"publish","type":"post","link":"https:\/\/www.tjes.jus.br\/corregedoria\/2016\/06\/21\/ato-normativo-n-1842013-disp-18122013\/","title":{"rendered":"ATO NORMATIVO N\u00ba 184\/2013 &#8211; DISP. 18\/12\/2013"},"content":{"rendered":"<p align=\"center\"><strong>ESTADO DO ESP\u00cdRITO SANTO<\/strong><\/p>\n<p align=\"center\"><strong>PODER JUDICI\u00c1RIO<\/strong><\/p>\n<p align=\"center\"><strong>TRIBUNAL DE JUSTI\u00c7A<\/strong><\/p>\n<p align=\"center\"><strong>ATO NORMATIVO N\u00ba 184\/2013<\/strong><\/p>\n<p style=\"text-align: justify;\"><strong>O EXCELENT\u00cdSSIMO SENHOR DESEMBARGADOR PEDRO VALLS FEU ROSA, PRESIDENTE DO EGR\u00c9GIO TRIBUNAL DE JUSTI\u00c7A DO ESTADO DO ESP\u00cdRITO SANTO, NO USO DE SUAS ATRIBUI\u00c7\u00d5ES LEGAIS, E<\/strong><\/p>\n<p style=\"text-align: justify;\"><strong>RESOLVE:<\/strong><\/p>\n<p style=\"text-align: justify;\"><strong>Art. 1\u00ba<\/strong> Cessar, a pedido, a <a href=\"https:\/\/www.tjes.jus.br\/corregedoria\/index.php\/2017\/04\/18\/ato-normativo-conjunto-no-112009-publ-14072009\/\" target=\"_blank\" rel=\"noopener\">designa\u00e7\u00e3o do Juiz de Direito VALERIANO CEZARIO BOLZAN<\/a> como respons\u00e1vel pela gest\u00e3o dos trabalhos de acompanhamento da execu\u00e7\u00e3o dos planejamentos e projetos tra\u00e7ados pela Administra\u00e7\u00e3o para cumprimento das Metas estabelecidas pelo Conselho Nacional de Justi\u00e7a.<\/p>\n<p style=\"text-align: justify;\">Publique-se.<\/p>\n<p style=\"text-align: center;\" align=\"center\">Vit\u00f3ria\/ES, 16 de dezembro de 2013.<\/p>\n<p style=\"text-align: center;\"><strong>Desembargador PEDRO VALLS FEU ROSA<br \/>\n<\/strong><strong>Presidente<\/strong><\/p>\n","protected":false},"excerpt":{"rendered":"<p>ESTADO DO ESP\u00cdRITO SANTO PODER JUDICI\u00c1RIO TRIBUNAL DE JUSTI\u00c7A ATO NORMATIVO N\u00ba 184\/2013 O EXCELENT\u00cdSSIMO SENHOR DESEMBARGADOR PEDRO VALLS FEU ROSA, PRESIDENTE DO EGR\u00c9GIO TRIBUNAL DE JUSTI\u00c7A DO ESTADO DO ESP\u00cdRITO SANTO, NO USO DE SUAS ATRIBUI\u00c7\u00d5ES LEGAIS, E RESOLVE: Art. 1\u00ba Cessar, a pedido, a designa\u00e7\u00e3o do Juiz de Direito VALERIANO CEZARIO BOLZAN como [&hellip;]<\/p>\n","protected":false},"author":1,"featured_media":0,"comment_status":"open","ping_status":"open","sticky":false,"template":"","format":"standard","meta":{"footnotes":""},"categories":[4,14],"tags":[],"_links":{"self":[{"href":"https:\/\/www.tjes.jus.br\/corregedoria\/wp-json\/wp\/v2\/posts\/2652"}],"collection":[{"href":"https:\/\/www.tjes.jus.br\/corregedoria\/wp-json\/wp\/v2\/posts"}],"about":[{"href":"https:\/\/www.tjes.jus.br\/corregedoria\/wp-json\/wp\/v2\/types\/post"}],"author":[{"embeddable":true,"href":"https:\/\/www.tjes.jus.br\/corregedoria\/wp-json\/wp\/v2\/users\/1"}],"replies":[{"embeddable":true,"href":"https:\/\/www.tjes.jus.br\/corregedoria\/wp-json\/wp\/v2\/comments?post=2652"}],"version-history":[{"count":4,"href":"https:\/\/www.tjes.jus.br\/corregedoria\/wp-json\/wp\/v2\/posts\/2652\/revisions"}],"predecessor-version":[{"id":22258,"href":"https:\/\/www.tjes.jus.br\/corregedoria\/wp-json\/wp\/v2\/posts\/2652\/revisions\/22258"}],"wp:attachment":[{"href":"https:\/\/www.tjes.jus.br\/corregedoria\/wp-json\/wp\/v2\/media?parent=2652"}],"wp:term":[{"taxonomy":"category","embeddable":true,"href":"https:\/\/www.tjes.jus.br\/corregedoria\/wp-json\/wp\/v2\/categories?post=2652"},{"taxonomy":"post_tag","embeddable":true,"href":"https:\/\/www.tjes.jus.br\/corregedoria\/wp-json\/wp\/v2\/tags?post=2652"}],"curies":[{"name":"wp","href":"https:\/\/api.w.org\/{rel}","templated":true}]}}