{"id":2658,"date":"2016-06-21T16:16:35","date_gmt":"2016-06-21T19:16:35","guid":{"rendered":"https:\/\/www.tjes.jus.br\/corregedoria\/?p=2658"},"modified":"2018-02-09T14:41:05","modified_gmt":"2018-02-09T16:41:05","slug":"ato-normativo-n-1812013-disp-18122013","status":"publish","type":"post","link":"https:\/\/www.tjes.jus.br\/corregedoria\/2016\/06\/21\/ato-normativo-n-1812013-disp-18122013\/","title":{"rendered":"ATO NORMATIVO N\u00ba 181\/2013 &#8211; DISP. 18\/12\/2013"},"content":{"rendered":"<p style=\"text-align: center;\"><strong>ESTADO DO ESP\u00cdRITO SANTO<\/strong><\/p>\n<p style=\"text-align: center;\"><strong>PODER JUDICI\u00c1RIO<\/strong><\/p>\n<p style=\"text-align: center;\"><strong>TRIBUNAL DE JUSTI\u00c7A<\/strong><\/p>\n<p style=\"text-align: center;\"><strong>ATO NORMATIVO N\u00ba 181\/2013<\/strong><\/p>\n<p style=\"text-align: justify;\"><strong>O EXCELENT\u00cdSSIMO SENHOR DESEMBARGADOR PEDRO VALLS FEU ROSA, PRESIDENTE DO EGR\u00c9GIO TRIBUNAL DE JUSTI\u00c7A DO ESTADO DO ESP\u00cdRITO SANTO, NO USO DE SUAS ATRIBUI\u00c7\u00d5ES LEGAIS, E<\/strong><\/p>\n<p style=\"text-align: justify;\"><strong>RESOLVE:<\/strong><\/p>\n<p style=\"text-align: justify;\"><strong>Art. 1\u00ba <\/strong>Excluir, a pedido, o Juiz de Direito VALERIANO CEZARIO BOLZAN do grupo de trabalho para estudos a respeito da aplica\u00e7\u00e3o da Lei n\u00ba 12.537, de 18 de novembro de 2011 \u2013 Lei de Acesso \u00e0 Informa\u00e7\u00e3o, constitu\u00eddo por meio do <a href=\"https:\/\/www.tjes.jus.br\/corregedoria\/index.php\/2016\/08\/26\/ato-normativo-no-0862012-disp-19072012\/\" target=\"_blank\" rel=\"noopener\">Ato Normativo n\u00ba 86, publicado no \u201cDJ\u201d de 19\/07\/2012<\/a>.<\/p>\n<p style=\"text-align: justify;\">Publique-se.<\/p>\n<p style=\"text-align: justify;\">Vit\u00f3ria\/ES, 16 de dezembro de 2013.<\/p>\n<p style=\"text-align: center;\"><strong>Desembargador PEDRO VALLS FEU ROSA<br \/>\nPresidente<\/strong><\/p>\n","protected":false},"excerpt":{"rendered":"<p>ESTADO DO ESP\u00cdRITO SANTO PODER JUDICI\u00c1RIO TRIBUNAL DE JUSTI\u00c7A ATO NORMATIVO N\u00ba 181\/2013 O EXCELENT\u00cdSSIMO SENHOR DESEMBARGADOR PEDRO VALLS FEU ROSA, PRESIDENTE DO EGR\u00c9GIO TRIBUNAL DE JUSTI\u00c7A DO ESTADO DO ESP\u00cdRITO SANTO, NO USO DE SUAS ATRIBUI\u00c7\u00d5ES LEGAIS, E RESOLVE: Art. 1\u00ba Excluir, a pedido, o Juiz de Direito VALERIANO CEZARIO BOLZAN do grupo de [&hellip;]<\/p>\n","protected":false},"author":1,"featured_media":0,"comment_status":"open","ping_status":"open","sticky":false,"template":"","format":"standard","meta":{"footnotes":""},"categories":[4,14],"tags":[],"_links":{"self":[{"href":"https:\/\/www.tjes.jus.br\/corregedoria\/wp-json\/wp\/v2\/posts\/2658"}],"collection":[{"href":"https:\/\/www.tjes.jus.br\/corregedoria\/wp-json\/wp\/v2\/posts"}],"about":[{"href":"https:\/\/www.tjes.jus.br\/corregedoria\/wp-json\/wp\/v2\/types\/post"}],"author":[{"embeddable":true,"href":"https:\/\/www.tjes.jus.br\/corregedoria\/wp-json\/wp\/v2\/users\/1"}],"replies":[{"embeddable":true,"href":"https:\/\/www.tjes.jus.br\/corregedoria\/wp-json\/wp\/v2\/comments?post=2658"}],"version-history":[{"count":4,"href":"https:\/\/www.tjes.jus.br\/corregedoria\/wp-json\/wp\/v2\/posts\/2658\/revisions"}],"predecessor-version":[{"id":22260,"href":"https:\/\/www.tjes.jus.br\/corregedoria\/wp-json\/wp\/v2\/posts\/2658\/revisions\/22260"}],"wp:attachment":[{"href":"https:\/\/www.tjes.jus.br\/corregedoria\/wp-json\/wp\/v2\/media?parent=2658"}],"wp:term":[{"taxonomy":"category","embeddable":true,"href":"https:\/\/www.tjes.jus.br\/corregedoria\/wp-json\/wp\/v2\/categories?post=2658"},{"taxonomy":"post_tag","embeddable":true,"href":"https:\/\/www.tjes.jus.br\/corregedoria\/wp-json\/wp\/v2\/tags?post=2658"}],"curies":[{"name":"wp","href":"https:\/\/api.w.org\/{rel}","templated":true}]}}