{"id":26584,"date":"2019-03-19T13:41:06","date_gmt":"2019-03-19T16:41:06","guid":{"rendered":"https:\/\/www.tjes.jus.br\/corregedoria\/?p=26584"},"modified":"2019-03-19T13:41:06","modified_gmt":"2019-03-19T16:41:06","slug":"ato-normativo-no-033-2019-disp-19-03-2019","status":"publish","type":"post","link":"https:\/\/www.tjes.jus.br\/corregedoria\/2019\/03\/19\/ato-normativo-no-033-2019-disp-19-03-2019\/","title":{"rendered":"ATO NORMATIVO N\u00ba 033\/2019 \u2013 DISP. 19\/03\/2019"},"content":{"rendered":"<p align=\"center\">ESTADO DO ESP\u00cdRITO SANTO<\/p>\n<p align=\"center\">PODER JUDICI\u00c1RIO<\/p>\n<p align=\"center\">TRIBUNAL DE JUSTI\u00c7A<i><\/i><\/p>\n<p align=\"center\"><i>GABINETE DA PRESID\u00caNCIA<\/i><\/p>\n<p align=\"center\"><strong>ATO NORMATIVO n\u00ba 033\/2019<\/strong><\/p>\n<p>O Excelent\u00edssimo Senhor Desembargador S\u00e9rgio Luiz Teixeira Gama, Presidente do Egr\u00e9gio Tribunal de Justi\u00e7a do Estado do Esp\u00edrito Santo, no uso de suas atribui\u00e7\u00f5es legais,<\/p>\n<p>CONSIDERANDO o teor do expediente protocolado neste Egr\u00e9gio Tribunal de Justi\u00e7a sob o n\u00famero 7001163-33.2019.8.08.0000, encaminhado pelo Exmo. Sr. Dr. Marcelo Soares Gomes, Juiz de Direito Diretor do Foro de Itarana, informando que no dia 27 de Fevereiro de 2019 houve interrup\u00e7\u00e3o do servi\u00e7o de internet na aludida data, o que inviabilizou o regular desempenho das atividades forenses;<\/p>\n<p>RESOLVE:<\/p>\n<p>CONSIDERAR SUSPENSOS os prazos processuais no dia 27 de Fevereiro de 2019 na Comarca de Itarana, com aproveitamento dos atos praticados.<\/p>\n<p>Publique-se.<\/p>\n<p>&nbsp;<\/p>\n<p align=\"center\">Vit\u00f3ria, 12 de Mar\u00e7o de 2019.<\/p>\n<p align=\"center\">\n<p align=\"center\">Desembargador S\u00c9RGIO LUIZ TEIXEIRA GAMA<\/p>\n<p align=\"center\">Presidente<\/p>\n","protected":false},"excerpt":{"rendered":"<p>ESTADO DO ESP\u00cdRITO SANTO PODER JUDICI\u00c1RIO TRIBUNAL DE JUSTI\u00c7A GABINETE DA PRESID\u00caNCIA ATO NORMATIVO n\u00ba 033\/2019 O Excelent\u00edssimo Senhor Desembargador S\u00e9rgio Luiz Teixeira Gama, Presidente do Egr\u00e9gio Tribunal de Justi\u00e7a do Estado do Esp\u00edrito Santo, no uso de suas atribui\u00e7\u00f5es legais, CONSIDERANDO o teor do expediente protocolado neste Egr\u00e9gio Tribunal de Justi\u00e7a sob o n\u00famero [&hellip;]<\/p>\n","protected":false},"author":9,"featured_media":0,"comment_status":"closed","ping_status":"closed","sticky":false,"template":"","format":"standard","meta":{"footnotes":""},"categories":[4],"tags":[],"_links":{"self":[{"href":"https:\/\/www.tjes.jus.br\/corregedoria\/wp-json\/wp\/v2\/posts\/26584"}],"collection":[{"href":"https:\/\/www.tjes.jus.br\/corregedoria\/wp-json\/wp\/v2\/posts"}],"about":[{"href":"https:\/\/www.tjes.jus.br\/corregedoria\/wp-json\/wp\/v2\/types\/post"}],"author":[{"embeddable":true,"href":"https:\/\/www.tjes.jus.br\/corregedoria\/wp-json\/wp\/v2\/users\/9"}],"replies":[{"embeddable":true,"href":"https:\/\/www.tjes.jus.br\/corregedoria\/wp-json\/wp\/v2\/comments?post=26584"}],"version-history":[{"count":1,"href":"https:\/\/www.tjes.jus.br\/corregedoria\/wp-json\/wp\/v2\/posts\/26584\/revisions"}],"predecessor-version":[{"id":26590,"href":"https:\/\/www.tjes.jus.br\/corregedoria\/wp-json\/wp\/v2\/posts\/26584\/revisions\/26590"}],"wp:attachment":[{"href":"https:\/\/www.tjes.jus.br\/corregedoria\/wp-json\/wp\/v2\/media?parent=26584"}],"wp:term":[{"taxonomy":"category","embeddable":true,"href":"https:\/\/www.tjes.jus.br\/corregedoria\/wp-json\/wp\/v2\/categories?post=26584"},{"taxonomy":"post_tag","embeddable":true,"href":"https:\/\/www.tjes.jus.br\/corregedoria\/wp-json\/wp\/v2\/tags?post=26584"}],"curies":[{"name":"wp","href":"https:\/\/api.w.org\/{rel}","templated":true}]}}