{"id":26598,"date":"2019-03-22T14:44:14","date_gmt":"2019-03-22T17:44:14","guid":{"rendered":"https:\/\/www.tjes.jus.br\/corregedoria\/?p=26598"},"modified":"2020-03-19T15:28:04","modified_gmt":"2020-03-19T18:28:04","slug":"ato-normativo-no-035-2019-disp-22-03-2019","status":"publish","type":"post","link":"https:\/\/www.tjes.jus.br\/corregedoria\/2019\/03\/22\/ato-normativo-no-035-2019-disp-22-03-2019\/","title":{"rendered":"ATO NORMATIVO\u00a0N\u00ba\u00a0035\/2019 &#8211; DISP. 22\/03\/2019 &#8211; ALTERADO"},"content":{"rendered":"<div class=\"override-text\" align=\"center\">ESTADO DO ESP\u00cdRITO SANTO<\/div>\n<div class=\"override-text\" align=\"center\">PODER JUDICI\u00c1RIO<\/div>\n<div class=\"override-text\" align=\"center\"><strong>TRIBUNAL DE JUSTI\u00c7A<\/strong><\/div>\n<p align=\"center\"><strong>ATO NORMATIVO\u00a0<\/strong><strong>N\u00ba\u00a0<\/strong><strong>035<\/strong><strong>\/201<\/strong><strong>9<\/strong><\/p>\n<p align=\"justify\">O Exmo. Sr. Desembargador S\u00c9RGIO LUIZ TEIXEIRA GAMA, Presidente do Egr\u00e9gio Tribunal de Justi\u00e7a do Estado do Esp\u00edrito Santo, no uso de suas atribui\u00e7\u00f5es legais, e<\/p>\n<p align=\"justify\"><strong>RESOLVE:<\/strong><\/p>\n<p align=\"justify\">Art. 1\u00ba &#8211; ALTERAR o <a href=\"https:\/\/www.tjes.jus.br\/corregedoria\/2018\/03\/23\/ato-normativo-no-063-2018-disp-23-03-2018\/\">Ato Normativo n\u00b0 063\/2018<\/a>, publicado no Di\u00e1rio da Justi\u00e7a de 22\/03\/2018, modificando a composi\u00e7\u00e3o da 1\u00aa e 2\u00aa Equipes de Preg\u00e3o deste Egr\u00e9gio Tribunal de Justi\u00e7a, que passar\u00e3o a ser <span style=\"color: #ff0000;\"><strong>(Alterado pelo<a href=\"https:\/\/www.tjes.jus.br\/corregedoria\/2020\/03\/19\/ato-normativo-no-063-2020-disp-19-03-2020\/\"> Ato Normativo n\u00ba 063\/2020<\/a>, disponibilizado em 19\/03\/2020)<\/strong><\/span><\/p>\n<p align=\"justify\"><del>I \u2013 1\u00aa Equipe de Preg\u00e3o<\/del><\/p>\n<p align=\"justify\"><del>Membros:<\/del><\/p>\n<p align=\"justify\"><del>a) Vitor Wright Silva &#8211; Pregoeiro<\/del><\/p>\n<p align=\"justify\"><del>b) Marize Monteiro da Silva \u2013 Equipe de Apoio<\/del><\/p>\n<p align=\"justify\"><del>c) Alexandre Laino Martins \u2013 Equipe de Apoio<\/del><\/p>\n<p align=\"justify\"><del>d) Paulo Ferreira Santos \u2013 Equipe de Apoio<\/del><\/p>\n<p align=\"justify\"><del>II \u2013 2\u00aa Equipe de Preg\u00e3o<\/del><\/p>\n<p align=\"justify\"><del>Membros:<\/del><\/p>\n<p align=\"justify\"><del>a) Suzana Martelo de Carvalho &#8211; Pregoeira<\/del><\/p>\n<p align=\"justify\"><del>b) Willian Liphaus Almeida \u2013 Equipe de Apoio<\/del><\/p>\n<p align=\"justify\"><del>c) Washington Luiz Alves \u2013 Equipe de Apoio<\/del><\/p>\n<p align=\"justify\"><del>d) Duguay Andrade Brunow \u2013 Equipe de Apoio<\/del><\/p>\n<p align=\"justify\"><del>Em caso de aus\u00eancia ou impedimento do(s) Pregoeiro(a), este(s) ser\u00e1(\u00e3o) substitu\u00eddo(s) por um dos membros da(s) equipe(s) de apoio, na ordem b, c e d.<\/del><\/p>\n<p>I \u2013 1\u00aa Equipe de Preg\u00e3o<\/p>\n<p>Membros:<\/p>\n<p>a) Vitor Wright Silva &#8211; Pregoeiro<\/p>\n<p>b) Marize Monteiro da Silva \u2013 Equipe de Apoio<\/p>\n<p>c) Alexandre Laino Martins \u2013 Equipe de Apoio<\/p>\n<p>d) Paulo Ferreira Santos \u2013 Equipe de Apoio<\/p>\n<p>II \u2013 2\u00aa Equipe de Preg\u00e3o<\/p>\n<p>Membros:<\/p>\n<p>a) Suzana Martelo de Carvalho &#8211; Pregoeira<\/p>\n<p>b) Willian Liphaus Almeida \u2013 Equipe de Apoio<\/p>\n<p>c) Karolliny Bortoloti Luppi Corr\u00eaa da Silva Brezinski \u2013 Equipe de Apoio<\/p>\n<p>d) Carlos Eduardo Brunoro Grillo\u00a0\u2013 Equipe de Apoio<\/p>\n<p>Em caso de aus\u00eancia ou impedimento do(s) Pregoeiro(a), este(s) ser\u00e1(\u00e3o) substitu\u00eddo(s) por um dos membros da(s) equipe(s) de apoio, na ordem b, c e d.<\/p>\n<p align=\"justify\">Art. 2\u00b0. Ficam revogadas as disposi\u00e7\u00f5es em contr\u00e1rio.<\/p>\n<p align=\"justify\">Art. 3\u00b0. Este ato entra em vigor na data de sua publica\u00e7\u00e3o.<\/p>\n<p align=\"justify\">Publique-se.<\/p>\n<p align=\"justify\">Vitoria, 21 mar\u00e7o de 2019.<\/p>\n<p align=\"center\"><strong>DES. S\u00c9RGIO LUIZ TEIXEIRA GAMA<\/strong><\/p>\n<p align=\"center\"><strong>PRESIDENTE<\/strong><\/p>\n<article id=\"post-27812\" class=\"row-fluid post-27812 post type-post status-publish format-standard hentry category-atos-normativos category-legislacao\">\n<section class=\"entry-content \">\n<div class=\"pf-content\">\n<h2 style=\"text-align: center;\"><span style=\"color: #ff0000;\">ALTERADO PELO\u00a0<a href=\"https:\/\/www.tjes.jus.br\/corregedoria\/2020\/03\/19\/ato-normativo-no-063-2020-disp-19-03-2020\/\">ATO NORMATIVO N\u00ba 063\/2020<\/a>\u00a0PUBLICADO EM 19\/03\/2020<\/span><\/h2>\n<\/div>\n<\/section>\n<\/article>\n","protected":false},"excerpt":{"rendered":"<p>ESTADO DO ESP\u00cdRITO SANTO PODER JUDICI\u00c1RIO TRIBUNAL DE JUSTI\u00c7A ATO NORMATIVO\u00a0N\u00ba\u00a0035\/2019 O Exmo. Sr. Desembargador S\u00c9RGIO LUIZ TEIXEIRA GAMA, Presidente do Egr\u00e9gio Tribunal de Justi\u00e7a do Estado do Esp\u00edrito Santo, no uso de suas atribui\u00e7\u00f5es legais, e RESOLVE: Art. 1\u00ba &#8211; ALTERAR o Ato Normativo n\u00b0 063\/2018, publicado no Di\u00e1rio da Justi\u00e7a de 22\/03\/2018, modificando [&hellip;]<\/p>\n","protected":false},"author":9,"featured_media":0,"comment_status":"closed","ping_status":"closed","sticky":false,"template":"","format":"standard","meta":{"footnotes":""},"categories":[4],"tags":[],"_links":{"self":[{"href":"https:\/\/www.tjes.jus.br\/corregedoria\/wp-json\/wp\/v2\/posts\/26598"}],"collection":[{"href":"https:\/\/www.tjes.jus.br\/corregedoria\/wp-json\/wp\/v2\/posts"}],"about":[{"href":"https:\/\/www.tjes.jus.br\/corregedoria\/wp-json\/wp\/v2\/types\/post"}],"author":[{"embeddable":true,"href":"https:\/\/www.tjes.jus.br\/corregedoria\/wp-json\/wp\/v2\/users\/9"}],"replies":[{"embeddable":true,"href":"https:\/\/www.tjes.jus.br\/corregedoria\/wp-json\/wp\/v2\/comments?post=26598"}],"version-history":[{"count":3,"href":"https:\/\/www.tjes.jus.br\/corregedoria\/wp-json\/wp\/v2\/posts\/26598\/revisions"}],"predecessor-version":[{"id":29874,"href":"https:\/\/www.tjes.jus.br\/corregedoria\/wp-json\/wp\/v2\/posts\/26598\/revisions\/29874"}],"wp:attachment":[{"href":"https:\/\/www.tjes.jus.br\/corregedoria\/wp-json\/wp\/v2\/media?parent=26598"}],"wp:term":[{"taxonomy":"category","embeddable":true,"href":"https:\/\/www.tjes.jus.br\/corregedoria\/wp-json\/wp\/v2\/categories?post=26598"},{"taxonomy":"post_tag","embeddable":true,"href":"https:\/\/www.tjes.jus.br\/corregedoria\/wp-json\/wp\/v2\/tags?post=26598"}],"curies":[{"name":"wp","href":"https:\/\/api.w.org\/{rel}","templated":true}]}}