{"id":26612,"date":"2019-03-26T14:43:55","date_gmt":"2019-03-26T17:43:55","guid":{"rendered":"https:\/\/www.tjes.jus.br\/corregedoria\/?p=26612"},"modified":"2019-03-26T14:49:29","modified_gmt":"2019-03-26T17:49:29","slug":"ato-normativo-no-037-2019-disp-26-03-2019","status":"publish","type":"post","link":"https:\/\/www.tjes.jus.br\/corregedoria\/2019\/03\/26\/ato-normativo-no-037-2019-disp-26-03-2019\/","title":{"rendered":"ATO NORMATIVO N\u00ba 037\/2019 \u2013 DISP. 26\/03\/2019"},"content":{"rendered":"<p align=\"center\">ESTADO DO ESP\u00cdRITO SANTO<\/p>\n<p align=\"center\">PODER JUDICI\u00c1RIO<\/p>\n<p align=\"center\">GABINETE DA PRESID\u00caNCIA<\/p>\n<p align=\"center\"><strong>ATO NORMATIVO n\u00b0 037\/2019<\/strong><\/p>\n<p align=\"justify\">O Excelent\u00edssimo Senhor Desembargador S\u00c9RGIO LUIZ TEIXEIRA GAMA, Presidente do Egr\u00e9gio Tribunal de Justi\u00e7a do Estado do Esp\u00edrito Santo, no uso de suas atribui\u00e7\u00f5es legais, e<\/p>\n<p align=\"justify\">CONSIDERANDO os termos das Resolu\u00e7\u00f5es n\u00ba\u02e2 <a href=\"https:\/\/www.tjes.jus.br\/corregedoria\/2016\/09\/14\/resolucao-cnj-no-107-de-06042010\/\">107\/2010<\/a> e <a href=\"https:\/\/www.tjes.jus.br\/corregedoria\/2016\/09\/14\/resolucao-cnj-no-238-de-06092016\/\">238\/2016<\/a>, do Conselho Nacional de Justi\u00e7a;<\/p>\n<p align=\"justify\">CONSIDERANDO os termos do Of\u00edcio GAB n\u00ba 35\/2019, apontando a necessidade de se atualizar a composi\u00e7\u00e3o do Comit\u00ea Executivo do F\u00f3rum Nacional da Sa\u00fade no Estado do Esp\u00edrito Santo;<\/p>\n<p align=\"justify\">RESOLVE:<\/p>\n<p align=\"justify\">Art. 1\u00ba O Comit\u00ea Executivo Estadual do F\u00f3rum Nacional de Sa\u00fade no Estado do Esp\u00edrito Santo passa a ser integrado pelos seguintes membros:<\/p>\n<p align=\"justify\">I \u2013 a Desembargadora\u00a0<strong>Elisabeth Lordes<\/strong>, do Tribunal de Justi\u00e7a do Estado do Esp\u00edrito Santo, que o coordenar\u00e1;<\/p>\n<p align=\"justify\">II \u2013 o Juiz de Direito\u00a0<strong>Leonardo Alvarenga da Fonseca<\/strong>, titular do 9\u00ba Juizado Especial C\u00edvel de Vit\u00f3ria \u2013 Comarca da Capital e Coordenador dos Juizados Especiais C\u00edveis, Criminais e da Fazenda P\u00fablica do Estado do Esp\u00edrito Santo;<\/p>\n<p align=\"justify\">III \u2013 a Ju\u00edza de Direito<strong>\u00a0Ana Cl\u00e1udia Rodrigues de Faria,\u00a0<\/strong>titular do 5\u00aa Juizado Especial C\u00edvel de Vit\u00f3ria \u2013 Comarca da Capital e Coordenadora dos Juizados Especiais C\u00edveis, Criminais e da Fazenda P\u00fablica do Estado do Esp\u00edrito Santo;<\/p>\n<p align=\"justify\">IV \u2013 o Juiz de Direito Adjunto da Comarca da Capital\u00a0<strong>Felippe Monteiro Morgado Horta<\/strong>;<\/p>\n<p align=\"justify\">V \u2013 o Juiz de Direito<strong>\u00a0Rubens Jos\u00e9 da Cruz,\u00a0<\/strong>titular do 1\u00aa Juizado Especial Criminal e da Fazenda P\u00fablica de Serra;<\/p>\n<p align=\"justify\">VI \u2013 a Ju\u00edza de Direito<strong>\u00a0Priscilla Bazzarella de Oliveira,\u00a0<\/strong>titular da 1\u00aa Vara Especializada da Inf\u00e2ncia e Juventude de Cachoeiro de Itapemirim;<\/p>\n<p align=\"justify\">VII \u2013 a Promotora de Justi\u00e7a\u00a0<strong>In\u00eas Thom\u00e9 Poldi Taddei<\/strong>, Dirigente do Centro de Apoio Operacional de Implementa\u00e7\u00e3o das Pol\u00edticas P\u00fablicas de Sa\u00fade do Minist\u00e9rio P\u00fablico Estadual;<\/p>\n<p align=\"justify\">VIII \u2013 a Ju\u00edza Federal\u00a0<strong>Maria Cl\u00e1udia de Garcia Paula Allemand<\/strong>;<\/p>\n<p align=\"justify\">IX \u2013 a Procuradora da Rep\u00fablica\u00a0<strong>Elizandra de Oliveira Olimpio<\/strong>;<\/p>\n<p align=\"justify\">X \u2013 o Defensor P\u00fablico Federal\u00a0<strong>Eduardo Jos\u00e9 Teixeira de Oliveira<\/strong>;<\/p>\n<p align=\"justify\">XI \u2013 o Procurador do Estado do Esp\u00edrito Santo\u00a0<strong>Ricardo Cesar Oliveira Occhi<\/strong>, Procurador-chefe da Procuradoria de Sa\u00fade (PSA);<\/p>\n<p align=\"justify\">XII \u2013 o Procurador do Munic\u00edpio de Vit\u00f3ria\u00a0<strong>Luiz Henrique Antunes Alocchio<\/strong>;<\/p>\n<p align=\"justify\">XIII \u2013 o Advogado\u00a0<strong>Marco Antonio Brunelli Pessoa<\/strong>, representante da Ordem dos Advogados do Brasil, Se\u00e7\u00e3o do Esp\u00edrito Santo<\/p>\n<p align=\"justify\">XIV \u2013 o Secret\u00e1rio Municipal de Sa\u00fade do Munic\u00edpio de Nova Ven\u00e9cia\u00a0<strong>Andr\u00e9 Wiler Silva Fagundes<\/strong>, representante do Colegiado de Secretarias Municipais de Sa\u00fade do Esp\u00edrito Santo \u2013 COSEMS\/ES;<\/p>\n<p align=\"justify\">XV \u2013 a Dr\u00aa.\u00a0<strong>Eva Pires Dutra<\/strong>, representante da Secretaria de Sa\u00fade do Estado do Esp\u00edrito Santo;<\/p>\n<p align=\"justify\">XVI \u2013 a M\u00e9dica\u00a0<strong>Karoline Calfa Pitanga<\/strong>, representante do Conselho Regional de Medicina\/ES;<\/p>\n<p align=\"justify\">XVII \u2013 o Representante da Ag\u00eancia Nacional de Sa\u00fade \u2013 ANS\u00a0<strong>Ricardo Castro Ramos<\/strong>, Especialista em Regula\u00e7\u00e3o\/Fiscal, n\u00facleo da ANS-MG-Seger-Dicol;<\/p>\n<p align=\"justify\">XVIII \u2013 a Sr\u00aa.\u00a0<strong>Maria Maruza Carlesso<\/strong>, membro indicada pelo Conselho Estadual de Sa\u00fade, representante dos usu\u00e1rios do sistema p\u00fablico de sa\u00fade;<\/p>\n<p align=\"justify\">XIX \u2013 a Dra.\u00a0<strong>Denize Izaita Pinto<\/strong>, indicada pelo Procon\/ES, representante dos usu\u00e1rios do sistema suplementar de sa\u00fade.<\/p>\n<p align=\"justify\">XX \u2013 a Dra.\u00a0<strong>Valquiria Lopes de Oliveira<\/strong>, indicada pelo Sindicato dos Servidores do Poder Judici\u00e1rio do Estado do Esp\u00edrito Santo \u2013 Sindijudici\u00e1rio.<\/p>\n<p align=\"justify\">Art. 2\u00ba Este Ato Normativo entra em vigor na data de sua publica\u00e7\u00e3o.<\/p>\n<p align=\"justify\">Publique-se.<\/p>\n<p align=\"justify\">Vit\u00f3ria\/ES, 25 de mar\u00e7o de 2019.<\/p>\n<p align=\"center\">Des. S\u00c9RGIO LUIZ TEIXEIRA GAMA<\/p>\n<p align=\"center\">Presidente<\/p>\n","protected":false},"excerpt":{"rendered":"<p>ESTADO DO ESP\u00cdRITO SANTO PODER JUDICI\u00c1RIO GABINETE DA PRESID\u00caNCIA ATO NORMATIVO n\u00b0 037\/2019 O Excelent\u00edssimo Senhor Desembargador S\u00c9RGIO LUIZ TEIXEIRA GAMA, Presidente do Egr\u00e9gio Tribunal de Justi\u00e7a do Estado do Esp\u00edrito Santo, no uso de suas atribui\u00e7\u00f5es legais, e CONSIDERANDO os termos das Resolu\u00e7\u00f5es n\u00ba\u02e2 107\/2010 e 238\/2016, do Conselho Nacional de Justi\u00e7a; CONSIDERANDO os [&hellip;]<\/p>\n","protected":false},"author":8,"featured_media":0,"comment_status":"closed","ping_status":"closed","sticky":false,"template":"","format":"standard","meta":{"footnotes":""},"categories":[4,14],"tags":[],"_links":{"self":[{"href":"https:\/\/www.tjes.jus.br\/corregedoria\/wp-json\/wp\/v2\/posts\/26612"}],"collection":[{"href":"https:\/\/www.tjes.jus.br\/corregedoria\/wp-json\/wp\/v2\/posts"}],"about":[{"href":"https:\/\/www.tjes.jus.br\/corregedoria\/wp-json\/wp\/v2\/types\/post"}],"author":[{"embeddable":true,"href":"https:\/\/www.tjes.jus.br\/corregedoria\/wp-json\/wp\/v2\/users\/8"}],"replies":[{"embeddable":true,"href":"https:\/\/www.tjes.jus.br\/corregedoria\/wp-json\/wp\/v2\/comments?post=26612"}],"version-history":[{"count":3,"href":"https:\/\/www.tjes.jus.br\/corregedoria\/wp-json\/wp\/v2\/posts\/26612\/revisions"}],"predecessor-version":[{"id":26615,"href":"https:\/\/www.tjes.jus.br\/corregedoria\/wp-json\/wp\/v2\/posts\/26612\/revisions\/26615"}],"wp:attachment":[{"href":"https:\/\/www.tjes.jus.br\/corregedoria\/wp-json\/wp\/v2\/media?parent=26612"}],"wp:term":[{"taxonomy":"category","embeddable":true,"href":"https:\/\/www.tjes.jus.br\/corregedoria\/wp-json\/wp\/v2\/categories?post=26612"},{"taxonomy":"post_tag","embeddable":true,"href":"https:\/\/www.tjes.jus.br\/corregedoria\/wp-json\/wp\/v2\/tags?post=26612"}],"curies":[{"name":"wp","href":"https:\/\/api.w.org\/{rel}","templated":true}]}}