{"id":26616,"date":"2019-03-26T14:50:44","date_gmt":"2019-03-26T17:50:44","guid":{"rendered":"https:\/\/www.tjes.jus.br\/corregedoria\/?p=26616"},"modified":"2019-04-02T12:43:37","modified_gmt":"2019-04-02T15:43:37","slug":"ato-normativo-no-038-2019-disp-26-03-2019","status":"publish","type":"post","link":"https:\/\/www.tjes.jus.br\/corregedoria\/2019\/03\/26\/ato-normativo-no-038-2019-disp-26-03-2019\/","title":{"rendered":"ATO NORMATIVO N\u00ba 038\/2019 \u2013 DISP. 26\/03\/2019"},"content":{"rendered":"<p align=\"center\">ESTADO DO ESP\u00cdRITO SANTO<\/p>\n<p align=\"center\">PODER JUDICI\u00c1RIO<\/p>\n<p align=\"center\">TRIBUNAL DE JUSTI\u00c7A<\/p>\n<p align=\"center\"><i>GABINETE DA PRESID\u00caNCIA<\/i><\/p>\n<p align=\"center\"><strong>ATO NORMATIVO n\u00ba 038\/2019<\/strong><\/p>\n<p align=\"justify\">O Excelent\u00edssimo Senhor Desembargador S\u00e9rgio Luiz Teixeira Gama, Presidente do Egr\u00e9gio Tribunal de Justi\u00e7a do Estado do Esp\u00edrito Santo, no uso de suas atribui\u00e7\u00f5es legais,<\/p>\n<p align=\"justify\">CONSIDERANDO o teor do expediente protocolado neste Egr\u00e9gio Tribunal de Justi\u00e7a sob o n\u00famero 2019.00.369.770, encaminhado pela Exma. Sra. Dra. Aline Moreira Souza Tin\u00f4co, Ju\u00edza de Direito Diretora de Foro da Comarca de S\u00e3o Mateus, por meio do qual requer a suspens\u00e3o dos prazos processuais na referida comarca no dia 18 de Mar\u00e7o de 2019, em virtude de interrup\u00e7\u00e3o do link de dados durante todo o expediente, o que inviabilizou o regular desempenho das atividades forenses;<\/p>\n<p align=\"justify\">RESOLVE:<\/p>\n<p align=\"justify\"><span lang=\"en-US\">CONSIDERAR SUSPENSOS os<\/span><span lang=\"pt-BR\">\u00a0prazos processuais na Comarca de S\u00e3o Mateus no dia <del>18 de Mar\u00e7o de 2019\u00a0<\/del>14 de Mar\u00e7o de 2019 <span style=\"color: #ff0000;\"><strong>(Alterado pela errata do <a href=\"https:\/\/www.tjes.jus.br\/corregedoria\/2019\/04\/02\/errata-do-ato-normativo-n-038-2019-disp-02-04-2019\/\">Ato Normativo N\u00b0 038\/2019)<\/a><\/strong>.<\/span><\/span><\/p>\n<p align=\"justify\"><span lang=\"pt-BR\">Publique-se.<\/span><\/p>\n<p align=\"center\"><span lang=\"pt-BR\">Vit\u00f3ria, 21 de Mar\u00e7o de 2019.<\/span><\/p>\n<p align=\"center\"><span lang=\"pt-BR\">Desembargador S\u00c9RGIO LUIZ TEIXEIRA GAMA<\/span><\/p>\n<p align=\"center\"><span lang=\"pt-BR\">Presidente<\/span><\/p>\n","protected":false},"excerpt":{"rendered":"<p>ESTADO DO ESP\u00cdRITO SANTO PODER JUDICI\u00c1RIO TRIBUNAL DE JUSTI\u00c7A GABINETE DA PRESID\u00caNCIA ATO NORMATIVO n\u00ba 038\/2019 O Excelent\u00edssimo Senhor Desembargador S\u00e9rgio Luiz Teixeira Gama, Presidente do Egr\u00e9gio Tribunal de Justi\u00e7a do Estado do Esp\u00edrito Santo, no uso de suas atribui\u00e7\u00f5es legais, CONSIDERANDO o teor do expediente protocolado neste Egr\u00e9gio Tribunal de Justi\u00e7a sob o n\u00famero [&hellip;]<\/p>\n","protected":false},"author":8,"featured_media":0,"comment_status":"closed","ping_status":"closed","sticky":false,"template":"","format":"standard","meta":{"footnotes":""},"categories":[4,14],"tags":[],"_links":{"self":[{"href":"https:\/\/www.tjes.jus.br\/corregedoria\/wp-json\/wp\/v2\/posts\/26616"}],"collection":[{"href":"https:\/\/www.tjes.jus.br\/corregedoria\/wp-json\/wp\/v2\/posts"}],"about":[{"href":"https:\/\/www.tjes.jus.br\/corregedoria\/wp-json\/wp\/v2\/types\/post"}],"author":[{"embeddable":true,"href":"https:\/\/www.tjes.jus.br\/corregedoria\/wp-json\/wp\/v2\/users\/8"}],"replies":[{"embeddable":true,"href":"https:\/\/www.tjes.jus.br\/corregedoria\/wp-json\/wp\/v2\/comments?post=26616"}],"version-history":[{"count":4,"href":"https:\/\/www.tjes.jus.br\/corregedoria\/wp-json\/wp\/v2\/posts\/26616\/revisions"}],"predecessor-version":[{"id":26658,"href":"https:\/\/www.tjes.jus.br\/corregedoria\/wp-json\/wp\/v2\/posts\/26616\/revisions\/26658"}],"wp:attachment":[{"href":"https:\/\/www.tjes.jus.br\/corregedoria\/wp-json\/wp\/v2\/media?parent=26616"}],"wp:term":[{"taxonomy":"category","embeddable":true,"href":"https:\/\/www.tjes.jus.br\/corregedoria\/wp-json\/wp\/v2\/categories?post=26616"},{"taxonomy":"post_tag","embeddable":true,"href":"https:\/\/www.tjes.jus.br\/corregedoria\/wp-json\/wp\/v2\/tags?post=26616"}],"curies":[{"name":"wp","href":"https:\/\/api.w.org\/{rel}","templated":true}]}}