{"id":26619,"date":"2019-03-26T14:59:55","date_gmt":"2019-03-26T17:59:55","guid":{"rendered":"https:\/\/www.tjes.jus.br\/corregedoria\/?p=26619"},"modified":"2019-03-26T15:00:52","modified_gmt":"2019-03-26T18:00:52","slug":"ato-normativo-no-039-2019-disp-26-03-2019","status":"publish","type":"post","link":"https:\/\/www.tjes.jus.br\/corregedoria\/2019\/03\/26\/ato-normativo-no-039-2019-disp-26-03-2019\/","title":{"rendered":"ATO NORMATIVO N\u00ba 039\/2019 \u2013 DISP. 26\/03\/2019"},"content":{"rendered":"<p align=\"center\">ESTADO DO ESP\u00cdRITO SANTO<\/p>\n<p align=\"center\">PODER JUDICI\u00c1RIO<\/p>\n<p align=\"center\">TRIBUNAL DE JUSTI\u00c7A<\/p>\n<p align=\"center\">GABINETE DA PRESID\u00caNCIA<\/p>\n<p align=\"center\"><strong><span lang=\"pt-BR\">ATO NORMATIVO N\u00ba 039 \/2019<\/span><\/strong><\/p>\n<p align=\"justify\"><span lang=\"pt-BR\">Prorroga a For\u00e7a Tarefa para a implanta\u00e7\u00e3o das Guias de Execu\u00e7\u00e3o Penal do Esp\u00edrito Santo no Sistema Eletr\u00f4nico de Execu\u00e7\u00e3o Unificado \u2013 SEEU e d\u00e1 outras provid\u00eancias.<\/span><\/p>\n<p align=\"justify\"><span lang=\"pt-BR\">O Excelent\u00edssimo Senhor Desembargador\u00a0<\/span><span lang=\"pt-BR\">S\u00c9RGIO LUIZ TEIXEIRA GAMA,<\/span><span lang=\"pt-BR\">\u00a0Presidente do Egr\u00e9gio Tribunal de Justi\u00e7a do Estado do Esp\u00edrito Santo, no uso de suas atribui\u00e7\u00f5es legais e,<\/span><\/p>\n<p align=\"justify\"><span lang=\"pt-BR\">CONSIDERANDO a Resolu\u00e7\u00e3o n\u00ba 223\/2016, de 27\/05\/2016, do Colendo Conselho Nacional de Justi\u00e7a, que instituiu o Sistema Eletr\u00f4nico de Execu\u00e7\u00e3o Unificado (SEEU) como sistema de processamento de informa\u00e7\u00f5es e pr\u00e1tica de atos processuais relativos \u00e0 execu\u00e7\u00e3o penal;<\/span><\/p>\n<p align=\"justify\"><span lang=\"pt-BR\">CONSIDERANDO a necessidade de aprimoramento da gest\u00e3o da informa\u00e7\u00e3o no \u00e2mbito da execu\u00e7\u00e3o penal, tornando seu tr\u00e2mite processual mais c\u00e9lere, eficiente e uniforme;<\/span><\/p>\n<p align=\"justify\"><span lang=\"pt-BR\">CONSIDERANDO a necessidade de dar prosseguimento aos trabalhos da For\u00e7a Tarefa institu\u00edda pelo Ato Normativo n\u00ba <a href=\"https:\/\/www.tjes.jus.br\/corregedoria\/2018\/11\/23\/ato-normativo-no-216-2018-disp-23-11-2018\/\">216\/2018<\/a>, publicado no Di\u00e1rio da Justi\u00e7a de 23\/11\/2018, posteriormente prorrogada pelo Ato Normativo n\u00ba <a href=\"https:\/\/www.tjes.jus.br\/corregedoria\/2018\/12\/17\/ato-normativo-no-244-2018-disp-17-12-2018\/\">244\/2018<\/a> e pelo Ato Normativo Conjunto n\u00ba <a href=\"https:\/\/www.tjes.jus.br\/corregedoria\/2019\/02\/01\/ato-normativo-conjunto-no-002-2019-disp-01-02-2018\/\">002\/2019<\/a>, publicados no Di\u00e1rio da Justi\u00e7a, respectivamente, em 17\/12\/2018 e 01\/02\/2019, com a finalidade de realizar a implanta\u00e7\u00e3o das Guias de Execu\u00e7\u00e3o Penal no referido sistema, bem como auxiliar as demais unidades judici\u00e1rias na fase de implanta\u00e7\u00e3o, caso necess\u00e1rio;<\/span><\/p>\n<p align=\"justify\"><span lang=\"pt-BR\">CONSIDERANDO que ainda n\u00e3o foi conclu\u00edda a fase de efetiva implanta\u00e7\u00e3o das Guias de Execu\u00e7\u00e3o no SEEU, etapa indispens\u00e1vel \u00e0 efetiva tramita\u00e7\u00e3o eletr\u00f4nica desses processos;<\/span><\/p>\n<p align=\"justify\"><span lang=\"pt-BR\">CONSIDERANDO o teor do Of\u00edcio n\u00b0 144-DMF, subscrito pelo Exm\u00b0. Sr. Dr. Lu\u00eds Geraldo Sant&#8217;Ana Lanfredi, Juiz de Direito Auxiliar da Presid\u00eancia e Coordenador do Departamento de Monitoramento e Fiscaliza\u00e7\u00e3o do Sistema Carcer\u00e1rio do Colendo Conselho Nacional de Justi\u00e7a, que fixou a data final de 31\/05\/2019 para a conclus\u00e3o da implanta\u00e7\u00e3o do dito sistema;<\/span><\/p>\n<p align=\"justify\"><span lang=\"pt-BR\">RESOLVE:<\/span><\/p>\n<p align=\"justify\"><span lang=\"pt-BR\">Art. 1\u00ba. Fica prorrogada a \u201cFor\u00e7a Tarefa\u201d institu\u00edda pelo Ato Normativo Conjunto n\u00b0 <a href=\"https:\/\/www.tjes.jus.br\/corregedoria\/2018\/11\/23\/ato-normativo-no-216-2018-disp-23-11-2018\/\">216\/2018<\/a>, publicado no Di\u00e1rio da Justi\u00e7a de 23\/11\/2018 e prorrogada atrav\u00e9s do Ato Normativo n\u00ba <a href=\"https:\/\/www.tjes.jus.br\/corregedoria\/2018\/12\/17\/ato-normativo-no-244-2018-disp-17-12-2018\/\">244\/2018<\/a> e do Ato Normativo Conjunto n\u00ba<a href=\"https:\/\/www.tjes.jus.br\/corregedoria\/2019\/02\/01\/ato-normativo-conjunto-no-002-2019-disp-01-02-2018\/\"> 002\/2019<\/a>, publicados no Di\u00e1rio da Justi\u00e7a, respectivamente, em 17\/12\/2018 e 01\/02\/2019, para a implanta\u00e7\u00e3o das Guias de Execu\u00e7\u00e3o Penal em tr\u00e2mite nas Varas de Execu\u00e7\u00e3o Penal deste Estado no Sistema Eletr\u00f4nico de Execu\u00e7\u00e3o Unificado \u2013 SEEU, que atuar\u00e1 no per\u00edodo de\u00a0<\/span><span lang=\"pt-BR\"><strong>01\/04\/2019 a 31\/05\/2019<\/strong><\/span><span lang=\"pt-BR\">.<\/span><\/p>\n<p align=\"justify\"><span lang=\"pt-BR\">\u00a71\u00b0. A For\u00e7a Tarefa ser\u00e1 integrada pelos seguintes servidores e estagi\u00e1rios:<\/span><\/p>\n<p align=\"justify\"><span lang=\"pt-BR\">1 &#8211; Anderson de Souza da Rocha, Analista Judici\u00e1rio \u2013 Execu\u00e7\u00e3o Penal;<\/span><\/p>\n<p align=\"justify\"><span lang=\"pt-BR\">2 &#8211; Ariela Lima Andrade, Analista Judici\u00e1rio \u2013 Execu\u00e7\u00e3o Penal;<\/span><\/p>\n<p align=\"justify\"><span lang=\"pt-BR\">3 &#8211; Bruno de Oliveira Fabres, Analista Judici\u00e1rio \u2013 Execu\u00e7\u00e3o Penal;<\/span><\/p>\n<p align=\"justify\"><span lang=\"pt-BR\">4 &#8211; Carla Mileipe Festa, Analista Judici\u00e1rio \u2013 Execu\u00e7\u00e3o Penal;<\/span><\/p>\n<p align=\"justify\"><span lang=\"pt-BR\">5 &#8211; Carlos Henrique Meneghel de Almeida, Analista Judici\u00e1rio \u2013 Execu\u00e7\u00e3o Penal;<\/span><\/p>\n<p align=\"justify\"><span lang=\"pt-BR\">6 &#8211; F\u00e1bio Henrique Neves, Analista Judici\u00e1rio \u2013 Execu\u00e7\u00e3o Penal;<\/span><\/p>\n<p align=\"justify\"><span lang=\"pt-BR\">7 &#8211; Felipe Gabriel Sotero e Andrade, Analista Judici\u00e1rio \u2013 Execu\u00e7\u00e3o Penal;<\/span><\/p>\n<p align=\"justify\"><span lang=\"pt-BR\">8 &#8211; Felipe Rodrigues Tassi, Analista Judici\u00e1rio \u2013 Execu\u00e7\u00e3o Penal;<\/span><\/p>\n<p align=\"justify\"><span lang=\"pt-BR\">9 &#8211; Fernando Colombi da Silva Leite, Analista Judici\u00e1rio \u2013 Execu\u00e7\u00e3o Penal;<\/span><\/p>\n<p align=\"justify\"><span lang=\"pt-BR\">10 &#8211; Filipe Batista de Souza Leal, Analista Judici\u00e1rio \u2013 Execu\u00e7\u00e3o Penal;<\/span><\/p>\n<p align=\"justify\"><span lang=\"pt-BR\">11 &#8211; Isabela Hollunder Apolin\u00e1rio de Souza, Analista Judici\u00e1rio \u2013 Execu\u00e7\u00e3o Penal;<\/span><\/p>\n<p align=\"justify\">12 &#8211; Kelli Cristina Anacleto Silva, Analista Judici\u00e1rio \u2013 Execu\u00e7\u00e3o Penal;<\/p>\n<p align=\"justify\"><span lang=\"pt-BR\">13 &#8211; Leandro Machado de Miranda, Analista Judici\u00e1rio \u2013 Execu\u00e7\u00e3o Penal;<\/span><\/p>\n<p align=\"justify\"><span lang=\"pt-BR\">14 &#8211; Leandro Silva Oliveira, Analista Judici\u00e1rio \u2013 Execu\u00e7\u00e3o Penal;<\/span><\/p>\n<p align=\"justify\"><span lang=\"pt-BR\">15 &#8211; Leonardo Seoldo Ferreira, Analista Judici\u00e1rio \u2013 Execu\u00e7\u00e3o Penal;<\/span><\/p>\n<p align=\"justify\">16 &#8211; Marcus Pinto Sobrosa, Analista Judici\u00e1rio \u2013 Execu\u00e7\u00e3o Penal;<\/p>\n<p align=\"justify\"><span lang=\"pt-BR\">17 &#8211; Patricia Lira Badin Benjamim, Analista Judici\u00e1rio \u2013 Execu\u00e7\u00e3o Penal;<\/span><\/p>\n<p align=\"justify\"><span lang=\"pt-BR\">18 &#8211; Robson Abreu, Analista Judici\u00e1rio \u2013 Execu\u00e7\u00e3o Penal;<\/span><\/p>\n<p align=\"justify\"><span lang=\"pt-BR\">19 &#8211; Rodson Barcellos Ferreira, Analista Judici\u00e1rio \u2013 Execu\u00e7\u00e3o Penal;<\/span><\/p>\n<p align=\"justify\"><span lang=\"pt-BR\">20 &#8211; Salatiel Resende Vieira, Analista Judici\u00e1rio \u2013 Execu\u00e7\u00e3o Penal;<\/span><\/p>\n<p align=\"justify\"><span lang=\"pt-BR\">21 &#8211; Soleane Rodrigues Fernandes Tigges, Analista Judici\u00e1rio \u2013 Execu\u00e7\u00e3o Penal;<\/span><\/p>\n<p align=\"justify\"><span lang=\"pt-BR\">22 &#8211; Tatiana Abreu Miranda, Analista Judici\u00e1rio \u2013 Execu\u00e7\u00e3o Penal;<\/span><\/p>\n<p align=\"justify\"><span lang=\"pt-BR\">23 &#8211; Ana Carolina Bissolli Fairich, Estagi\u00e1ria;<\/span><\/p>\n<p align=\"justify\"><span lang=\"pt-BR\">24 &#8211; Ana Cl\u00e1udia Rocha, Estagi\u00e1ria;<\/span><\/p>\n<p align=\"justify\"><span lang=\"pt-BR\">25 &#8211; Beatriz Pereira Amaral, Estagi\u00e1ria;<\/span><\/p>\n<p align=\"justify\"><span lang=\"pt-BR\">26 &#8211; Daniel Fernando Barcelos, Estagi\u00e1rio;<\/span><\/p>\n<p align=\"justify\"><span lang=\"pt-BR\">27 &#8211; Gabriel Alves Carlete, Estagi\u00e1rio;<\/span><\/p>\n<p align=\"justify\"><span lang=\"pt-BR\">28- H\u00e9lio Almeida J\u00fanior, Estagi\u00e1rio;<\/span><\/p>\n<p align=\"justify\"><span lang=\"pt-BR\">29- Jo\u00e3o Marcos Borges Magalh\u00e3es, Estagi\u00e1rio;<\/span><\/p>\n<p align=\"justify\"><span lang=\"pt-BR\">30 &#8211; Karoliny Cec\u00edlia A. Ferreira, Estagi\u00e1ria;<\/span><\/p>\n<p align=\"justify\"><span lang=\"pt-BR\">31 &#8211; Let\u00edcia Leite Pacheco, Estagi\u00e1ria;<\/span><\/p>\n<p align=\"justify\"><span lang=\"pt-BR\">32 &#8211; Lorena Br\u00e1s Bissoli, Estagi\u00e1ria;<\/span><\/p>\n<p align=\"justify\"><span lang=\"pt-BR\">33 &#8211; Lorena Rangel Bozzeti, Estagi\u00e1ria;<\/span><\/p>\n<p align=\"justify\"><span lang=\"pt-BR\">34 &#8211; Mitzi dos Santos Fernandes, Estagi\u00e1ria;<\/span><\/p>\n<p align=\"justify\"><span lang=\"pt-BR\">35 &#8211; Rafaela Hertel Parra, Estagi\u00e1ria;<\/span><\/p>\n<p align=\"justify\"><span lang=\"pt-BR\">36 &#8211; Sara Kruger Borlot, Estagi\u00e1ria;<\/span><\/p>\n<p align=\"justify\"><span lang=\"pt-BR\">37 &#8211; Gabriel de Abreu Perim Scarton, Estagi\u00e1rio;<\/span><\/p>\n<p align=\"justify\"><span lang=\"pt-BR\">38 &#8211; Brenda Lima dos Santos, Estagi\u00e1ria.<\/span><\/p>\n<p align=\"justify\"><span lang=\"pt-BR\">\u00a72\u00b0. Havendo necessidade, novos servidores e estagi\u00e1rios poder\u00e3o ser integrados \u00e0 For\u00e7a Tarefa atrav\u00e9s de ato pr\u00f3prio.<\/span><\/p>\n<p align=\"justify\"><span lang=\"pt-BR\">Art. 2\u00ba. A For\u00e7a Tarefa ter\u00e1 como base de suas atividades sala pr\u00f3pria no pr\u00e9dio da Corregedoria Geral de Justi\u00e7a e realizar\u00e1 a implanta\u00e7\u00e3o das guias de execu\u00e7\u00e3o no Sistema Eletr\u00f4nico de Execu\u00e7\u00e3o Unificado \u2013 SEEU, bem como prestar\u00e1 aux\u00edlio, caso necess\u00e1rio, \u00e0s outras Varas com compet\u00eancia em mat\u00e9ria de Execu\u00e7\u00e3o Penal.<\/span><\/p>\n<p align=\"justify\"><span lang=\"pt-BR\">Par\u00e1grafo \u00fanico<\/span><span lang=\"pt-BR\">. Os servidores e estagi\u00e1rios relacionados no \u00a71\u00b0, do art. 1\u00ba, exercer\u00e3o as suas atividades nas respectivas unidades judici\u00e1rias e, caso necess\u00e1rio, poder\u00e3o ser convocados para atuar na Corregedoria Geral de Justi\u00e7a, de acordo com as orienta\u00e7\u00f5es da coordena\u00e7\u00e3o.<\/span><\/p>\n<p align=\"justify\"><span lang=\"pt-BR\">Art. 3\u00ba. A coordena\u00e7\u00e3o dos trabalhos ficar\u00e1 a cargo das Ju\u00edzas de Direito Gisele Souza de Oliveira, Coordenadora das Varas Criminais e de Execu\u00e7\u00f5es Penais, e Graciela de Rezende Henriquez, respondendo pela Vara de Execu\u00e7\u00f5es Penais de Vila Velha, bem como dos Analistas Judici\u00e1rios (Execu\u00e7\u00e3o Penal) Leandro Silva Oliveira e Carla Mileipe Festa, sob a Supervis\u00e3o do Desembargador Fernando Zardini Antonio.<\/span><\/p>\n<p align=\"justify\"><span lang=\"pt-BR\">Art. 4\u00ba. Aplicam-se a este Ato Normativo as disposi\u00e7\u00f5es constantes nos arts. 3\u00b0, 4\u00b0 e 6\u00b0, do Ato Normativo n\u00b0 <a href=\"https:\/\/www.tjes.jus.br\/corregedoria\/2018\/11\/23\/ato-normativo-no-216-2018-disp-23-11-2018\/\">216\/2018<\/a>.<\/span><\/p>\n<p align=\"justify\"><span lang=\"pt-BR\">Art. 5\u00ba. Este Ato Normativo entra em vigor na data de sua publica\u00e7\u00e3o.<\/span><\/p>\n<p align=\"justify\"><span lang=\"pt-BR\">Vit\u00f3ria\/ES, 25 de mar\u00e7o de 2019.<\/span><\/p>\n<p align=\"center\"><span lang=\"pt-BR\">Des. S\u00c9RGIO LUIZ TEIXEIRA GAMA<\/span><\/p>\n<p align=\"center\"><span lang=\"pt-BR\">Presidente<\/span><\/p>\n","protected":false},"excerpt":{"rendered":"<p>ESTADO DO ESP\u00cdRITO SANTO PODER JUDICI\u00c1RIO TRIBUNAL DE JUSTI\u00c7A GABINETE DA PRESID\u00caNCIA ATO NORMATIVO N\u00ba 039 \/2019 Prorroga a For\u00e7a Tarefa para a implanta\u00e7\u00e3o das Guias de Execu\u00e7\u00e3o Penal do Esp\u00edrito Santo no Sistema Eletr\u00f4nico de Execu\u00e7\u00e3o Unificado \u2013 SEEU e d\u00e1 outras provid\u00eancias. O Excelent\u00edssimo Senhor Desembargador\u00a0S\u00c9RGIO LUIZ TEIXEIRA GAMA,\u00a0Presidente do Egr\u00e9gio Tribunal de [&hellip;]<\/p>\n","protected":false},"author":8,"featured_media":0,"comment_status":"closed","ping_status":"closed","sticky":false,"template":"","format":"standard","meta":{"footnotes":""},"categories":[4,14],"tags":[],"_links":{"self":[{"href":"https:\/\/www.tjes.jus.br\/corregedoria\/wp-json\/wp\/v2\/posts\/26619"}],"collection":[{"href":"https:\/\/www.tjes.jus.br\/corregedoria\/wp-json\/wp\/v2\/posts"}],"about":[{"href":"https:\/\/www.tjes.jus.br\/corregedoria\/wp-json\/wp\/v2\/types\/post"}],"author":[{"embeddable":true,"href":"https:\/\/www.tjes.jus.br\/corregedoria\/wp-json\/wp\/v2\/users\/8"}],"replies":[{"embeddable":true,"href":"https:\/\/www.tjes.jus.br\/corregedoria\/wp-json\/wp\/v2\/comments?post=26619"}],"version-history":[{"count":3,"href":"https:\/\/www.tjes.jus.br\/corregedoria\/wp-json\/wp\/v2\/posts\/26619\/revisions"}],"predecessor-version":[{"id":26623,"href":"https:\/\/www.tjes.jus.br\/corregedoria\/wp-json\/wp\/v2\/posts\/26619\/revisions\/26623"}],"wp:attachment":[{"href":"https:\/\/www.tjes.jus.br\/corregedoria\/wp-json\/wp\/v2\/media?parent=26619"}],"wp:term":[{"taxonomy":"category","embeddable":true,"href":"https:\/\/www.tjes.jus.br\/corregedoria\/wp-json\/wp\/v2\/categories?post=26619"},{"taxonomy":"post_tag","embeddable":true,"href":"https:\/\/www.tjes.jus.br\/corregedoria\/wp-json\/wp\/v2\/tags?post=26619"}],"curies":[{"name":"wp","href":"https:\/\/api.w.org\/{rel}","templated":true}]}}