{"id":26628,"date":"2019-03-27T13:53:44","date_gmt":"2019-03-27T16:53:44","guid":{"rendered":"https:\/\/www.tjes.jus.br\/corregedoria\/?p=26628"},"modified":"2025-05-07T17:38:08","modified_gmt":"2025-05-07T20:38:08","slug":"ato-normativo-no-040-2019-disp-27-03-2019","status":"publish","type":"post","link":"https:\/\/www.tjes.jus.br\/corregedoria\/2019\/03\/27\/ato-normativo-no-040-2019-disp-27-03-2019\/","title":{"rendered":"ATO NORMATIVO N\u00ba\u00a0040\/2019 &#8211; DISP. 27\/03\/2019 &#8211; REVOGADO"},"content":{"rendered":"<h4 align=\"center\"><strong><span style=\"color: #ff0000;\">REVOGADO PELO<\/span>\u00a0<a href=\"https:\/\/www.tjes.jus.br\/corregedoria\/2025\/05\/06\/ato-normativo-no-130-2025-disp-06-05-2025\/\">ATO NORMATIVO N\u00ba 130\/2025<\/a>\u00a0<span style=\"color: #ff0000;\">DISP. 06\/05\/2025<\/span><\/strong><\/h4>\n<p align=\"center\"><del><strong><span lang=\"pt-BR\">ESTADO DO ESP\u00cdRITO SANTO<\/span><\/strong><\/del><\/p>\n<p align=\"center\"><del><strong><span lang=\"pt-BR\">PODER JUDICI\u00c1RIO<\/span><\/strong><\/del><\/p>\n<p align=\"center\"><del><strong><span lang=\"pt-BR\">TRIBUNAL DE JUSTI\u00c7A<\/span><\/strong><\/del><\/p>\n<p align=\"center\"><del><strong><span lang=\"pt-BR\">ATO NORMATIVO N\u00ba\u00a0<\/span><span lang=\"pt-BR\">040<\/span><span lang=\"pt-BR\">\/ 2019<\/span><\/strong><\/del><\/p>\n<p align=\"justify\"><del><span lang=\"pt-BR\">Altera a composi\u00e7\u00e3o do grupo de Trabalho do 1\u00ba Centro Judici\u00e1rio de Solu\u00e7\u00e3o de Conflitos e Cidadania, institu\u00eddo pelo ato normativo 156\/2018.<\/span><\/del><\/p>\n<p align=\"justify\"><del><span lang=\"pt-BR\">O Excelent\u00edssimo Desembargador S\u00c9RGIO LUIZ TEIXEIRA GAMA, Presidente do Egr\u00e9gio Tribunal de Justi\u00e7a do Estado do Esp\u00edrito Santo, no uso de suas atribui\u00e7\u00f5es legais<\/span><\/del><\/p>\n<p align=\"justify\"><del><span lang=\"pt-BR\">RESOLVE:<\/span><\/del><\/p>\n<p align=\"justify\"><del><span lang=\"pt-BR\"><strong>Art. 1\u00ba<\/strong><\/span><span lang=\"pt-BR\">\u00a0Alterar o art.3\u00ba do<a href=\"https:\/\/www.tjes.jus.br\/corregedoria\/2018\/09\/17\/ato-normativo-no-156-2018-disp-17-09-2018-republicado\/\"> ato normativo 156\/2018<\/a>, para que esse passe a vigorar com o seguinte texto:<\/span><\/del><\/p>\n<p align=\"justify\"><del><span lang=\"pt-BR\">O Grupo de Trabalho ser\u00e1 composto pelos magistrados abaixo designados, sem preju\u00edzo do exerc\u00edcio das fun\u00e7\u00f5es em suas respectivas unidades judici\u00e1rias:<\/span><\/del><\/p>\n<p align=\"justify\"><del><span lang=\"pt-BR\">I- Exm\u00aa Sra. Ju\u00edza de Direito CINTHYA COELHO LARANJA<\/span><\/del><\/p>\n<p align=\"justify\"><del><span lang=\"pt-BR\">II- Exm\u00aa Sra. Ju\u00edza de Direito FAB\u00cdOLA CASAGRANDE SIM\u00d5ES<\/span><\/del><\/p>\n<p align=\"justify\"><del><span lang=\"pt-BR\">III- Exm\u00ba Sr. Juiz de Direito GUSTAVO ZAGO RABELO<\/span><\/del><\/p>\n<p align=\"justify\"><del><span lang=\"pt-BR\">IV- Exm\u00aa Sra. Ju\u00edza de Direito THAITA CAMPOS TREVIZAN<\/span><\/del><\/p>\n<p align=\"justify\"><del><span lang=\"pt-BR\">Art. 2\u00ba Este Ato Normativo entra em vigor na data de sua publica\u00e7\u00e3o.<\/span><\/del><\/p>\n<p align=\"justify\"><del><span lang=\"pt-BR\">Publique-se.<\/span><\/del><\/p>\n<p><del><span lang=\"pt-BR\">Vit\u00f3ria\/ES, 25 de Mar\u00e7o de 2019.<\/span><\/del><\/p>\n<p align=\"center\"><del><strong><span lang=\"pt-BR\">Desembargador S\u00e9rgio Luiz Teixeira Gama<\/span><\/strong><\/del><\/p>\n<p align=\"center\"><del><strong><span lang=\"pt-BR\">PRESIDENTE DO TRIBUNAL DE JUSTI\u00c7A DO ESP\u00cdRITO SANTO<\/span><\/strong><\/del><\/p>\n","protected":false},"excerpt":{"rendered":"<p>REVOGADO PELO\u00a0ATO NORMATIVO N\u00ba 130\/2025\u00a0DISP. 06\/05\/2025 ESTADO DO ESP\u00cdRITO SANTO PODER JUDICI\u00c1RIO TRIBUNAL DE JUSTI\u00c7A ATO NORMATIVO N\u00ba\u00a0040\/ 2019 Altera a composi\u00e7\u00e3o do grupo de Trabalho do 1\u00ba Centro Judici\u00e1rio de Solu\u00e7\u00e3o de Conflitos e Cidadania, institu\u00eddo pelo ato normativo 156\/2018. O Excelent\u00edssimo Desembargador S\u00c9RGIO LUIZ TEIXEIRA GAMA, Presidente do Egr\u00e9gio Tribunal de Justi\u00e7a do [&hellip;]<\/p>\n","protected":false},"author":9,"featured_media":0,"comment_status":"closed","ping_status":"closed","sticky":false,"template":"","format":"standard","meta":{"footnotes":""},"categories":[4],"tags":[],"_links":{"self":[{"href":"https:\/\/www.tjes.jus.br\/corregedoria\/wp-json\/wp\/v2\/posts\/26628"}],"collection":[{"href":"https:\/\/www.tjes.jus.br\/corregedoria\/wp-json\/wp\/v2\/posts"}],"about":[{"href":"https:\/\/www.tjes.jus.br\/corregedoria\/wp-json\/wp\/v2\/types\/post"}],"author":[{"embeddable":true,"href":"https:\/\/www.tjes.jus.br\/corregedoria\/wp-json\/wp\/v2\/users\/9"}],"replies":[{"embeddable":true,"href":"https:\/\/www.tjes.jus.br\/corregedoria\/wp-json\/wp\/v2\/comments?post=26628"}],"version-history":[{"count":3,"href":"https:\/\/www.tjes.jus.br\/corregedoria\/wp-json\/wp\/v2\/posts\/26628\/revisions"}],"predecessor-version":[{"id":43397,"href":"https:\/\/www.tjes.jus.br\/corregedoria\/wp-json\/wp\/v2\/posts\/26628\/revisions\/43397"}],"wp:attachment":[{"href":"https:\/\/www.tjes.jus.br\/corregedoria\/wp-json\/wp\/v2\/media?parent=26628"}],"wp:term":[{"taxonomy":"category","embeddable":true,"href":"https:\/\/www.tjes.jus.br\/corregedoria\/wp-json\/wp\/v2\/categories?post=26628"},{"taxonomy":"post_tag","embeddable":true,"href":"https:\/\/www.tjes.jus.br\/corregedoria\/wp-json\/wp\/v2\/tags?post=26628"}],"curies":[{"name":"wp","href":"https:\/\/api.w.org\/{rel}","templated":true}]}}