{"id":26635,"date":"2019-03-28T11:43:59","date_gmt":"2019-03-28T14:43:59","guid":{"rendered":"https:\/\/www.tjes.jus.br\/corregedoria\/?p=26635"},"modified":"2019-03-28T11:43:59","modified_gmt":"2019-03-28T14:43:59","slug":"resolucao-no-010-2019-disp-28-03-2019","status":"publish","type":"post","link":"https:\/\/www.tjes.jus.br\/corregedoria\/2019\/03\/28\/resolucao-no-010-2019-disp-28-03-2019\/","title":{"rendered":"RESOLU\u00c7\u00c3O N\u00ba 010\/2019 &#8211; DISP. 28\/03\/2019"},"content":{"rendered":"<p align=\"center\">ESTADO DO ESP\u00cdRITO SANTO<\/p>\n<p align=\"center\">PODER JUDICI\u00c1RIO<\/p>\n<p align=\"center\"><strong>TRIBUNAL DE JUSTI\u00c7A<\/strong><\/p>\n<p align=\"center\">GABINETE DA PRESID\u00caNCIA<\/p>\n<p align=\"center\"><strong>RESOLU\u00c7\u00c3O N\u00ba 010\/2019<\/strong><\/p>\n<p align=\"justify\">Acresce dispositivo \u00e0 <a href=\"https:\/\/www.tjes.jus.br\/corregedoria\/2016\/07\/04\/resolucao-no-472014-disp-07102014\/\">Resolu\u00e7\u00e3o n\u00ba 47\/2014<\/a> que disp\u00f5e sobre o reequil\u00edbrio da for\u00e7a de trabalho e produtividade das Varas da Fazenda P\u00fablica Estadual, da Vara de Registros P\u00fablicos e da Vara de Fazenda Municipal, todas da Comarca da Capital e determina outras provid\u00eancias.<\/p>\n<p align=\"justify\"><strong>O PLENO DO EGR\u00c9GIO TRIBUNAL DE JUSTI\u00c7A DO ESTADO DO ESP\u00cdRITO SANTO,<\/strong>\u00a0no uso das atribui\u00e7\u00f5es que lhe confere o art. 18, inciso II, da Lei Complementar n\u00ba 234, de 18 de abril de 2002, e tendo em vista decis\u00e3o plen\u00e1ria na sess\u00e3o realizada no dia 26 de mar\u00e7o de 2019,<\/p>\n<p align=\"justify\"><strong>CONSIDERANDO<\/strong>\u00a0que a Resolu\u00e7\u00e3o n\u00ba 018\/2018 revogou o art. 5\u00ba da Resolu\u00e7\u00e3o n\u00b0 47\/2014 que estabelecia a compet\u00eancia exclusiva do Ju\u00edzo de Vit\u00f3ria para conhecer, processar e julgar, na Comarca da Capital (Vit\u00f3ria, Vila Velha, Cariacica, Serra, Viana, Guarapari e Fund\u00e3o), as a\u00e7\u00f5es civis de improbidade administrativa e as a\u00e7\u00f5es civis p\u00fablicas por ato de improbidade administrativa;<\/p>\n<p align=\"justify\"><strong>CONSIDERANDO<\/strong>\u00a0que o art. 43,\u00a0<i>in fine<\/i>, do C\u00f3digo de Processo Civil disp\u00f5e que:\u00a0<i>\u201cdetermina-se a compet\u00eancia no momento do registro ou da distribui\u00e7\u00e3o da peti\u00e7\u00e3o inicial, sendo irrelevantes as modifica\u00e7\u00f5es do estado de fato ou de direito ocorridas posteriormente, salvo quando suprimirem \u00f3rg\u00e3o judici\u00e1rio ou alterarem a compet\u00eancia absoluta\u201d;<\/i><\/p>\n<p align=\"justify\"><strong>CONSIDERANDO<\/strong>, portanto, que ap\u00f3s a revoga\u00e7\u00e3o do art. 5\u00ba da Resolu\u00e7\u00e3o n\u00ba 47\/2014, os Ju\u00edzos das Varas da Fazenda P\u00fablica Estadual, Municipal, Registros P\u00fablicos, Meio Ambiente e Sa\u00fade de Vit\u00f3ria\/ES, tornaram-se incompetentes para o processamento e julgamento das a\u00e7\u00f5es civis de improbidade administrativa e as a\u00e7\u00f5es civis p\u00fablicas por ato de improbidade administrativa, nas quais se imputam fatos ocorridos nos Munic\u00edpios de Vila Velha, Cariacica, Serra, Viana, Guarapari e Fund\u00e3o;<\/p>\n<p align=\"justify\"><strong>RESOLVE:<\/strong><\/p>\n<p align=\"justify\">Art. 1\u00ba A Resolu\u00e7\u00e3o n\u00ba 47\/2014 passa a vigorar acrescido do seguinte artigo:<\/p>\n<p align=\"justify\">Art. 5\u00ba \u2013 A. As a\u00e7\u00f5es de improbidade administrativa e as a\u00e7\u00f5es civis p\u00fablicas por ato de improbidade administrativa que estejam em curso no Ju\u00edzo de Vit\u00f3ria e ainda n\u00e3o sentenciadas, dever\u00e3o ser distribu\u00eddas aos ju\u00edzos de Vila Velha, Cariacica, Serra, Viana, Guarapari e Fund\u00e3o, nos termos do art. 43,\u00a0<i>in fine<\/i>, da Lei n\u00ba 13.105\/2015 (C\u00f3digo de Processo Civil), tendo em vista a revoga\u00e7\u00e3o do art. 5\u00ba desta Resolu\u00e7\u00e3o.<\/p>\n<p align=\"center\">Vit\u00f3ria, 27 de mar\u00e7o de 2019.<\/p>\n<p align=\"center\">\n<p align=\"center\"><strong>DES. S\u00c9RGIO LUIZ TEIXEIRA GAMA<\/strong><\/p>\n<p align=\"center\">PRESIDENTE<\/p>\n","protected":false},"excerpt":{"rendered":"<p>ESTADO DO ESP\u00cdRITO SANTO PODER JUDICI\u00c1RIO TRIBUNAL DE JUSTI\u00c7A GABINETE DA PRESID\u00caNCIA RESOLU\u00c7\u00c3O N\u00ba 010\/2019 Acresce dispositivo \u00e0 Resolu\u00e7\u00e3o n\u00ba 47\/2014 que disp\u00f5e sobre o reequil\u00edbrio da for\u00e7a de trabalho e produtividade das Varas da Fazenda P\u00fablica Estadual, da Vara de Registros P\u00fablicos e da Vara de Fazenda Municipal, todas da Comarca da Capital e [&hellip;]<\/p>\n","protected":false},"author":9,"featured_media":0,"comment_status":"closed","ping_status":"closed","sticky":false,"template":"","format":"standard","meta":{"footnotes":""},"categories":[13],"tags":[],"_links":{"self":[{"href":"https:\/\/www.tjes.jus.br\/corregedoria\/wp-json\/wp\/v2\/posts\/26635"}],"collection":[{"href":"https:\/\/www.tjes.jus.br\/corregedoria\/wp-json\/wp\/v2\/posts"}],"about":[{"href":"https:\/\/www.tjes.jus.br\/corregedoria\/wp-json\/wp\/v2\/types\/post"}],"author":[{"embeddable":true,"href":"https:\/\/www.tjes.jus.br\/corregedoria\/wp-json\/wp\/v2\/users\/9"}],"replies":[{"embeddable":true,"href":"https:\/\/www.tjes.jus.br\/corregedoria\/wp-json\/wp\/v2\/comments?post=26635"}],"version-history":[{"count":1,"href":"https:\/\/www.tjes.jus.br\/corregedoria\/wp-json\/wp\/v2\/posts\/26635\/revisions"}],"predecessor-version":[{"id":26640,"href":"https:\/\/www.tjes.jus.br\/corregedoria\/wp-json\/wp\/v2\/posts\/26635\/revisions\/26640"}],"wp:attachment":[{"href":"https:\/\/www.tjes.jus.br\/corregedoria\/wp-json\/wp\/v2\/media?parent=26635"}],"wp:term":[{"taxonomy":"category","embeddable":true,"href":"https:\/\/www.tjes.jus.br\/corregedoria\/wp-json\/wp\/v2\/categories?post=26635"},{"taxonomy":"post_tag","embeddable":true,"href":"https:\/\/www.tjes.jus.br\/corregedoria\/wp-json\/wp\/v2\/tags?post=26635"}],"curies":[{"name":"wp","href":"https:\/\/api.w.org\/{rel}","templated":true}]}}