{"id":26652,"date":"2019-04-01T11:40:46","date_gmt":"2019-04-01T14:40:46","guid":{"rendered":"https:\/\/www.tjes.jus.br\/corregedoria\/?p=26652"},"modified":"2019-04-01T11:40:46","modified_gmt":"2019-04-01T14:40:46","slug":"ato-normativo-no-044-2019-disp-01-04-2019","status":"publish","type":"post","link":"https:\/\/www.tjes.jus.br\/corregedoria\/2019\/04\/01\/ato-normativo-no-044-2019-disp-01-04-2019\/","title":{"rendered":"ATO NORMATIVO N\u00ba 044 \/2019 &#8211; DISP. 01\/04\/2019"},"content":{"rendered":"<p align=\"center\">ESTADO DO ESP\u00cdRITO SANTO<\/p>\n<p align=\"center\">PODER JUDICI\u00c1RIO<\/p>\n<p align=\"center\">TRIBUNAL DE JUSTI\u00c7A<\/p>\n<p align=\"center\">PRESID\u00caNCIA<\/p>\n<p align=\"center\"><span lang=\"pt-BR\">ATO NORMATIVO N\u00ba 044 \/2019<\/span><\/p>\n<p align=\"justify\"><span lang=\"pt-BR\">Altera\u00e7\u00e3o da Composi\u00e7\u00e3o da Comiss\u00e3o de Seguran\u00e7a Institucional do Tribunal de Justi\u00e7a do Esp\u00edrito Santo.<\/span><\/p>\n<p align=\"justify\"><span lang=\"pt-BR\">O Excelent\u00edssimo Senhor Desembargador S\u00c9RGIO LUIZ TEXEIRA GAMA, Presidente do Egr\u00e9gio Tribunal de Justi\u00e7a do Esp\u00edrito Santo, no uso de suas atribui\u00e7\u00f5es legais e regimentais, com base na <a href=\"https:\/\/www.tjes.jus.br\/corregedoria\/2017\/02\/22\/resolucao-no-272012-publ-em-14052012\/\">Resolu\u00e7\u00e3o n\u00b0 27\/2012<\/a>, que instituiu a Comiss\u00e3o de Seguran\u00e7a Institucional (CSI) no \u00e2mbito do Poder Judici\u00e1rio do Estado do Esp\u00edrito Santo, e com base, ainda, na indica\u00e7\u00e3o efetuada pelo Comando Geral da Pol\u00edcia Militar,<\/span><\/p>\n<p align=\"justify\"><span lang=\"pt-BR\">RESOLVE:<\/span><\/p>\n<p align=\"justify\"><span lang=\"pt-BR\">Art. 1\u00b0 &#8211; Alterar a composi\u00e7\u00e3o da Comiss\u00e3o de Seguran\u00e7a Institucional do Poder Judici\u00e1rio do Estado do Esp\u00edrito Santo, passando a mesma a funcionar com os seguintes membros:<\/span><\/p>\n<p align=\"justify\"><span lang=\"pt-BR\">Desembargador ROBSON LUIZ ALBANEZ \u2013 Presidente;<\/span><\/p>\n<p align=\"justify\"><span lang=\"pt-BR\">Juiz de Direito ELIAZER COSTA VIEIRA \u2013 Indicado pelo Presidente da Comiss\u00e3o de Seguran\u00e7a Institucional;<\/span><\/p>\n<p align=\"justify\"><span lang=\"pt-BR\">Juiz de Direito CARLOS EDUARDO RIBEIRO LEMOS \u2013 Indicado pela AMAGES;<\/span><\/p>\n<p align=\"justify\"><span lang=\"pt-BR\">Tenente Coronel ROGER DE OLIVEIRA ALMEIDA \u2013 Indicado pela Pol\u00edcia Militar;<\/span><\/p>\n<p align=\"justify\"><span lang=\"pt-BR\">Coronel ANDR\u00c9 C\u00d3 SILVA \u2013 Indicado pelo Corpo de Bombeiros Militar;<\/span><\/p>\n<p align=\"justify\"><span lang=\"pt-BR\">Delegado de Pol\u00edcia ALEXANDRE PASSAMANI GALV\u00c3O \u2013 Indicado pela Pol\u00edcia Civil;<\/span><\/p>\n<p align=\"justify\"><span lang=\"pt-BR\">Servidor Altamir Rodrigues Xavier J\u00fanior \u2013 Indicado pelo Presidente da Comiss\u00e3o de Seguran\u00e7a Institucional;<\/span><\/p>\n<p align=\"justify\"><span lang=\"pt-BR\">Servidor Joelson da Silva Coelho \u2013 Indicado pelo Presidente da Comiss\u00e3o de Seguran\u00e7a Institucional.<\/span><\/p>\n<p align=\"justify\"><span lang=\"pt-BR\">PUBLIQUE-SE<\/span><\/p>\n<p align=\"justify\"><span lang=\"pt-BR\">Vit\u00f3ria, 29 de mar\u00e7o de 2019<\/span><\/p>\n<p align=\"center\"><span lang=\"pt-BR\">DES. S\u00c9RGIO LUIZ TEIXEIRA GAMA<\/span><\/p>\n<p align=\"center\"><span lang=\"pt-BR\">PRESIDENTE<\/span><\/p>\n","protected":false},"excerpt":{"rendered":"<p>ESTADO DO ESP\u00cdRITO SANTO PODER JUDICI\u00c1RIO TRIBUNAL DE JUSTI\u00c7A PRESID\u00caNCIA ATO NORMATIVO N\u00ba 044 \/2019 Altera\u00e7\u00e3o da Composi\u00e7\u00e3o da Comiss\u00e3o de Seguran\u00e7a Institucional do Tribunal de Justi\u00e7a do Esp\u00edrito Santo. O Excelent\u00edssimo Senhor Desembargador S\u00c9RGIO LUIZ TEXEIRA GAMA, Presidente do Egr\u00e9gio Tribunal de Justi\u00e7a do Esp\u00edrito Santo, no uso de suas atribui\u00e7\u00f5es legais e regimentais, [&hellip;]<\/p>\n","protected":false},"author":9,"featured_media":0,"comment_status":"closed","ping_status":"closed","sticky":false,"template":"","format":"standard","meta":{"footnotes":""},"categories":[4],"tags":[],"_links":{"self":[{"href":"https:\/\/www.tjes.jus.br\/corregedoria\/wp-json\/wp\/v2\/posts\/26652"}],"collection":[{"href":"https:\/\/www.tjes.jus.br\/corregedoria\/wp-json\/wp\/v2\/posts"}],"about":[{"href":"https:\/\/www.tjes.jus.br\/corregedoria\/wp-json\/wp\/v2\/types\/post"}],"author":[{"embeddable":true,"href":"https:\/\/www.tjes.jus.br\/corregedoria\/wp-json\/wp\/v2\/users\/9"}],"replies":[{"embeddable":true,"href":"https:\/\/www.tjes.jus.br\/corregedoria\/wp-json\/wp\/v2\/comments?post=26652"}],"version-history":[{"count":1,"href":"https:\/\/www.tjes.jus.br\/corregedoria\/wp-json\/wp\/v2\/posts\/26652\/revisions"}],"predecessor-version":[{"id":26653,"href":"https:\/\/www.tjes.jus.br\/corregedoria\/wp-json\/wp\/v2\/posts\/26652\/revisions\/26653"}],"wp:attachment":[{"href":"https:\/\/www.tjes.jus.br\/corregedoria\/wp-json\/wp\/v2\/media?parent=26652"}],"wp:term":[{"taxonomy":"category","embeddable":true,"href":"https:\/\/www.tjes.jus.br\/corregedoria\/wp-json\/wp\/v2\/categories?post=26652"},{"taxonomy":"post_tag","embeddable":true,"href":"https:\/\/www.tjes.jus.br\/corregedoria\/wp-json\/wp\/v2\/tags?post=26652"}],"curies":[{"name":"wp","href":"https:\/\/api.w.org\/{rel}","templated":true}]}}