{"id":26655,"date":"2019-04-02T12:41:55","date_gmt":"2019-04-02T15:41:55","guid":{"rendered":"https:\/\/www.tjes.jus.br\/corregedoria\/?p=26655"},"modified":"2019-04-02T12:41:55","modified_gmt":"2019-04-02T15:41:55","slug":"errata-do-ato-normativo-n-038-2019-disp-02-04-2019","status":"publish","type":"post","link":"https:\/\/www.tjes.jus.br\/corregedoria\/2019\/04\/02\/errata-do-ato-normativo-n-038-2019-disp-02-04-2019\/","title":{"rendered":"ERRATA DO ATO NORMATIVO N\u00b0 038\/2019 &#8211; DISP. 02\/04\/2019"},"content":{"rendered":"<p align=\"center\">ESTADO DO ESP\u00cdRITO SANTO<\/p>\n<p align=\"center\">PODER JUDICI\u00c1RIO<\/p>\n<p align=\"center\">TRIBUNAL DE JUSTI\u00c7A<\/p>\n<p align=\"center\"><i>GABINETE DA PRESID\u00caNCIA<\/i><\/p>\n<p align=\"justify\">ERRATA ASSINADA PELO EXCELENT\u00cdSSIMO SENHOR DESEMBARGADOR PRESIDENTE DO EGR\u00c9GIO TRIBUNAL DE JUSTI\u00c7A DO ESTADO DO ESP\u00cdRITO SANTO<\/p>\n<p align=\"justify\">Na reda\u00e7\u00e3o do\u00a0<strong>Ato Normativo n\u00ba 038\/2019<\/strong>, publicado no Di\u00e1rio da Justi\u00e7a de 26 de Mar\u00e7o de 2019,<\/p>\n<p align=\"justify\">ONDE SE L\u00ca: 18 de Mar\u00e7o de 2019<\/p>\n<p align=\"justify\">LEIA-SE: 14 de Mar\u00e7o de 2019<\/p>\n<p align=\"justify\">Publique-se.<\/p>\n<p align=\"center\">Vit\u00f3ria, 01 de Abril de 2019.<\/p>\n<p align=\"center\">\n<p lang=\"pt-BR\" align=\"center\">Desembargador S\u00c9RGIO LUIZ TEIXEIRA GAMA<\/p>\n<p lang=\"pt-BR\" align=\"center\">Presidente<\/p>\n","protected":false},"excerpt":{"rendered":"<p>ESTADO DO ESP\u00cdRITO SANTO PODER JUDICI\u00c1RIO TRIBUNAL DE JUSTI\u00c7A GABINETE DA PRESID\u00caNCIA ERRATA ASSINADA PELO EXCELENT\u00cdSSIMO SENHOR DESEMBARGADOR PRESIDENTE DO EGR\u00c9GIO TRIBUNAL DE JUSTI\u00c7A DO ESTADO DO ESP\u00cdRITO SANTO Na reda\u00e7\u00e3o do\u00a0Ato Normativo n\u00ba 038\/2019, publicado no Di\u00e1rio da Justi\u00e7a de 26 de Mar\u00e7o de 2019, ONDE SE L\u00ca: 18 de Mar\u00e7o de 2019 LEIA-SE: [&hellip;]<\/p>\n","protected":false},"author":9,"featured_media":0,"comment_status":"closed","ping_status":"closed","sticky":false,"template":"","format":"standard","meta":{"footnotes":""},"categories":[4],"tags":[],"_links":{"self":[{"href":"https:\/\/www.tjes.jus.br\/corregedoria\/wp-json\/wp\/v2\/posts\/26655"}],"collection":[{"href":"https:\/\/www.tjes.jus.br\/corregedoria\/wp-json\/wp\/v2\/posts"}],"about":[{"href":"https:\/\/www.tjes.jus.br\/corregedoria\/wp-json\/wp\/v2\/types\/post"}],"author":[{"embeddable":true,"href":"https:\/\/www.tjes.jus.br\/corregedoria\/wp-json\/wp\/v2\/users\/9"}],"replies":[{"embeddable":true,"href":"https:\/\/www.tjes.jus.br\/corregedoria\/wp-json\/wp\/v2\/comments?post=26655"}],"version-history":[{"count":1,"href":"https:\/\/www.tjes.jus.br\/corregedoria\/wp-json\/wp\/v2\/posts\/26655\/revisions"}],"predecessor-version":[{"id":26656,"href":"https:\/\/www.tjes.jus.br\/corregedoria\/wp-json\/wp\/v2\/posts\/26655\/revisions\/26656"}],"wp:attachment":[{"href":"https:\/\/www.tjes.jus.br\/corregedoria\/wp-json\/wp\/v2\/media?parent=26655"}],"wp:term":[{"taxonomy":"category","embeddable":true,"href":"https:\/\/www.tjes.jus.br\/corregedoria\/wp-json\/wp\/v2\/categories?post=26655"},{"taxonomy":"post_tag","embeddable":true,"href":"https:\/\/www.tjes.jus.br\/corregedoria\/wp-json\/wp\/v2\/tags?post=26655"}],"curies":[{"name":"wp","href":"https:\/\/api.w.org\/{rel}","templated":true}]}}