{"id":26673,"date":"2019-04-09T12:41:10","date_gmt":"2019-04-09T15:41:10","guid":{"rendered":"https:\/\/www.tjes.jus.br\/corregedoria\/?p=26673"},"modified":"2019-04-09T12:42:50","modified_gmt":"2019-04-09T15:42:50","slug":"resolucao-no-012-2019-disp-09-04-2019","status":"publish","type":"post","link":"https:\/\/www.tjes.jus.br\/corregedoria\/2019\/04\/09\/resolucao-no-012-2019-disp-09-04-2019\/","title":{"rendered":"RESOLU\u00c7\u00c3O N\u00ba 012\/2019- DISP. 09\/04\/2019"},"content":{"rendered":"<p align=\"center\"><span lang=\"pt-BR\">ESTADO DO ESP\u00cdRITO SANTO<\/span><\/p>\n<p align=\"center\"><span lang=\"pt-BR\">PODER JUDICI\u00c1RIO<\/span><\/p>\n<p style=\"text-align: center;\" align=\"center\"><span lang=\"pt-BR\">TRIBUNAL DE JUSTI\u00c7A<\/span><\/p>\n<p style=\"text-align: center;\" align=\"center\"><span lang=\"pt-BR\">GABINETE DA PRESID\u00caNCIA<\/span><\/p>\n<p style=\"text-align: center;\" align=\"justify\"><span lang=\"pt-BR\">RESOLU\u00c7\u00c3O n\u00ba 012\/2019<\/span><\/p>\n<p align=\"justify\"><span lang=\"pt-BR\">Aprova a Revis\u00e3o do Planejamento Estrat\u00e9gico do Poder Judici\u00e1rio do Estado do Esp\u00edrito Santo.<\/span><\/p>\n<p align=\"justify\"><span lang=\"pt-BR\">O Excelent\u00edssimo Senhor Desembargador S\u00e9rgio Luiz Teixeira Gama, Presidente do Egr\u00e9gio Tribunal de Justi\u00e7a do Estado do Esp\u00edrito Santo, no uso de suas atribui\u00e7\u00f5es legais e regimentais e, tendo em vista decis\u00e3o un\u00e2nime do Egr\u00e9gio Tribunal Pleno em sess\u00e3o ordin\u00e1ria realizada no dia 04 de abril de 2019;<\/span><\/p>\n<p align=\"justify\"><span lang=\"pt-BR\">CONSIDERANDO a necessidade de cumprimento do que estabelece a Resolu\u00e7\u00e3o n\u00b0 198\/14, do Conselho Nacional de Justi\u00e7a \u2013 CNJ, referente ao Planejamento e Gest\u00e3o Estrat\u00e9gica no \u00e2mbito do Poder Judici\u00e1rio Nacional, em especial em rela\u00e7\u00e3o ao alinhamento \u00e0 Estrat\u00e9gia Judici\u00e1ria 2020;<\/span><\/p>\n<p align=\"justify\"><span lang=\"pt-BR\">CONSIDERANDO a necessidade de alinhamento obrigat\u00f3rio entre as iniciativas estrat\u00e9gicas do Poder Judici\u00e1rio do Estado do Esp\u00edrito Santo e os Macrodesafios fixados pelo Conselho Nacional de Justi\u00e7a na Estrat\u00e9gia Nacional 2015-2020;<\/span><\/p>\n<p align=\"justify\"><span lang=\"pt-BR\">CONSIDERANDO que as altera\u00e7\u00f5es e modifica\u00e7\u00f5es s\u00e3o esperadas como forma de melhoria cont\u00ednua do processo de acompanhamento e supervis\u00e3o das a\u00e7\u00f5es e iniciativas que contribuem para a execu\u00e7\u00e3o da estrat\u00e9gia;<\/span><\/p>\n<p align=\"justify\"><span lang=\"pt-BR\">CONSIDERANDO que os trabalhos realizados para o desenvolvimento do Planejamento Estrat\u00e9gico do Poder Judici\u00e1rio foram realizados de forma participativa, envolvendo especialmente magistrados e servidores;<\/span><\/p>\n<p align=\"justify\"><span lang=\"pt-BR\">RESOLVE:<\/span><\/p>\n<p align=\"justify\"><span lang=\"pt-BR\">Art. 1\u00ba &#8211; Fica aprovada a revis\u00e3o do Planejamento Estrat\u00e9gico do Poder Judici\u00e1rio do Estado do Esp\u00edrito Santo, para o per\u00edodo 2015\/2020.<\/span><\/p>\n<p align=\"justify\"><span lang=\"pt-BR\">Art. 2\u00ba &#8211; Esta Resolu\u00e7\u00e3o entra em vigor na data de sua publica\u00e7\u00e3o.<\/span><\/p>\n<p align=\"justify\"><span lang=\"pt-BR\">Publique-se.<\/span><\/p>\n<p align=\"justify\"><span lang=\"pt-BR\">Vit\u00f3ria, 05 de abril de 2019.<\/span><\/p>\n<p style=\"text-align: center;\" align=\"justify\"><span lang=\"pt-BR\">DES. S\u00c9RGIO LUIZ TEIXEIRA GAMA<\/span><\/p>\n<p style=\"text-align: center;\" align=\"justify\"><span lang=\"pt-BR\">Presidente<\/span><\/p>\n","protected":false},"excerpt":{"rendered":"<p>ESTADO DO ESP\u00cdRITO SANTO PODER JUDICI\u00c1RIO TRIBUNAL DE JUSTI\u00c7A GABINETE DA PRESID\u00caNCIA RESOLU\u00c7\u00c3O n\u00ba 012\/2019 Aprova a Revis\u00e3o do Planejamento Estrat\u00e9gico do Poder Judici\u00e1rio do Estado do Esp\u00edrito Santo. O Excelent\u00edssimo Senhor Desembargador S\u00e9rgio Luiz Teixeira Gama, Presidente do Egr\u00e9gio Tribunal de Justi\u00e7a do Estado do Esp\u00edrito Santo, no uso de suas atribui\u00e7\u00f5es legais e [&hellip;]<\/p>\n","protected":false},"author":9,"featured_media":0,"comment_status":"closed","ping_status":"closed","sticky":false,"template":"","format":"standard","meta":{"footnotes":""},"categories":[13],"tags":[],"_links":{"self":[{"href":"https:\/\/www.tjes.jus.br\/corregedoria\/wp-json\/wp\/v2\/posts\/26673"}],"collection":[{"href":"https:\/\/www.tjes.jus.br\/corregedoria\/wp-json\/wp\/v2\/posts"}],"about":[{"href":"https:\/\/www.tjes.jus.br\/corregedoria\/wp-json\/wp\/v2\/types\/post"}],"author":[{"embeddable":true,"href":"https:\/\/www.tjes.jus.br\/corregedoria\/wp-json\/wp\/v2\/users\/9"}],"replies":[{"embeddable":true,"href":"https:\/\/www.tjes.jus.br\/corregedoria\/wp-json\/wp\/v2\/comments?post=26673"}],"version-history":[{"count":2,"href":"https:\/\/www.tjes.jus.br\/corregedoria\/wp-json\/wp\/v2\/posts\/26673\/revisions"}],"predecessor-version":[{"id":26676,"href":"https:\/\/www.tjes.jus.br\/corregedoria\/wp-json\/wp\/v2\/posts\/26673\/revisions\/26676"}],"wp:attachment":[{"href":"https:\/\/www.tjes.jus.br\/corregedoria\/wp-json\/wp\/v2\/media?parent=26673"}],"wp:term":[{"taxonomy":"category","embeddable":true,"href":"https:\/\/www.tjes.jus.br\/corregedoria\/wp-json\/wp\/v2\/categories?post=26673"},{"taxonomy":"post_tag","embeddable":true,"href":"https:\/\/www.tjes.jus.br\/corregedoria\/wp-json\/wp\/v2\/tags?post=26673"}],"curies":[{"name":"wp","href":"https:\/\/api.w.org\/{rel}","templated":true}]}}