{"id":26680,"date":"2019-04-10T12:51:25","date_gmt":"2019-04-10T15:51:25","guid":{"rendered":"https:\/\/www.tjes.jus.br\/corregedoria\/?p=26680"},"modified":"2019-04-10T12:51:25","modified_gmt":"2019-04-10T15:51:25","slug":"ato-normativo-no049-2019-disp-10-04-2019","status":"publish","type":"post","link":"https:\/\/www.tjes.jus.br\/corregedoria\/2019\/04\/10\/ato-normativo-no049-2019-disp-10-04-2019\/","title":{"rendered":"ATO NORMATIVO N\u00ba049\u00a0\/2019 &#8211; DISP. 10\/04\/2019"},"content":{"rendered":"<p align=\"center\">ESTADO DO ESP\u00cdRITO SANTO<\/p>\n<p align=\"center\">PODER JUDICI\u00c1RIO<\/p>\n<p align=\"center\">TRIBUNAL DE JUSTI\u00c7A<\/p>\n<p align=\"center\"><strong>Ato Normativo N\u00ba\u00a0<\/strong><strong>049<\/strong><strong>\u00a0\/2019<\/strong><\/p>\n<p align=\"justify\">Disp\u00f5e sobre a atua\u00e7\u00e3o do 7\u00ba Centro Judici\u00e1rio de Solu\u00e7\u00e3o de Conflitos e Cidadania- CEJUSC\/TJES, em a\u00e7\u00f5es origin\u00e1rias da 1\u00aa, 2\u00aa, 3\u00aa e 4\u00aa Varas de Fam\u00edlia de Cariacica, 1\u00b0 Vara da Inf\u00e2ncia e da Juventude de Cariacica, 1\u00aa, 2\u00aa, 3\u00aa e 4\u00aa Varas C\u00edveis e \u00d3rf\u00e3os e Sucess\u00f5es de Cariacica.<\/p>\n<p align=\"justify\"><strong>CONSIDERANDO<\/strong>\u00a0o disposto no art.58, da Resolu\u00e7\u00e3o n\u00ba 15\/95 \u2013 Regimento Interno do Tribunal de Justi\u00e7a do Estado do Esp\u00edrito Santo, que atribui ao Presidente compet\u00eancia geral para exercer a superintend\u00eancia de todo servi\u00e7o judici\u00e1rio, na qualidade de Chefe do Poder Judici\u00e1rio Estadual;<\/p>\n<p align=\"justify\"><strong>CONSIDERANDO<\/strong>\u00a0a vig\u00eancia do C\u00f3digo de Processo Civil (Lei 13.105\/2015), bem como da Lei de Media\u00e7\u00e3o (Lei 13.140\/2015) e, ainda, da Resolu\u00e7\u00e3o n\u00ba 017\/2013, que criou os Centros Judici\u00e1rios de Solu\u00e7\u00e3o de Conflitos e Cidadania, sob a Coordena\u00e7\u00e3o do N\u00facleo Permanente de M\u00e9todos Consensuais de Solu\u00e7\u00e3o de Conflitos \u2013 NUPEMEC;<\/p>\n<p align=\"justify\"><strong>CONSIDERANDO<\/strong>\u00a0a Resolu\u00e7\u00e3o 003\/2011 que instituiu o N\u00facleo Permanente de M\u00e9todos Consensuais de Solu\u00e7\u00e3o de Conflitos do Poder Judici\u00e1rio do Estado do Esp\u00edrito Santo, posteriormente alterada pela Resolu\u00e7\u00e3o n.\u00ba 019\/2012, bem como a resolu\u00e7\u00e3o 017\/2013 que criou os Centros Judici\u00e1rios de Solu\u00e7\u00e3o de Conflitos e Cidadania sob sua Coordena\u00e7\u00e3o;<\/p>\n<p align=\"justify\"><strong>CONSIDERANDO<\/strong>\u00a0o Ato Normativo 267\/2015, que instituiu o Grupo de Trabalho de Fam\u00edlia para implanta\u00e7\u00e3o de Pol\u00edticas P\u00fablicas de Resolu\u00e7\u00e3o de Conflitos Familiares;<\/p>\n<p align=\"justify\"><strong>CONSIDERANDO<\/strong>\u00a0a necessidade de operacionaliza\u00e7\u00e3o e organiza\u00e7\u00e3o dos servi\u00e7os de media\u00e7\u00e3o deste Tribunal de Justi\u00e7a para utiliza\u00e7\u00e3o pelas Varas de Fam\u00edlia deste Estado.<\/p>\n<p align=\"justify\"><strong>RESOLVE<\/strong><\/p>\n<p align=\"justify\"><strong>Art. 1\u00ba<\/strong>. Solicitar aos magistrados das Varas citadas acima, conforme disposto na Lei n\u00b0 13.105\/15, que providenciem a triagem de 03 (tr\u00eas) processos pass\u00edveis de serem submetidos \u00e0 media\u00e7\u00e3o de conflitos, independentemente da fase processual em que se encontrem, quando tratar-se de processos iniciais, as dilig\u00eancias de tutela provis\u00f3ria, se for o caso, e ressalvados os casos descritos no art. 334, excluindo-se, ainda, aqueles em que haja depend\u00eancia de expedi\u00e7\u00e3o de Carta Precat\u00f3ria para comunica\u00e7\u00e3o das partes e aqueles em que foi decretada a revelia, sejam relacionados em planilha, conforme modelo anexo, devendo a mesma ser encaminhada pelo e- mail 7cejusc-cariacica<span lang=\"zxx\">@tjes.jus.br<\/span><span lang=\"pt-BR\">, at\u00e9 o dia 17\/04\/2019, impreterivelmente.<\/span><\/p>\n<p align=\"justify\"><span lang=\"pt-BR\"><strong>Art. 2\u00ba<\/strong><\/span><span lang=\"pt-BR\">.O 7\u00ba Centro Judici\u00e1rio de Solu\u00e7\u00e3o de Conflitos e Cidadania- CEJUSC\/TJES providenciar\u00e1 dia, hora e local para realiza\u00e7\u00e3o da sess\u00e3o de media\u00e7\u00e3o dos processos listados pelo Ju\u00edzo, indicando os dados \u00e0 Vara de origem, que providenciar\u00e1 a cita\u00e7\u00e3o e intima\u00e7\u00e3o das partes e advogados, com prioridade, tendo em vista a necessidade de cumprimento dos mandados em at\u00e9 15 (quinze) dias \u00fateis antes da data designada.<\/span><\/p>\n<p align=\"justify\"><span lang=\"pt-BR\"><strong>Art. 3\u00ba.<\/strong><\/span><span lang=\"pt-BR\">\u00a0O Sr. Juiz de Direito Diretor do F\u00f3rum de Cariacica dever\u00e1 envidar esfor\u00e7os para o cumprimento dos mandados expedidos, conforme preceitua o art. 695, \u00a7 2\u00ba do C\u00f3digo de Processo Civil, mantendo prioridade no cumprimento, inclusive com a utiliza\u00e7\u00e3o dos plant\u00f5es dos Oficiais de Justi\u00e7a, se necess\u00e1rio.<\/span><\/p>\n<p align=\"justify\"><span lang=\"pt-BR\"><strong>Art. 4\u00ba<\/strong><\/span><span lang=\"pt-BR\">. Os Oficiais de Justi\u00e7a para os quais forem distribu\u00eddos os mandados de que trata o artigo anterior, dever\u00e3o devolv\u00ea-los, devidamente cumpridos, para que o cart\u00f3rio providencie a juntada aos autos respectivos, com 5 (cinco) dias de anteced\u00eancia da data marcada para a sess\u00e3o de media\u00e7\u00e3o.<\/span><\/p>\n<p align=\"justify\"><span lang=\"pt-BR\"><strong>Art. 5\u00ba<\/strong><\/span><span lang=\"pt-BR\">. O Cart\u00f3rio de origem dever\u00e1 informar sobre o sucesso ou n\u00e3o da intima\u00e7\u00e3o\/cita\u00e7\u00e3o, pelo e-mail indicado no art. 1\u00ba deste Ato Normativo, com anteced\u00eancia m\u00ednima de 02 (dois) dias da data designada para a sess\u00e3o, n\u00e3o havendo necessidade do encaminhamento dos autos do processo.<\/span><\/p>\n<p align=\"justify\"><span lang=\"pt-BR\"><strong>Art. 6\u00ba<\/strong><\/span><span lang=\"pt-BR\">\u00a0. Este Ato Normativo entra em vigor na data de sua publica\u00e7\u00e3o.<\/span><\/p>\n<p align=\"justify\"><span lang=\"pt-BR\">Vit\u00f3ria, 01 de abril de 2019.<\/span><\/p>\n<p align=\"justify\"><span lang=\"pt-BR\"><strong>Desembargador S\u00c9RGIO LUIZ TEIXEIRA GAMA<\/strong><\/span><\/p>\n<p align=\"justify\"><strong>PRESIDENTE DO TRIBUNAL DE JUSTI\u00c7A DO ESP\u00cdRITO SANTO<\/strong><\/p>\n<p align=\"justify\">\n<p align=\"justify\"><strong>ANEXO ( Preenchimento pela Vara de Origem)<\/strong><\/p>\n<p>&nbsp;<\/p>\n<table cellspacing=\"0\" cellpadding=\"0\">\n<colgroup>\n<col width=\"115\" \/>\n<col width=\"109\" \/>\n<col width=\"150\" \/>\n<col width=\"150\" \/>\n<col width=\"115\" \/><\/colgroup>\n<tbody>\n<tr valign=\"top\">\n<td width=\"115\">\n<p align=\"justify\"><span lang=\"pt-BR\">N\u00ba do Processo<\/span><\/p>\n<\/td>\n<td width=\"109\">\n<p align=\"justify\"><span lang=\"pt-BR\">Assunto<\/span><\/p>\n<\/td>\n<td width=\"150\">\n<p align=\"justify\"><span lang=\"pt-BR\">Nome do Requerente<\/span><\/p>\n<\/td>\n<td width=\"150\">\n<p align=\"justify\"><span lang=\"pt-BR\">Nome do Requerido<\/span><\/p>\n<\/td>\n<td width=\"115\">\n<p align=\"justify\"><span lang=\"pt-BR\">Advogados<\/span><\/p>\n<\/td>\n<\/tr>\n<tr valign=\"top\">\n<td width=\"115\"><\/td>\n<td width=\"109\"><\/td>\n<td width=\"150\"><\/td>\n<td width=\"150\"><\/td>\n<td width=\"115\"><\/td>\n<\/tr>\n<tr valign=\"top\">\n<td width=\"115\"><\/td>\n<td width=\"109\"><\/td>\n<td width=\"150\"><\/td>\n<td width=\"150\"><\/td>\n<td width=\"115\"><\/td>\n<\/tr>\n<tr valign=\"top\">\n<td width=\"115\"><\/td>\n<td width=\"109\"><\/td>\n<td width=\"150\"><\/td>\n<td width=\"150\"><\/td>\n<td width=\"115\"><\/td>\n<\/tr>\n<tr valign=\"top\">\n<td width=\"115\"><\/td>\n<td width=\"109\"><\/td>\n<td width=\"150\"><\/td>\n<td width=\"150\"><\/td>\n<td width=\"115\"><\/td>\n<\/tr>\n<tr valign=\"top\">\n<td width=\"115\"><\/td>\n<td width=\"109\"><\/td>\n<td width=\"150\"><\/td>\n<td width=\"150\"><\/td>\n<td width=\"115\"><\/td>\n<\/tr>\n<\/tbody>\n<\/table>\n","protected":false},"excerpt":{"rendered":"<p>ESTADO DO ESP\u00cdRITO SANTO PODER JUDICI\u00c1RIO TRIBUNAL DE JUSTI\u00c7A Ato Normativo N\u00ba\u00a0049\u00a0\/2019 Disp\u00f5e sobre a atua\u00e7\u00e3o do 7\u00ba Centro Judici\u00e1rio de Solu\u00e7\u00e3o de Conflitos e Cidadania- CEJUSC\/TJES, em a\u00e7\u00f5es origin\u00e1rias da 1\u00aa, 2\u00aa, 3\u00aa e 4\u00aa Varas de Fam\u00edlia de Cariacica, 1\u00b0 Vara da Inf\u00e2ncia e da Juventude de Cariacica, 1\u00aa, 2\u00aa, 3\u00aa e 4\u00aa [&hellip;]<\/p>\n","protected":false},"author":9,"featured_media":0,"comment_status":"closed","ping_status":"closed","sticky":false,"template":"","format":"standard","meta":{"footnotes":""},"categories":[4],"tags":[],"_links":{"self":[{"href":"https:\/\/www.tjes.jus.br\/corregedoria\/wp-json\/wp\/v2\/posts\/26680"}],"collection":[{"href":"https:\/\/www.tjes.jus.br\/corregedoria\/wp-json\/wp\/v2\/posts"}],"about":[{"href":"https:\/\/www.tjes.jus.br\/corregedoria\/wp-json\/wp\/v2\/types\/post"}],"author":[{"embeddable":true,"href":"https:\/\/www.tjes.jus.br\/corregedoria\/wp-json\/wp\/v2\/users\/9"}],"replies":[{"embeddable":true,"href":"https:\/\/www.tjes.jus.br\/corregedoria\/wp-json\/wp\/v2\/comments?post=26680"}],"version-history":[{"count":1,"href":"https:\/\/www.tjes.jus.br\/corregedoria\/wp-json\/wp\/v2\/posts\/26680\/revisions"}],"predecessor-version":[{"id":26681,"href":"https:\/\/www.tjes.jus.br\/corregedoria\/wp-json\/wp\/v2\/posts\/26680\/revisions\/26681"}],"wp:attachment":[{"href":"https:\/\/www.tjes.jus.br\/corregedoria\/wp-json\/wp\/v2\/media?parent=26680"}],"wp:term":[{"taxonomy":"category","embeddable":true,"href":"https:\/\/www.tjes.jus.br\/corregedoria\/wp-json\/wp\/v2\/categories?post=26680"},{"taxonomy":"post_tag","embeddable":true,"href":"https:\/\/www.tjes.jus.br\/corregedoria\/wp-json\/wp\/v2\/tags?post=26680"}],"curies":[{"name":"wp","href":"https:\/\/api.w.org\/{rel}","templated":true}]}}