{"id":26689,"date":"2019-04-12T12:53:10","date_gmt":"2019-04-12T15:53:10","guid":{"rendered":"https:\/\/www.tjes.jus.br\/corregedoria\/?p=26689"},"modified":"2019-04-12T12:53:10","modified_gmt":"2019-04-12T15:53:10","slug":"ato-normativo-no-051-2019-disp-12-04-2019","status":"publish","type":"post","link":"https:\/\/www.tjes.jus.br\/corregedoria\/2019\/04\/12\/ato-normativo-no-051-2019-disp-12-04-2019\/","title":{"rendered":"ATO NORMATIVO n\u00ba\u00a0051\/2019 &#8211; DISP. 12\/04\/2019"},"content":{"rendered":"<p align=\"center\">ESTADO DO ESP\u00cd\u00cdRITO SANTO<\/p>\n<p align=\"center\">PODER JUDICI\u00c1\u00c1RIO<\/p>\n<p align=\"center\">TRIBUNAL DE JUSTI\u00c7\u00c7A<\/p>\n<p align=\"center\"><i>GABINETE DA PRESID\u00ca\u00caNCIA<\/i><\/p>\n<p align=\"center\"><strong>ATO NORMATIVO n\u00ba\u00a0<\/strong><strong>051\u00a0<\/strong><strong>\/2019<\/strong><\/p>\n<p align=\"justify\">O Excelent\u00edssimo Senhor Desembargador S\u00e9rgio Luiz Teixeira Gama, Presidente do Egr\u00e9gio Tribunal de Justi\u00e7a do Estado do Esp\u00edrito Santo, no uso de suas atribui\u00e7\u00f5es legais,<\/p>\n<p align=\"justify\">CONSIDERANDO o teor do expediente protocolado neste Egr\u00e9gio Tribunal de Justi\u00e7a sob o n\u00famero 2019.00.515.812, encaminhado pela Exma. Sra. Dra. Elaine Cristine de Carvalho Miranda, Ju\u00edza de Direito Diretora do Foro de Pinheiros, por meio do qual requer a suspens\u00e3o dos prazos e do expediente na referida Comarca nos dias 11 e 12 de Abril de 2019;<\/p>\n<p align=\"justify\">CONSIDERANDO a raz\u00e3o do pedido, qual seja, a ocorr\u00eancia de fortes chuvas no Munic\u00edpio, o que ocasionou infiltra\u00e7\u00e3o e vazamento em v\u00e1rios setores, gerando, assim, a necessidade de reparos que somente poder\u00e3o ser iniciados pela empresa respons\u00e1vel no dia 12;<\/p>\n<p align=\"justify\">RESOLVE:<\/p>\n<p align=\"justify\">SUSPENDER os prazos processuais e o expediente na Comarca de Pinheiros nos dias 11 e 12 de Abril de 2019.<\/p>\n<p align=\"justify\">Publique-se.<\/p>\n<p align=\"center\">Vit\u00f3ria, 11 de Abril de 2019.<\/p>\n<p align=\"center\">\n<p align=\"center\">Desembargador S\u00c9RGIO LUIZ TEIXEIRA GAMA<\/p>\n<p align=\"center\">Presidente<\/p>\n<p>&nbsp;<\/p>\n","protected":false},"excerpt":{"rendered":"<p>ESTADO DO ESP\u00cd\u00cdRITO SANTO PODER JUDICI\u00c1\u00c1RIO TRIBUNAL DE JUSTI\u00c7\u00c7A GABINETE DA PRESID\u00ca\u00caNCIA ATO NORMATIVO n\u00ba\u00a0051\u00a0\/2019 O Excelent\u00edssimo Senhor Desembargador S\u00e9rgio Luiz Teixeira Gama, Presidente do Egr\u00e9gio Tribunal de Justi\u00e7a do Estado do Esp\u00edrito Santo, no uso de suas atribui\u00e7\u00f5es legais, CONSIDERANDO o teor do expediente protocolado neste Egr\u00e9gio Tribunal de Justi\u00e7a sob o n\u00famero 2019.00.515.812, [&hellip;]<\/p>\n","protected":false},"author":9,"featured_media":0,"comment_status":"closed","ping_status":"closed","sticky":false,"template":"","format":"standard","meta":{"footnotes":""},"categories":[4],"tags":[],"_links":{"self":[{"href":"https:\/\/www.tjes.jus.br\/corregedoria\/wp-json\/wp\/v2\/posts\/26689"}],"collection":[{"href":"https:\/\/www.tjes.jus.br\/corregedoria\/wp-json\/wp\/v2\/posts"}],"about":[{"href":"https:\/\/www.tjes.jus.br\/corregedoria\/wp-json\/wp\/v2\/types\/post"}],"author":[{"embeddable":true,"href":"https:\/\/www.tjes.jus.br\/corregedoria\/wp-json\/wp\/v2\/users\/9"}],"replies":[{"embeddable":true,"href":"https:\/\/www.tjes.jus.br\/corregedoria\/wp-json\/wp\/v2\/comments?post=26689"}],"version-history":[{"count":1,"href":"https:\/\/www.tjes.jus.br\/corregedoria\/wp-json\/wp\/v2\/posts\/26689\/revisions"}],"predecessor-version":[{"id":26690,"href":"https:\/\/www.tjes.jus.br\/corregedoria\/wp-json\/wp\/v2\/posts\/26689\/revisions\/26690"}],"wp:attachment":[{"href":"https:\/\/www.tjes.jus.br\/corregedoria\/wp-json\/wp\/v2\/media?parent=26689"}],"wp:term":[{"taxonomy":"category","embeddable":true,"href":"https:\/\/www.tjes.jus.br\/corregedoria\/wp-json\/wp\/v2\/categories?post=26689"},{"taxonomy":"post_tag","embeddable":true,"href":"https:\/\/www.tjes.jus.br\/corregedoria\/wp-json\/wp\/v2\/tags?post=26689"}],"curies":[{"name":"wp","href":"https:\/\/api.w.org\/{rel}","templated":true}]}}