{"id":26704,"date":"2019-04-17T13:01:12","date_gmt":"2019-04-17T16:01:12","guid":{"rendered":"https:\/\/www.tjes.jus.br\/corregedoria\/?p=26704"},"modified":"2019-04-17T13:01:12","modified_gmt":"2019-04-17T16:01:12","slug":"ato-normativo-conjunto-n-006-2019-disp-17-04-2019","status":"publish","type":"post","link":"https:\/\/www.tjes.jus.br\/corregedoria\/2019\/04\/17\/ato-normativo-conjunto-n-006-2019-disp-17-04-2019\/","title":{"rendered":"ATO NORMATIVO CONJUNTO N\u00b0 006\/2019 &#8211; DISP. 17\/04\/2019"},"content":{"rendered":"<p align=\"center\">ESTADO DO ESP\u00cdRITO SANTO<\/p>\n<p align=\"center\">PODER JUDICI\u00c1RIO<\/p>\n<p align=\"center\">TRIBUNAL DE JUSTI\u00c7A<\/p>\n<p align=\"center\">ATO NORMATIVO CONJUNTO n\u00b0 006\/2019<\/p>\n<p>Disp\u00f5e acerca da implanta\u00e7\u00e3o do protocolo de peti\u00e7\u00f5es de juntada nas unidades judici\u00e1rias da Comarca de Itapemirim<\/p>\n<p>Os Excelent\u00edssimos Senhores Desembargadores S\u00c9RGIO LUIZ TEIXEIRA GAMA, Presidente do Egr\u00e9gio Tribunal de Justi\u00e7a do Estado do Esp\u00edrito Santo, e SAMUEL MEIRA BRASIL J\u00daNIOR, Corregedor Geral da Justi\u00e7a, no uso de suas atribui\u00e7\u00f5es legais e regimentais, e<\/p>\n<p>CONSIDERANDO que o Ato Normativo Conjunto n\u00b0 008\/2015, publicado no Di\u00e1rio de Justi\u00e7a Eletr\u00f4nico em 1\u00b0 de julho de 2015, foi implementado com sucesso no Ju\u00edzo de Vit\u00f3ria, diminuindo o n\u00famero de peti\u00e7\u00f5es no protocolo geral, tornando-o mais c\u00e9lere, e que o artigo 5\u00ba, do referido Ato, prev\u00ea a expans\u00e3o desse sistema para as demais Comarcas;<\/p>\n<p>CONSIDERANDO que dito sistema foi implementado com sucesso em outros Ju\u00edzos;<\/p>\n<p>CONSIDERANDO o teor do expediente protocolado sob o n\u00ba 2018.01.840.670, no qual o Juiz de Direito Diretor do Foro da Comarca de Itapemirim solicita a realiza\u00e7\u00e3o do protocolo de peti\u00e7\u00f5es de juntada diretamente nas Secretarias das unidades judici\u00e1rias onde tramitam os feitos a que se destinam;<\/p>\n<p>CONSIDERANDO que a Secretaria de Tecnologia da Informa\u00e7\u00e3o consentiu tecnicamente com a solu\u00e7\u00e3o e, inclusive, j\u00e1 aparelhou os cart\u00f3rios com os mecanismos necess\u00e1rios \u00e0 implementa\u00e7\u00e3o das altera\u00e7\u00f5es;<\/p>\n<p>CONSIDERANDO a necessidade de agilizar o tr\u00e2mite das peti\u00e7\u00f5es no protocolo geral, o que pode ser alcan\u00e7ado atrav\u00e9s da desburocratiza\u00e7\u00e3o na tramita\u00e7\u00e3o das peti\u00e7\u00f5es com menor complexidade;<\/p>\n<p>CONSIDERANDO que os requisitos de ordem t\u00e9cnica e administrativos encontram-se reunidos para a implementa\u00e7\u00e3o das altera\u00e7\u00f5es no sistema de protocoliza\u00e7\u00e3o de peti\u00e7\u00f5es;<\/p>\n<p>CONSIDERANDO a necessidade de diminuir o volume de peti\u00e7\u00f5es recebidas nos \u201cProtocolos Gerais\u201d e, assim, permitir o remanejamento da for\u00e7a de trabalho;<\/p>\n<p>RESOLVEM:<\/p>\n<p>Art. 1\u00ba \u2013 O protocolo de peti\u00e7\u00f5es de juntada na Comarca de Itapemirim se realizar\u00e1 diretamente nas respectivas secretarias das unidades judici\u00e1rias por onde tramitam os feitos a que se destinam, cabendo ao Exm\u00ba. Sr. Juiz de Direito Diretor do Foro disciplinar acerca da possibilidade, ou n\u00e3o, de tamb\u00e9m haver protocolo de peti\u00e7\u00f5es de juntada perante o protocolo geral do Ju\u00edzo.<\/p>\n<p>\u00a71\u00ba \u2013 S\u00e3o consideradas peti\u00e7\u00f5es de juntada aquelas que n\u00e3o s\u00e3o autuadas em apartado e n\u00e3o geram n\u00famero de registro independente do atribu\u00eddo \u00e0 a\u00e7\u00e3o principal.<\/p>\n<p>\u00a72\u00ba \u2013 As demais peti\u00e7\u00f5es ser\u00e3o protocolizadas no protocolo geral.<\/p>\n<p>Art. 2\u00ba \u2013 Nas peti\u00e7\u00f5es de juntada sem meios de identifica\u00e7\u00e3o do processo a que se destinam, o respons\u00e1vel pela secretaria entrar\u00e1 em contato com o advogado, por qualquer meio id\u00f4neo, para retirada ou adequa\u00e7\u00e3o da peti\u00e7\u00e3o, aguardando-se, no caso de impossibilidade de contato, por 30 (trinta) dias.<\/p>\n<p>Art. 3\u00ba \u2013 As peti\u00e7\u00f5es juntadas na respectiva serventia ser\u00e3o protocolizadas em sistema pr\u00f3prio, vinculado ao sistema central de protocolo.<\/p>\n<p>Art. 4\u00ba \u2013 Este Ato Normativo Conjunto entra em vigor na data de sua publica\u00e7\u00e3o.<\/p>\n<p>Publique-se.<\/p>\n<p>Vit\u00f3ria, 16 de abril de 2019.<\/p>\n<p align=\"center\">Des. S\u00c9RGIO LUIZ TEIXEIRA GAMA<\/p>\n<p align=\"center\">Presidente<\/p>\n<p align=\"center\">Des. SAMUEL MEIRA BRASIL J\u00daNIOR<\/p>\n<p align=\"center\">Corregedor-Geral da Justi\u00e7a<\/p>\n","protected":false},"excerpt":{"rendered":"<p>ESTADO DO ESP\u00cdRITO SANTO PODER JUDICI\u00c1RIO TRIBUNAL DE JUSTI\u00c7A ATO NORMATIVO CONJUNTO n\u00b0 006\/2019 Disp\u00f5e acerca da implanta\u00e7\u00e3o do protocolo de peti\u00e7\u00f5es de juntada nas unidades judici\u00e1rias da Comarca de Itapemirim Os Excelent\u00edssimos Senhores Desembargadores S\u00c9RGIO LUIZ TEIXEIRA GAMA, Presidente do Egr\u00e9gio Tribunal de Justi\u00e7a do Estado do Esp\u00edrito Santo, e SAMUEL MEIRA BRASIL J\u00daNIOR, [&hellip;]<\/p>\n","protected":false},"author":9,"featured_media":0,"comment_status":"closed","ping_status":"closed","sticky":false,"template":"","format":"standard","meta":{"footnotes":""},"categories":[4],"tags":[],"_links":{"self":[{"href":"https:\/\/www.tjes.jus.br\/corregedoria\/wp-json\/wp\/v2\/posts\/26704"}],"collection":[{"href":"https:\/\/www.tjes.jus.br\/corregedoria\/wp-json\/wp\/v2\/posts"}],"about":[{"href":"https:\/\/www.tjes.jus.br\/corregedoria\/wp-json\/wp\/v2\/types\/post"}],"author":[{"embeddable":true,"href":"https:\/\/www.tjes.jus.br\/corregedoria\/wp-json\/wp\/v2\/users\/9"}],"replies":[{"embeddable":true,"href":"https:\/\/www.tjes.jus.br\/corregedoria\/wp-json\/wp\/v2\/comments?post=26704"}],"version-history":[{"count":1,"href":"https:\/\/www.tjes.jus.br\/corregedoria\/wp-json\/wp\/v2\/posts\/26704\/revisions"}],"predecessor-version":[{"id":26705,"href":"https:\/\/www.tjes.jus.br\/corregedoria\/wp-json\/wp\/v2\/posts\/26704\/revisions\/26705"}],"wp:attachment":[{"href":"https:\/\/www.tjes.jus.br\/corregedoria\/wp-json\/wp\/v2\/media?parent=26704"}],"wp:term":[{"taxonomy":"category","embeddable":true,"href":"https:\/\/www.tjes.jus.br\/corregedoria\/wp-json\/wp\/v2\/categories?post=26704"},{"taxonomy":"post_tag","embeddable":true,"href":"https:\/\/www.tjes.jus.br\/corregedoria\/wp-json\/wp\/v2\/tags?post=26704"}],"curies":[{"name":"wp","href":"https:\/\/api.w.org\/{rel}","templated":true}]}}