{"id":26710,"date":"2019-04-22T13:06:36","date_gmt":"2019-04-22T16:06:36","guid":{"rendered":"https:\/\/www.tjes.jus.br\/corregedoria\/?p=26710"},"modified":"2019-04-22T13:16:14","modified_gmt":"2019-04-22T16:16:14","slug":"ato-normativo-no-054-2019-disp-22-04-2019","status":"publish","type":"post","link":"https:\/\/www.tjes.jus.br\/corregedoria\/2019\/04\/22\/ato-normativo-no-054-2019-disp-22-04-2019\/","title":{"rendered":"ATO NORMATIVO N\u00ba 054\/2019 \u2013 DISP. 22\/04\/2019"},"content":{"rendered":"<p align=\"center\">ESTADO DO ESP\u00cdRITO SANTO<\/p>\n<p align=\"center\">PODER JUDICI\u00c1RIO<\/p>\n<p align=\"center\">TRIBUNAL DE JUSTI\u00c7A<\/p>\n<p align=\"center\"><strong>Ato Normativo N\u00ba 054\/2019<\/strong><\/p>\n<p>O Excelent\u00edssimo Senhor Desembargador SERGIO LUIZ TEIXEIRA GAMA, Presidente do Egr\u00e9gio Tribunal de Justi\u00e7a do Estado do Esp\u00edrito Santo, no uso de suas atribui\u00e7\u00f5es legais e,<\/p>\n<p>&nbsp;<\/p>\n<p>CONSIDERANDO o disposto no art. 58 da Resolu\u00e7\u00e3o n\u00ba 15\/95 (Regimento Interno do Tribunal de Justi\u00e7a do Esp\u00edrito Santo), que atribui ao Presidente do Egr\u00e9gio Tribunal de Justi\u00e7a do Estado do Esp\u00edrito Santo compet\u00eancia geral para exercer a superintend\u00eancia de todo o servi\u00e7o judici\u00e1rio, na qualidade de Chefe do Poder Judici\u00e1rio Estadual;<\/p>\n<p>&nbsp;<\/p>\n<p>CONSIDERANDO os termos do <a href=\"https:\/\/www.tjes.jus.br\/corregedoria\/2019\/03\/19\/ato-normativo-no-032-2019-disp-19-03-2019\/\">Ato Normativo n\u00ba 032\/2019<\/a>, publicado no Di\u00e1rio da Justi\u00e7a de 19\/03\/2019, que instituiu a \u201cSemana da Poupan\u00e7a\u201d por determina\u00e7\u00e3o do Conselho Nacional de Justi\u00e7a \u2013 CNJ.<\/p>\n<p>&nbsp;<\/p>\n<p>RESOLVE:<\/p>\n<p>&nbsp;<\/p>\n<p style=\"text-align: justify;\">Art. 1\u00ba \u2013 INSTITUIR e CONVOCAR equipe de trabalho para atuar na \u201cSemana da Poupan\u00e7a\u201d, no per\u00edodo de\u00a022\/04\/19 a\u00a026\/04\/19, no hor\u00e1rio das 08:00 horas \u00e0s 12:00 horas e 13:00 horas \u00e0s 18:00 horas, a ser realizada no Centro Avan\u00e7ado dos Juizados da Inf\u00e2ncia e Juventude de Vit\u00f3ria, localizado na\u00a0Endere\u00e7o: R. Em\u00edlio Ferreira da Silva, 135 &#8211; Santa Martha, Vit\u00f3ria &#8211; ES, para apresentar aos cidad\u00e3os que ingressaram com processos relativos a expurgos inflacion\u00e1rios em suas contas de poupan\u00e7a, os c\u00e1lculos advindos dos termos do acordo coletivo homologado pelo STF firmado com Institui\u00e7\u00f5es Financeiras, oferecendo-lhes a possibilidade de ades\u00e3o volunt\u00e1ria, conforme segue:<\/p>\n<p>&nbsp;<\/p>\n<table border=\"0\" cellspacing=\"0\" cellpadding=\"0\">\n<tbody>\n<tr>\n<td valign=\"top\" width=\"321\">IZABELLA DALLA SILY CASAGRANDE<\/td>\n<td valign=\"top\" width=\"321\">COORDENADORA<\/td>\n<\/tr>\n<tr>\n<td valign=\"top\" width=\"321\">ALINE C\u00c2NDIDA MENDON\u00c7A<\/td>\n<td valign=\"top\" width=\"321\">ANALISTA JUDICI\u00c1RIO<\/td>\n<\/tr>\n<tr>\n<td valign=\"top\" width=\"321\">LEANDRO GAMA MORAES<\/td>\n<td valign=\"top\" width=\"321\">ANALISTA JUDICI\u00c1RIO &#8211; PSIC\u00d3LOGO<\/td>\n<\/tr>\n<tr>\n<td valign=\"top\" width=\"321\">LUCIANA DA LUZ FERNANDES<\/td>\n<td valign=\"top\" width=\"321\">CHEFE DO SETOR DE CONCILIA\u00c7\u00c3O<\/td>\n<\/tr>\n<tr>\n<td valign=\"top\" width=\"321\">MARCIA CRISTINA DE GODOYS MONTEIRO<\/td>\n<td valign=\"top\" width=\"321\">CHEFE DO SETOR DE CONCILIA\u00c7\u00c3O<\/td>\n<\/tr>\n<tr>\n<td valign=\"top\" width=\"321\">PATRICIA ABGUENEM ABIB GAMA<\/td>\n<td valign=\"top\" width=\"321\">ANALISTA JUDICI\u00c1RIO<\/td>\n<\/tr>\n<tr>\n<td valign=\"top\" width=\"321\">PENELOPE VERVLOET FEU ROSA<\/td>\n<td valign=\"top\" width=\"321\">ANALISTA JUDICI\u00c1RIO<\/td>\n<\/tr>\n<tr>\n<td valign=\"top\" width=\"321\">VALERIA CAVATI RIBEIRO FREITAS<\/td>\n<td valign=\"top\" width=\"321\">ANALISTA JUDICI\u00c1RIO<\/td>\n<\/tr>\n<tr>\n<td valign=\"top\" width=\"321\">WEBER ANDRADE DE OLIVEIRA<\/td>\n<td valign=\"top\" width=\"321\">T\u00c9CNICO JUDICI\u00c1RIO<\/td>\n<\/tr>\n<\/tbody>\n<\/table>\n<p>&nbsp;<\/p>\n<p>Art. 2\u00ba \u2013 Designar os Excelent\u00edssimos Ju\u00edzes de Direito abaixo elencados, para a pr\u00e1tica dos atos judiciais e administrativos necess\u00e1rios ao suporte e \u00e0 supervis\u00e3o do evento \u201cSemana da Poupan\u00e7a\u201d<\/p>\n<p>&#8211; Dr. Anselmo Laghi Laranja<\/p>\n<p>&#8211; Dr. Gustavo Zago Rabelo<\/p>\n<p>&#8211; Dr. Julio C\u00e9sar Babilon<\/p>\n<p>&#8211; Dra. Katia Toribio Laghi Laranja<\/p>\n<p style=\"text-align: justify;\">\n<p style=\"text-align: justify;\">Art. 3\u00ba \u2013 O Grupo de Trabalho promover\u00e1 os atos executivos necess\u00e1rios \u00e0 realiza\u00e7\u00e3o do evento \u201cSemana da Poupan\u00e7a\u201d, atuando inclusive nas sess\u00f5es.<\/p>\n<p style=\"text-align: justify;\">\n<p style=\"text-align: justify;\">Art. 4\u00ba \u2013 O presente grupo de trabalho poder\u00e1 contar com a valiosa atua\u00e7\u00e3o dos Ju\u00edzes aposentados que desejarem participar do evento \u201cSemana da Poupan\u00e7a\u201d, bastando, para tanto, a manifesta\u00e7\u00e3o neste sentido junto ao 3\u00ba Centro Judici\u00e1rio de Solu\u00e7\u00e3o de Conflito e Cidadania \u2013 CEJUSC.<\/p>\n<p style=\"text-align: justify;\">\n<p style=\"text-align: justify;\">Art. 5\u00ba \u2013 O 3\u00ba CEJUSC encaminhar\u00e1 \u00e0 Secretaria de Gest\u00e3o de Pessoas do Egr\u00e9gio Tribunal de Justi\u00e7a, no prazo de 10(dez) dias uteis ap\u00f3s o encerramento do evento, informa\u00e7\u00f5es com rela\u00e7\u00e3o \u00e0s horas trabalhadas pelos servidores para anota\u00e7\u00e3o em ficha funcional, para fins de compensa\u00e7\u00e3o.<\/p>\n<p style=\"text-align: justify;\">\n<p style=\"text-align: justify;\">Art. 6\u00ba \u2013 Aos servidores efetivos constantes desta Equipe de Trabalho ser\u00e1 reconhecida, para fins de promo\u00e7\u00e3o na carreira, a pontua\u00e7\u00e3o equivalente \u00e0 participa\u00e7\u00e3o em Equipe Especial de Trabalho, conforme disposto no Ato Normativo 2773\/2012.<\/p>\n<p style=\"text-align: justify;\">\n<p>Art. 7\u00ba \u2013 Este Ato Normativo entra em vigor na data de sua publica\u00e7\u00e3o.<\/p>\n<p>&nbsp;<\/p>\n<p>Publique-se.<\/p>\n<p>&nbsp;<\/p>\n<p>Vit\u00f3ria, 16 de abril de 2019.<\/p>\n<p>&nbsp;<\/p>\n<p align=\"center\">DES. SERGIO LUIZ TEIXEIRA GAMA<\/p>\n<p align=\"center\">PRESIDENTE<\/p>\n","protected":false},"excerpt":{"rendered":"<p>ESTADO DO ESP\u00cdRITO SANTO PODER JUDICI\u00c1RIO TRIBUNAL DE JUSTI\u00c7A Ato Normativo N\u00ba 054\/2019 O Excelent\u00edssimo Senhor Desembargador SERGIO LUIZ TEIXEIRA GAMA, Presidente do Egr\u00e9gio Tribunal de Justi\u00e7a do Estado do Esp\u00edrito Santo, no uso de suas atribui\u00e7\u00f5es legais e, &nbsp; CONSIDERANDO o disposto no art. 58 da Resolu\u00e7\u00e3o n\u00ba 15\/95 (Regimento Interno do Tribunal de [&hellip;]<\/p>\n","protected":false},"author":8,"featured_media":0,"comment_status":"closed","ping_status":"closed","sticky":false,"template":"","format":"standard","meta":{"footnotes":""},"categories":[4,14],"tags":[],"_links":{"self":[{"href":"https:\/\/www.tjes.jus.br\/corregedoria\/wp-json\/wp\/v2\/posts\/26710"}],"collection":[{"href":"https:\/\/www.tjes.jus.br\/corregedoria\/wp-json\/wp\/v2\/posts"}],"about":[{"href":"https:\/\/www.tjes.jus.br\/corregedoria\/wp-json\/wp\/v2\/types\/post"}],"author":[{"embeddable":true,"href":"https:\/\/www.tjes.jus.br\/corregedoria\/wp-json\/wp\/v2\/users\/8"}],"replies":[{"embeddable":true,"href":"https:\/\/www.tjes.jus.br\/corregedoria\/wp-json\/wp\/v2\/comments?post=26710"}],"version-history":[{"count":3,"href":"https:\/\/www.tjes.jus.br\/corregedoria\/wp-json\/wp\/v2\/posts\/26710\/revisions"}],"predecessor-version":[{"id":26712,"href":"https:\/\/www.tjes.jus.br\/corregedoria\/wp-json\/wp\/v2\/posts\/26710\/revisions\/26712"}],"wp:attachment":[{"href":"https:\/\/www.tjes.jus.br\/corregedoria\/wp-json\/wp\/v2\/media?parent=26710"}],"wp:term":[{"taxonomy":"category","embeddable":true,"href":"https:\/\/www.tjes.jus.br\/corregedoria\/wp-json\/wp\/v2\/categories?post=26710"},{"taxonomy":"post_tag","embeddable":true,"href":"https:\/\/www.tjes.jus.br\/corregedoria\/wp-json\/wp\/v2\/tags?post=26710"}],"curies":[{"name":"wp","href":"https:\/\/api.w.org\/{rel}","templated":true}]}}