{"id":26728,"date":"2019-04-24T15:28:34","date_gmt":"2019-04-24T18:28:34","guid":{"rendered":"https:\/\/www.tjes.jus.br\/corregedoria\/?p=26728"},"modified":"2021-08-05T16:38:07","modified_gmt":"2021-08-05T19:38:07","slug":"ato-normativo-no-056-2019-disp-24-04-2019","status":"publish","type":"post","link":"https:\/\/www.tjes.jus.br\/corregedoria\/2019\/04\/24\/ato-normativo-no-056-2019-disp-24-04-2019\/","title":{"rendered":"ATO NORMATIVO N\u00ba 056\/2019 \u2013 DISP. 24\/04\/2019 &#8211; ALTERADO"},"content":{"rendered":"<h2 align=\"center\"><span style=\"color: #ff0000;\">Alterado pelo<\/span>\u00a0<a href=\"https:\/\/www.tjes.jus.br\/corregedoria\/2021\/08\/05\/ato-normativo-no-067-2021-disp-05-08-2021\/\">ATO NORMATIVO\u00a0N\u00ba 067\/2021<\/a>\u00a0<span style=\"color: #ff0000;\">disp. em 29\/07\/2021<\/span><\/h2>\n<p align=\"center\">\n<p align=\"center\">PODER JUDICI\u00c1RIO DO ESTADO DO ESP\u00cdRITO SANTO<\/p>\n<p align=\"center\">TRIBUNAL DE JUSTI\u00c7A<\/p>\n<p align=\"center\">GABINETE DA PRESID\u00caNCIA<\/p>\n<p>&nbsp;<\/p>\n<p align=\"center\"><strong>ATO NORMATIVO N\u00ba 056\/2019<\/strong><\/p>\n<p align=\"justify\">Institui Grupo de Trabalho para desenvolvimento das atividades necess\u00e1rias \u00e0 revis\u00e3o e adequa\u00e7\u00e3o dos sistemas eletr\u00f4nicos que atendem ao primeiro e segundo graus de jurisdi\u00e7\u00e3o do Poder Judici\u00e1rio do Estado do Esp\u00edrito Santo em conformidade com a Tabela Processual Unificada \u2013 TPU do Conselho Nacional de Justi\u00e7a.<\/p>\n<p align=\"justify\">O Excelent\u00edssimo Senhor Desembargador Sergio Luiz Teixeira Gama, DD. Presidente do Egr\u00e9gio Tribunal de Justi\u00e7a do Estado do Esp\u00edrito Santo, no uso de suas atribui\u00e7\u00f5es legais e<\/p>\n<p align=\"justify\">CONSIDERANDO as sistem\u00e1ticas altera\u00e7\u00f5es que se processam na Tabela Processual Unificada do Conselho Nacional de Justi\u00e7a e que geram a necessidade de novos procedimentos no que diz respeito aos lan\u00e7amentos das informa\u00e7\u00f5es nos sistemas judiciais;<\/p>\n<p align=\"justify\">CONSIDERANDO, portanto, a necessidade de revis\u00e3o e adequa\u00e7\u00e3o dos sistemas eletr\u00f4nicos que atendem ao primeiro e segundo graus de jurisdi\u00e7\u00e3o do Poder Judici\u00e1rio do Estado do Esp\u00edrito Santo em conformidade com a Tabela Processual Unificada \u2013 TPU do Conselho Nacional de Justi\u00e7a;<\/p>\n<p align=\"justify\">CONSIDERANDO a recomenda\u00e7\u00e3o do Colendo Conselho Nacional de Justi\u00e7a para atualizar a vers\u00e3o da TPU utilizada por este Egr\u00e9gio Tribunal;<\/p>\n<p align=\"justify\">CONSIDERANDO delibera\u00e7\u00e3o do Comit\u00ea Gestor de Tabelas Processuais Unificadas em reuni\u00e3o realizada no dia 15 de mar\u00e7o de 2019 que sugeriu constitui\u00e7\u00e3o de equipe de trabalho, objetivando a an\u00e1lise t\u00e9cnica e reconhecimento das atividades necess\u00e1rias para adequa\u00e7\u00e3o dos sistemas em conformidade com a atualiza\u00e7\u00e3o Tabela Processual Unificada \u2013 TPU do Conselho Nacional de Justi\u00e7a.<\/p>\n<p align=\"justify\">RESOLVE:<\/p>\n<p align=\"justify\">Art. 1\u00ba \u2013 Instituir, no \u00e2mbito do Poder Judici\u00e1rio do Esp\u00edrito Santo, o Grupo de Trabalho que ter\u00e1 por finalidade o desenvolvimento das atividades, necess\u00e1rio \u00e0 revis\u00e3o e adequa\u00e7\u00e3o dos sistemas eletr\u00f4nicos que atendem ao primeiro e segundo graus de jurisdi\u00e7\u00e3o do Poder Judici\u00e1rio do Estado do Esp\u00edrito Santo em conformidade com a Tabela Processual Unificada \u2013 TPU do Conselho Nacional de Justi\u00e7a.<\/p>\n<p align=\"justify\">Art. 2\u00ba &#8211; Art. 2\u00ba. O Grupo de Trabalho ser\u00e1 integrado pelos seguintes servidores:<\/p>\n<p align=\"justify\">I \u2013\u00a0<strong>Do<\/strong><strong>Comit\u00ea Gestor de Tabelas Processuais Unificadas<\/strong>: Marcelo Feres Bressan \u2013 Juiz de Direito e Rita de Cassia Barcellos Almeida \u2013 Assessora de Planejamento, Or\u00e7amento e Gest\u00e3o Estrat\u00e9gica;<\/p>\n<p align=\"justify\"><del>II &#8211;\u00a0<strong>Da Secretaria de Tecnologia da Informa\u00e7\u00e3o<\/strong>: \u00c2ngela Regina Mayer Tessarolo &#8211; Analista Judici\u00e1rio AE &#8211; Analise de Sistemas e Marcus Vinicius de Oliveira Magalh\u00e3es &#8211; Analista Judici\u00e1rio AE &#8211; Analise de Sistemas<\/del><\/p>\n<p align=\"justify\">II &#8211;\u00a0<strong>Da Secretaria de Tecnologia da Informa\u00e7\u00e3o<\/strong>: \u00c2ngela Regina Mayer Tessarolo &#8211; Analista Judici\u00e1rio AE &#8211; Analise de Sistemas,\u00a0Marcus Vinicius de Oliveira Magalh\u00e3es &#8211; Analista Judici\u00e1rio AE &#8211; Analise de Sistemas e\u00a0Lauro Bruno Tessarollo de B\u00f4rtoli, T\u00e9cnico Judici\u00e1rio &#8211; AE &#8211; T\u00e9cnico em Inform\u00e1tica.\u00a0<strong>(<span style=\"color: #ff0000;\">Inclu\u00edda pelo<\/span>\u00a0<a href=\"https:\/\/www.tjes.jus.br\/corregedoria\/2021\/08\/05\/ato-normativo-no-067-2021-disp-05-08-2021\/\">ATO NORMATIVO N\u00ba 067\/2021<\/a>\u00a0<span style=\"color: #ff0000;\">disp. em 05\/08\/2021<\/span>)<\/strong><\/p>\n<p align=\"justify\">III \u2013\u00a0<strong>Da Secretaria Judici\u00e1ria<\/strong>: Karla Di Marcello Vallad\u00e3o Lugon Mazzoni \u2013 Coordenadora da Coordenadoria d Protocolo, Registro e Distribui\u00e7\u00e3o e Juliana Vieira Neves Miranda &#8211; Diretora de Secretaria do Tribunal Pleno.<\/p>\n<p align=\"justify\">IV \u2013\u00a0<strong>Do Primeiro Grau de Jurisdi\u00e7\u00e3o (Sistema EJUD)<\/strong>\u00a0Ana Paula Cardoso Prata &#8211; Analista Judici\u00e1rio AJ Direito, Diana Theodoro Goetze &#8211; Analista Judici\u00e1rio AJ Direito e Estev\u00e3o Jackson Ambr\u00f3sio Chefe de Secretaria da 1\u00aa Vara C\u00edvel de Itapemirim.<\/p>\n<p align=\"justify\">V \u2013\u00a0<strong>Do Segundo Grau de Jurisdi\u00e7\u00e3o (Sistema Segunda Inst\u00e2ncia)<\/strong>\u00a0Cl\u00e1udia Perciano Ribeiro Cock Analista Judici\u00e1rio Especial QS Escriv\u00e3o Judici\u00e1rio e Marcela Barcellos Tavares Marcheschi Analista Judici\u00e1rio Especial QS Escriv\u00e3o Judici\u00e1rio.<\/p>\n<p align=\"justify\">Art. 3\u00ba \u2013 Este Ato Normativo entrar\u00e1 em vigor na data de sua publica\u00e7\u00e3o, revogando-se as disposi\u00e7\u00f5es em contr\u00e1rio.<\/p>\n<p align=\"justify\">Publique-se.<\/p>\n<p style=\"text-align: center;\" align=\"justify\">Vit\u00f3ria, 23 de abril de 2019.<\/p>\n<p style=\"text-align: center;\" align=\"justify\">Des. SERGIO LUIZ TEIXEIRA GAMA<\/p>\n<p style=\"text-align: center;\" align=\"justify\">Presidente<\/p>\n","protected":false},"excerpt":{"rendered":"<p>Alterado pelo\u00a0ATO NORMATIVO\u00a0N\u00ba 067\/2021\u00a0disp. em 29\/07\/2021 PODER JUDICI\u00c1RIO DO ESTADO DO ESP\u00cdRITO SANTO TRIBUNAL DE JUSTI\u00c7A GABINETE DA PRESID\u00caNCIA &nbsp; ATO NORMATIVO N\u00ba 056\/2019 Institui Grupo de Trabalho para desenvolvimento das atividades necess\u00e1rias \u00e0 revis\u00e3o e adequa\u00e7\u00e3o dos sistemas eletr\u00f4nicos que atendem ao primeiro e segundo graus de jurisdi\u00e7\u00e3o do Poder Judici\u00e1rio do Estado do [&hellip;]<\/p>\n","protected":false},"author":8,"featured_media":0,"comment_status":"closed","ping_status":"closed","sticky":false,"template":"","format":"standard","meta":{"footnotes":""},"categories":[4,14],"tags":[],"_links":{"self":[{"href":"https:\/\/www.tjes.jus.br\/corregedoria\/wp-json\/wp\/v2\/posts\/26728"}],"collection":[{"href":"https:\/\/www.tjes.jus.br\/corregedoria\/wp-json\/wp\/v2\/posts"}],"about":[{"href":"https:\/\/www.tjes.jus.br\/corregedoria\/wp-json\/wp\/v2\/types\/post"}],"author":[{"embeddable":true,"href":"https:\/\/www.tjes.jus.br\/corregedoria\/wp-json\/wp\/v2\/users\/8"}],"replies":[{"embeddable":true,"href":"https:\/\/www.tjes.jus.br\/corregedoria\/wp-json\/wp\/v2\/comments?post=26728"}],"version-history":[{"count":5,"href":"https:\/\/www.tjes.jus.br\/corregedoria\/wp-json\/wp\/v2\/posts\/26728\/revisions"}],"predecessor-version":[{"id":32438,"href":"https:\/\/www.tjes.jus.br\/corregedoria\/wp-json\/wp\/v2\/posts\/26728\/revisions\/32438"}],"wp:attachment":[{"href":"https:\/\/www.tjes.jus.br\/corregedoria\/wp-json\/wp\/v2\/media?parent=26728"}],"wp:term":[{"taxonomy":"category","embeddable":true,"href":"https:\/\/www.tjes.jus.br\/corregedoria\/wp-json\/wp\/v2\/categories?post=26728"},{"taxonomy":"post_tag","embeddable":true,"href":"https:\/\/www.tjes.jus.br\/corregedoria\/wp-json\/wp\/v2\/tags?post=26728"}],"curies":[{"name":"wp","href":"https:\/\/api.w.org\/{rel}","templated":true}]}}