{"id":26741,"date":"2019-04-25T13:29:18","date_gmt":"2019-04-25T16:29:18","guid":{"rendered":"https:\/\/www.tjes.jus.br\/corregedoria\/?p=26741"},"modified":"2019-04-25T13:29:18","modified_gmt":"2019-04-25T16:29:18","slug":"ato-normativo-n-057-2019-disp-25-04-2019","status":"publish","type":"post","link":"https:\/\/www.tjes.jus.br\/corregedoria\/2019\/04\/25\/ato-normativo-n-057-2019-disp-25-04-2019\/","title":{"rendered":"ATO NORMATIVO N\u00b0 057\/2019 \u2013 DISP. 25\/04\/2019"},"content":{"rendered":"<p align=\"center\"><span lang=\"pt-BR\"><strong>ESTADO DO ESP\u00cdRITO SANTO<\/strong><\/span><\/p>\n<p align=\"center\"><span lang=\"pt-BR\"><strong>PODER JUDICI\u00c1RIO<\/strong><\/span><\/p>\n<p align=\"center\"><span lang=\"pt-BR\"><strong>TRIBUNAL DE JUSTI\u00c7A<\/strong><\/span><\/p>\n<p align=\"center\"><span lang=\"pt-BR\"><strong>SECRETARIA GERAL<\/strong><\/span><\/p>\n<p align=\"center\">\n<p align=\"center\"><span lang=\"pt-BR\"><strong>ATO NORMATIVO\u00a0<\/strong><\/span><span lang=\"pt-BR\"><strong>N\u00ba 057\/2019<\/strong><\/span><\/p>\n<p align=\"justify\">\n<p align=\"justify\"><span lang=\"pt-BR\">O Excelent\u00edssimo Senhor Desembargador S\u00e9rgio Luiz Teixeira Gama, Presidente do Egr\u00e9gio Tribunal de Justi\u00e7a do Estado do Esp\u00edrito Santo, no uso de suas atribui\u00e7\u00f5es legais,<\/span><\/p>\n<p align=\"justify\">\n<p align=\"justify\"><span lang=\"pt-BR\"><strong>CONSIDERANDO<\/strong><\/span><span lang=\"pt-BR\">\u00a0o disposto no artigo 75 da Lei Complementar\u00a0<\/span><span lang=\"pt-BR\">Estadual<\/span><span lang=\"pt-BR\">\u00a0n\u00ba 234\/<\/span><span lang=\"pt-BR\">02<\/span><span lang=\"pt-BR\">, publicada em 19 de abril de 2002\u00a0<\/span><span lang=\"pt-BR\">no Di\u00e1rio Oficial do Estado do Esp\u00edrito Santo<\/span><span lang=\"pt-BR\">, a qual trata da organiza\u00e7\u00e3o e funcionamento do Tribunal do J\u00fari, definindo a periodicidade das suas reuni\u00f5es, por meio de sess\u00f5es ordin\u00e1rias e extraordin\u00e1rias;<\/span><\/p>\n<p align=\"justify\">\n<p align=\"justify\"><span lang=\"pt-BR\"><strong>CONSIDERANDO\u00a0<\/strong><\/span><span lang=\"pt-BR\">que, eventualmente, as sess\u00f5es do Tribunal do J\u00fari poder\u00e3o se estender por mais de um dia, sendo necess\u00e1ria a hospedagem, de forma adequada, dos membros do Conselho de Senten\u00e7a, Oficiais de Justi\u00e7a e testemunhas;<\/span><\/p>\n<p align=\"justify\">\n<p align=\"justify\"><span lang=\"pt-BR\"><strong>CONSIDERANDO\u00a0<\/strong><\/span><span lang=\"pt-BR\">a necessidade de pr\u00e9via contrata\u00e7\u00e3o dos servi\u00e7os de hospedagem junto a hot\u00e9is, pousadas, ou ag\u00eancias de turismo, cujos pernoites geralmente ocorrem no munic\u00edpio onde s\u00e3o realizadas as sess\u00f5es do Tribunal do J\u00fari;<\/span><\/p>\n<p align=\"justify\">\n<p align=\"justify\"><span lang=\"pt-BR\"><strong>CONSIDERANDO<\/strong><\/span><span lang=\"pt-BR\">\u00a0que para a realiza\u00e7\u00e3o da referida contrata\u00e7\u00e3o faz-se necess\u00e1ria a abertura de processo formal, o qual dever\u00e1 observar os preceitos da Lei Federal n\u00ba 8.666\/93 e legisla\u00e7\u00e3o correlata;<\/span><\/p>\n<p align=\"justify\">\n<p align=\"justify\"><span lang=\"pt-BR\"><strong>CONSIDERANDO<\/strong><\/span><span lang=\"pt-BR\">\u00a0a necessidade de dar efetividade \u00e0 presta\u00e7\u00e3o jurisdicional;<\/span><\/p>\n<p align=\"justify\">\n<p align=\"justify\"><span lang=\"pt-BR\"><strong>RESOLVE:<\/strong><\/span><\/p>\n<p align=\"justify\">\n<p align=\"justify\"><span lang=\"pt-BR\"><strong>Art. 1\u00ba\u00a0<\/strong><\/span><span lang=\"pt-BR\">&#8211; Regulamentar a formaliza\u00e7\u00e3o de pedidos de hospedagem para os membros do Conselho de Senten\u00e7a, Oficiais de Justi\u00e7a e testemunhas no Poder Judici\u00e1rio do Estado do Esp\u00edrito Santo, nos termos dos artigos seguintes.<\/span><\/p>\n<p align=\"justify\">\n<p align=\"justify\"><span lang=\"pt-BR\"><strong>Art. 2\u00ba\u00a0<\/strong><\/span><span lang=\"pt-BR\">&#8211; Cabe a<\/span><span lang=\"pt-BR\">o Chefe de Secretaria da Vara respons\u00e1vel pelo Tribunal do J\u00fari:<\/span><\/p>\n<p align=\"justify\">\n<p align=\"justify\"><span lang=\"pt-BR\"><strong>a)\u00a0<\/strong><\/span><span lang=\"pt-BR\">Encaminhar a requisi\u00e7\u00e3o de hospedagem \u00e0 Administra\u00e7\u00e3o deste Poder Judici\u00e1rio<\/span><span lang=\"pt-BR\">;<\/span><\/p>\n<p align=\"justify\">\n<p align=\"justify\"><span lang=\"pt-BR\"><strong>b)\u00a0<\/strong><\/span><span lang=\"pt-BR\">Atestar<\/span><span lang=\"pt-BR\">os servi\u00e7os efetivamente executados, nos termos do artigo 9\u00ba, do presente normativo.<\/span><\/p>\n<p align=\"justify\">\n<p align=\"justify\"><span lang=\"pt-BR\"><strong>c)\u00a0<\/strong><\/span><span lang=\"pt-BR\">Realizar avalia\u00e7\u00e3o de qualidade e aceite, quando necess\u00e1rio.<\/span><\/p>\n<p align=\"justify\">\n<p align=\"justify\"><span lang=\"pt-BR\"><strong>Par\u00e1grafo \u00fanico<\/strong><\/span><span lang=\"pt-BR\">\u00a0\u2013 Na aus\u00eancia do Chefe de Secretaria, poder\u00e1 o Assessor de Juiz, lotado na Vara respons\u00e1vel pelo Tribunal do J\u00fari, ou o Secret\u00e1rio de Gest\u00e3o do Foro, formalizar o pedido.<\/span><\/p>\n<p align=\"justify\">\n<p align=\"justify\"><span lang=\"pt-BR\"><strong>Art. 3\u00ba<\/strong><\/span><span lang=\"pt-BR\">\u00a0\u2013<\/span><span lang=\"pt-BR\">Os respons\u00e1veis pelas\u00a0<\/span><span lang=\"pt-BR\">requisi\u00e7\u00f5es<\/span><span lang=\"pt-BR\">\u00a0de hospedagem para as sess\u00f5es do Tribunal do J\u00fari devem observar o prazo m\u00ednimo de 30 (trinta) dias de anteced\u00eancia para a formaliza\u00e7\u00e3o do referido pleito.<\/span><\/p>\n<p align=\"justify\">\n<p align=\"justify\"><span lang=\"pt-BR\"><strong>\u00a71\u00ba<\/strong><\/span><span lang=\"pt-BR\">\u00a0\u2013 O pedido encaminhado com prazo<\/span><span lang=\"pt-BR\">\u00a0inferior ao estabelecido no\u00a0<\/span><span lang=\"pt-BR\"><i>caput<\/i><\/span><span lang=\"pt-BR\">\u00a0deste artigo, dever\u00e1 ser acompanhad<\/span><span lang=\"pt-BR\">o\u00a0<\/span><span lang=\"pt-BR\">de justificativa circunstanciada pelo respons\u00e1vel pela requisi\u00e7\u00e3o, com ci\u00eancia do magistrado competente para realiza\u00e7\u00e3o da sess\u00e3o de julgamento do Tribunal do J\u00fari.<\/span><\/p>\n<p align=\"justify\">\n<p align=\"justify\"><span lang=\"pt-BR\"><strong>\u00a72\u00ba<\/strong><\/span><span lang=\"pt-BR\">\u00a0\u2013\u00a0<\/span><span lang=\"pt-BR\">N\u00e3o ser\u00e3o conhecidas as requisi\u00e7\u00f5es encaminhadas com prazo inferior a 05 (cinco) dias \u00fateis de anteced\u00eancia para a formaliza\u00e7\u00e3o do referido pleito.<\/span><\/p>\n<p align=\"justify\">\n<p align=\"justify\"><span lang=\"pt-BR\"><strong>Art. 4\u00ba<\/strong><\/span><span lang=\"pt-BR\">\u00a0\u2013<\/span><span lang=\"pt-BR\">O pedido ser\u00e1 formalizado mediante o preenchimento do\u00a0<\/span><span lang=\"pt-BR\"><strong>FORMUL\u00c1RIO II &#8211; NP 01 &#8211; Parte 01 &#8211; REQUISI\u00c7\u00c3O DE COMPRA E SERVI\u00c7O<\/strong><\/span><span lang=\"pt-BR\">, da Norma de Procedimentos n\u00ba 01.01 \u2013 Licita\u00e7\u00e3o, motivado, fazendo constar o n\u00famero da a\u00e7\u00e3o penal a ser julgada,\u00a0<\/span><span lang=\"pt-BR\">assinado pelo respons\u00e1vel pela requisi\u00e7\u00e3o<\/span><span lang=\"pt-BR\">\u00a0e\u00a0<\/span><span lang=\"pt-BR\">transmitido<\/span><span lang=\"pt-BR\">por e-mail\u00a0<\/span><span lang=\"pt-BR\">atrav\u00e9s do endere\u00e7o eletr\u00f4nico\u00a0<\/span><span lang=\"zxx\">hospedagemjurados@tjes.jus.br<\/span><span lang=\"pt-BR\">.<\/span><\/p>\n<p align=\"justify\">\n<p align=\"justify\"><span lang=\"pt-BR\"><strong>Par\u00e1grafo \u00fanico<\/strong><\/span><span lang=\"pt-BR\">\u00a0\u2013 O mencionado formul\u00e1rio encontra-se<\/span><span lang=\"pt-BR\">\u00a0dispon\u00edvel no s\u00edtio eletr\u00f4nico\u00a0<\/span><span lang=\"zxx\">https:\/\/www.tjes.jus.br<\/span><span lang=\"zxx\">\/formularios-np-01\/<\/span><span lang=\"pt-BR\">:\u00a0<\/span><span lang=\"pt-BR\">I<\/span><span lang=\"pt-BR\">ntranet &gt; Publica\u00e7\u00f5es &gt; Norma<\/span><span lang=\"pt-BR\">s\u00a0<\/span><span lang=\"pt-BR\">de Procedimento<\/span><span lang=\"pt-BR\">s<\/span><span lang=\"pt-BR\">\u00a0&gt; SISTEMA DE COMPRAS, LICITA\u00c7\u00d5ES, CONTRATOS, CONV\u00caNIOS (exceto de pessoal) E INSTRUMENTOS CONG\u00caNERES &gt;\u00a0<\/span><span lang=\"pt-BR\"><strong>NP 01 &#8211; FORMUL\u00c1RIOS\u00a0<\/strong><\/span><span lang=\"pt-BR\"><strong>&gt; Formul\u00e1rio II \u2013 Requisi\u00e7\u00e3o de compras e servi\u00e7os.<\/strong><\/span><\/p>\n<p align=\"justify\">\n<p align=\"justify\"><span lang=\"pt-BR\"><strong>Art. 5\u00ba<\/strong><\/span><span lang=\"pt-BR\">\u00a0&#8211; Recebido o Formul\u00e1rio II, os gestores do contrato<\/span><span lang=\"pt-BR\">\u00a0dever\u00e3o providenciar a formaliza\u00e7\u00e3o e instru\u00e7\u00e3o do pedido, observando<\/span><span lang=\"pt-BR\">\u00a0o seguinte procedimento:<\/span><\/p>\n<p align=\"justify\">\n<p align=\"justify\"><span lang=\"pt-BR\"><strong>a)\u00a0<\/strong><\/span><span lang=\"pt-BR\">Conferir se a<\/span><span lang=\"pt-BR\">\u00a0pesquisa de mercado encontra-se atualizada, conforme o artigo\u00a07\u00ba, inciso X, do Decreto n\u00ba 1.790-R, de 24 de janeiro de 2007;<\/span><\/p>\n<p align=\"justify\">\n<p align=\"justify\"><span lang=\"pt-BR\"><strong>b)\u00a0<\/strong><\/span><span lang=\"pt-BR\">Sendo necess\u00e1rio atualizar a cota\u00e7\u00e3o de pre\u00e7os mencionada na al\u00ednea anterior, os autos dever\u00e3o ser encaminhados \u00e0 Coordenadoria de Compras, Licita\u00e7\u00f5es e Contratos para providenciar a coleta de pre\u00e7os, no prazo de 10 (dez) dias \u00fateis, nos termos da Norma de Procedimento n\u00ba 01.04 c\/c artigo 71, da Resolu\u00e7\u00e3o n\u00ba 75\/2011, disponibilizada no Di\u00e1rio de Justi\u00e7a de 13\/12\/2011.<\/span><\/p>\n<p align=\"justify\">\n<p align=\"justify\"><span lang=\"pt-BR\"><strong>c)\u00a0<\/strong><\/span><span lang=\"pt-BR\">Analisar a economicidade do contrato vigente;<\/span><\/p>\n<p align=\"justify\">\n<p align=\"justify\"><span lang=\"pt-BR\"><strong>d)\u00a0<\/strong><\/span><span lang=\"pt-BR\">Verificar a regularidade fiscal e trabalhista por meio das certid\u00f5es constantes nos autos;<\/span><\/p>\n<p align=\"justify\">\n<p align=\"justify\"><span lang=\"pt-BR\"><strong>e)\u00a0<\/strong><\/span><span lang=\"pt-BR\">Preencher o Formul\u00e1rio XXIII \u2013 Solicita\u00e7\u00e3o de Empenho;<\/span><\/p>\n<p align=\"justify\">\n<p align=\"justify\"><span lang=\"pt-BR\"><strong>f)\u00a0<\/strong><\/span><span lang=\"pt-BR\">Autorizada a emiss\u00e3o de empenho pelo ordenador de despesas deste Poder Judici\u00e1rio, compete \u00e0 Secretaria de Finan\u00e7as e Execu\u00e7\u00e3o Or\u00e7ament\u00e1ria emitir a Nota de Empenho, no prazo de 03 (tr\u00eas) dias \u00fateis, nos termos da Norma de Procedimento n\u00ba 01.04;<\/span><\/p>\n<p align=\"justify\">\n<p align=\"justify\"><span lang=\"pt-BR\"><strong>g)\u00a0<\/strong><\/span><span lang=\"pt-BR\">Em seguida, os gestores dever\u00e3o emitir ordem de servi\u00e7o \u00e0 ag\u00eancia de turismo contratada, contendo requisi\u00e7\u00e3o de reserva do hotel\/pousada e o n\u00famero da Nota de Empenho.<\/span><\/p>\n<p align=\"justify\">\n<p align=\"justify\"><span lang=\"pt-BR\"><strong>Art. 6\u00ba<\/strong><\/span><span lang=\"pt-BR\">\u00a0\u2013<\/span><span lang=\"pt-BR\">\u00a0A ag\u00eancia contratada encaminhar\u00e1 os\u00a0<\/span><span lang=\"pt-BR\"><i>vouchers<\/i><\/span><span lang=\"pt-BR\">\u00a0aos gestores, que dever\u00e3o envi\u00e1-los ao respons\u00e1vel pela requisi\u00e7\u00e3o.<\/span><\/p>\n<p align=\"justify\">\n<p align=\"justify\"><span lang=\"pt-BR\"><strong>Art. 7\u00ba<\/strong><\/span><span lang=\"pt-BR\">\u00a0\u2013<\/span><span lang=\"pt-BR\">\u00a0Imediatamente ap\u00f3s a realiza\u00e7\u00e3o do sorteio para compor o corpo de jurados, na sess\u00e3o do Tribunal do J\u00fari, o respons\u00e1vel pelo pedido dever\u00e1 encaminhar, para o e-mail mencionado no art. 4\u00ba,\u00a0<\/span><span lang=\"pt-BR\"><i>caput<\/i><\/span><span lang=\"pt-BR\">, o nome, CPF e identidade de cada jurado, Oficial de Justi\u00e7a e testemunhas que necessitar\u00e3o do servi\u00e7o de hospedagem.<\/span><\/p>\n<p align=\"justify\">\n<p align=\"justify\"><span lang=\"pt-BR\"><strong>Art. 8\u00ba &#8211;<\/strong><\/span><span lang=\"pt-BR\">\u00a0Constatada a desnecessidade de acomoda\u00e7\u00e3o dos membros integrantes do Tribunal do J\u00fari para pernoite, esse fato dever\u00e1 ser informado e devidamente motivado \u00e0 Administra\u00e7\u00e3o deste Tribunal de Justi\u00e7a, por meio do e-mail disposto no artigo 4\u00ba,\u00a0<\/span><span lang=\"pt-BR\"><i>caput<\/i><\/span><span lang=\"pt-BR\">, at\u00e9, no m\u00e1ximo, \u00e0s 16h00min do dia anterior a data prevista para o J\u00fari.<\/span><\/p>\n<p align=\"justify\">\n<p align=\"justify\"><span lang=\"pt-BR\"><strong>\u00a71\u00ba &#8211;<\/strong><\/span><span lang=\"pt-BR\">\u00a0Decorrido o prazo disposto no caput deste artigo,\u00a0<\/span><span lang=\"pt-BR\">o comunicado de cancelamento dever\u00e1 ser instru\u00eddo e<\/span><span lang=\"pt-BR\">\u00a0acompanhad<\/span><span lang=\"pt-BR\">o\u00a0<\/span><span lang=\"pt-BR\">de justificativa circunstanciada pelo respons\u00e1vel pela requisi\u00e7\u00e3o com ci\u00eancia do magistrado competente para realiza\u00e7\u00e3o da sess\u00e3o de julgamento do Tribunal do J\u00fari.<\/span><\/p>\n<p align=\"justify\">\n<p align=\"justify\"><span lang=\"pt-BR\"><strong>\u00a72\u00ba &#8211;<\/strong><\/span><span lang=\"pt-BR\">\u00a0A n\u00e3o realiza\u00e7\u00e3o de comunicado acerca da desnecessidade da hospedagem dentro do prazo previsto no caput deste dispositivo poder\u00e1 acarretar custos ao Poder Judici\u00e1rio, que mediante procedimento pr\u00f3prio, buscar\u00e1 a responsabiliza\u00e7\u00e3o e o ressarcimento \u00e0 Administra\u00e7\u00e3o.<\/span><\/p>\n<p align=\"justify\">\n<p align=\"justify\"><span lang=\"pt-BR\"><strong>Art. 9\u00ba<\/strong><\/span><span lang=\"pt-BR\">\u00a0\u2013<\/span><span lang=\"pt-BR\">\u00a0Ap\u00f3s a hospedagem, o respons\u00e1vel pelo pedido dever\u00e1 atestar<\/span><span lang=\"pt-BR\">\u00a0os servi\u00e7os efetivamente executados, no prazo de 03 (tr\u00eas) dias \u00fateis, confirmando as datas de hospedagem, bem como os\u00a0<\/span><span lang=\"pt-BR\">nomes, CPF e identidade de cada jurado, Oficial de Justi\u00e7a e testemunhas que utilizaram a hospedagem<\/span><span lang=\"pt-BR\">.<\/span><\/p>\n<p align=\"justify\">\n<p align=\"justify\"><span lang=\"pt-BR\"><strong>Art. 10 &#8211;\u00a0<\/strong><\/span><span lang=\"pt-BR\">Este Ato Normativo entra em vigor na data de sua publica\u00e7\u00e3o,\u00a0<\/span><span lang=\"pt-BR\">revogando a Ordem de Servi\u00e7o n\u00ba 01\/2017, disponibilizada no Di\u00e1rio de Justi\u00e7a de 11\/10\/2017.<\/span><\/p>\n<p align=\"right\">\n<p style=\"text-align: center;\" align=\"right\"><span lang=\"pt-BR\">Vitoria\/ES, 24 de abril de 2019.<\/span><\/p>\n<p align=\"center\">\n<p align=\"center\">\n<p align=\"center\"><span lang=\"pt-BR\"><strong>Des. S\u00c9RGIO LUIZ TEIXEIRA GAMA<\/strong><\/span><\/p>\n<p align=\"center\"><span lang=\"pt-BR\">Presidente<\/span><\/p>\n","protected":false},"excerpt":{"rendered":"<p>ESTADO DO ESP\u00cdRITO SANTO PODER JUDICI\u00c1RIO TRIBUNAL DE JUSTI\u00c7A SECRETARIA GERAL ATO NORMATIVO\u00a0N\u00ba 057\/2019 O Excelent\u00edssimo Senhor Desembargador S\u00e9rgio Luiz Teixeira Gama, Presidente do Egr\u00e9gio Tribunal de Justi\u00e7a do Estado do Esp\u00edrito Santo, no uso de suas atribui\u00e7\u00f5es legais, CONSIDERANDO\u00a0o disposto no artigo 75 da Lei Complementar\u00a0Estadual\u00a0n\u00ba 234\/02, publicada em 19 de abril de 2002\u00a0no [&hellip;]<\/p>\n","protected":false},"author":8,"featured_media":0,"comment_status":"closed","ping_status":"closed","sticky":false,"template":"","format":"standard","meta":{"footnotes":""},"categories":[4,14],"tags":[],"_links":{"self":[{"href":"https:\/\/www.tjes.jus.br\/corregedoria\/wp-json\/wp\/v2\/posts\/26741"}],"collection":[{"href":"https:\/\/www.tjes.jus.br\/corregedoria\/wp-json\/wp\/v2\/posts"}],"about":[{"href":"https:\/\/www.tjes.jus.br\/corregedoria\/wp-json\/wp\/v2\/types\/post"}],"author":[{"embeddable":true,"href":"https:\/\/www.tjes.jus.br\/corregedoria\/wp-json\/wp\/v2\/users\/8"}],"replies":[{"embeddable":true,"href":"https:\/\/www.tjes.jus.br\/corregedoria\/wp-json\/wp\/v2\/comments?post=26741"}],"version-history":[{"count":1,"href":"https:\/\/www.tjes.jus.br\/corregedoria\/wp-json\/wp\/v2\/posts\/26741\/revisions"}],"predecessor-version":[{"id":26742,"href":"https:\/\/www.tjes.jus.br\/corregedoria\/wp-json\/wp\/v2\/posts\/26741\/revisions\/26742"}],"wp:attachment":[{"href":"https:\/\/www.tjes.jus.br\/corregedoria\/wp-json\/wp\/v2\/media?parent=26741"}],"wp:term":[{"taxonomy":"category","embeddable":true,"href":"https:\/\/www.tjes.jus.br\/corregedoria\/wp-json\/wp\/v2\/categories?post=26741"},{"taxonomy":"post_tag","embeddable":true,"href":"https:\/\/www.tjes.jus.br\/corregedoria\/wp-json\/wp\/v2\/tags?post=26741"}],"curies":[{"name":"wp","href":"https:\/\/api.w.org\/{rel}","templated":true}]}}