{"id":26754,"date":"2019-04-30T13:24:59","date_gmt":"2019-04-30T16:24:59","guid":{"rendered":"https:\/\/www.tjes.jus.br\/corregedoria\/?p=26754"},"modified":"2019-04-30T13:24:59","modified_gmt":"2019-04-30T16:24:59","slug":"ato-normativo-conjunto-n-010-2019-disp-26-04-2019","status":"publish","type":"post","link":"https:\/\/www.tjes.jus.br\/corregedoria\/2019\/04\/30\/ato-normativo-conjunto-n-010-2019-disp-26-04-2019\/","title":{"rendered":"ATO NORMATIVO CONJUNTO N\u00b0 010\/2019 \u2013 DISP. 26\/04\/2019"},"content":{"rendered":"<p align=\"center\"><span lang=\"pt-BR\">ESTADO DO ESP\u00cdRITO SANTO<\/span><\/p>\n<p align=\"center\"><span lang=\"pt-BR\">PODER JUDICI\u00c1RIO<\/span><\/p>\n<p align=\"center\"><span lang=\"pt-BR\">TRIBUNAL DE JUSTI\u00c7A<\/span><\/p>\n<p align=\"center\"><span lang=\"pt-BR\">PRESID\u00caNCIA<\/span><\/p>\n<p>&nbsp;<\/p>\n<p align=\"center\"><strong><span lang=\"pt-BR\">ATO NORMATIVO CONJUNTO N\u00ba 010\/2019<\/span><\/strong><\/p>\n<p align=\"center\">\n<p style=\"text-align: justify;\"><span lang=\"pt-BR\">O Excelent\u00edssimo Senhor Desembargador\u00a0<\/span><span lang=\"pt-BR\"><strong>S\u00c9RGIO LUIZ TEIXEIRA GAMA<\/strong><\/span><span lang=\"pt-BR\">, Presidente do Egr\u00e9gio Tribunal de Justi\u00e7a do Estado do Esp\u00edrito Santo, e o Excelent\u00edssimo Senhor Desembargador\u00a0<\/span><span lang=\"pt-BR\"><strong>SAMUEL MEIRA BRASIL JUNIOR<\/strong><\/span><span lang=\"pt-BR\">, Corregedor Geral da Justi\u00e7a do Estado do Esp\u00edrito Santo, no uso de suas atribui\u00e7\u00f5es legais, e<\/span><\/p>\n<p>&nbsp;<\/p>\n<p><span lang=\"pt-BR\"><strong>CONSIDERANDO<\/strong><\/span><span lang=\"pt-BR\">\u00a0o<a href=\"https:\/\/www.tjes.jus.br\/corregedoria\/2016\/07\/27\/ato-normativo-conjunto-no-0092016-disp-27072016\/\"> Ato Normativo Conjunto n\u00ba 09\/2016<\/a>, disponibilizado no eDi\u00e1rio de 27\/07\/2016;<\/span><\/p>\n<p>&nbsp;<\/p>\n<p style=\"text-align: justify;\"><span lang=\"pt-BR\"><strong>CONSIDERANDO<\/strong><\/span><span lang=\"pt-BR\">\u00a0os termos <a href=\"https:\/\/www.tjes.jus.br\/corregedoria\/2018\/11\/13\/ato-normativo-conjunto-no-042-2018-disp-13-11-2018\/\">Ato Normativo Conjunto n\u00ba 042\/2018<\/a>, disponibilizado no eDi\u00e1rio de 13 de novembro de 2018, que suspendeu excepcionalmente o Recadastramento Anual de Magistrados e Servidores Ativos e Inativos do Poder Judici\u00e1rio do Estado do Esp\u00edrito Santo do exerc\u00edcio de 2018, redesignando-o para os meses de maio e junho do exerc\u00edcio de 2019;<\/span><\/p>\n<p>&nbsp;<\/p>\n<p><span lang=\"pt-BR\"><strong>RESOLVEM:<\/strong><\/span><\/p>\n<p>&nbsp;<\/p>\n<p style=\"text-align: justify;\"><span lang=\"pt-BR\">Art. 1\u00ba \u2013 O Recadastramento Anual de Magistrados e Servidores Ativos, Estagi\u00e1rios e Ju\u00edzes Leigos do Poder Judici\u00e1rio do Estado do Esp\u00edrito Santo, referente ao exerc\u00edcio de 2019 ocorrer\u00e1 no per\u00edodo de 02(dois) de maio a 02(dois) de junho.<\/span><\/p>\n<p>&nbsp;<\/p>\n<p style=\"text-align: justify;\"><span lang=\"pt-BR\">Par\u00e1grafo \u00danico \u2013 Os Policiais Militares que se encontram cedidos a este Poder Judici\u00e1rio dever\u00e3o realizar o Recadastramento observando o prazo descrito do caput.<\/span><\/p>\n<p style=\"text-align: justify;\">\n<p style=\"text-align: justify;\"><span lang=\"pt-BR\">Art. 2\u00ba &#8211; O Recadastramento Anual de Magistrados e Servidores Inativos do Poder Judici\u00e1rio do Estado do Esp\u00edrito Santo, referente ao exerc\u00edcio de 2019 ocorrer\u00e1 no per\u00edodo de 03(tr\u00eas) de junho a 03(tr\u00eas) de julho.<\/span><\/p>\n<p style=\"text-align: justify;\">\n<p style=\"text-align: justify;\"><span lang=\"pt-BR\">Par\u00e1grafo \u00danico \u2013 O Recadastramento dever\u00e1 ser realizado independente de quaisquer outros efetuados, inclusive o solicitado pelo Instituto de Previd\u00eancia dos Servidores do Estado do Esp\u00edrito Santo \u2013 IPAJM.<\/span><\/p>\n<p>&nbsp;<\/p>\n<p><span lang=\"pt-BR\">Art. 3\u00ba. Este Ato Normativo entra em vigor na data de sua publica\u00e7\u00e3o.<\/span><\/p>\n<p>&nbsp;<\/p>\n<p align=\"justify\"><span lang=\"pt-BR\">PU B L I Q U E &#8211; S E<\/span><\/p>\n<p align=\"justify\">\n<p align=\"justify\"><span lang=\"pt-BR\">Vit\u00f3ria, 25 de abril de 2019.<\/span><\/p>\n<p align=\"justify\">\n<p align=\"center\"><span lang=\"pt-BR\"><strong>Des. S\u00c9RGIO LUIZ TEIXEIRA GAMA<\/strong><\/span><\/p>\n<p align=\"center\"><span lang=\"pt-BR\"><strong>Presidente<\/strong><\/span><\/p>\n<p align=\"center\">\n<p align=\"center\">\n<p align=\"center\"><span lang=\"pt-BR\"><strong>Des. SAMUEL MEIRA BRASIL JUNIOR<\/strong><\/span><\/p>\n<p align=\"center\"><span lang=\"pt-BR\"><strong>Corregedor Geral da Justi\u00e7a<\/strong><\/span><\/p>\n","protected":false},"excerpt":{"rendered":"<p>ESTADO DO ESP\u00cdRITO SANTO PODER JUDICI\u00c1RIO TRIBUNAL DE JUSTI\u00c7A PRESID\u00caNCIA &nbsp; ATO NORMATIVO CONJUNTO N\u00ba 010\/2019 O Excelent\u00edssimo Senhor Desembargador\u00a0S\u00c9RGIO LUIZ TEIXEIRA GAMA, Presidente do Egr\u00e9gio Tribunal de Justi\u00e7a do Estado do Esp\u00edrito Santo, e o Excelent\u00edssimo Senhor Desembargador\u00a0SAMUEL MEIRA BRASIL JUNIOR, Corregedor Geral da Justi\u00e7a do Estado do Esp\u00edrito Santo, no uso de suas [&hellip;]<\/p>\n","protected":false},"author":8,"featured_media":0,"comment_status":"closed","ping_status":"closed","sticky":false,"template":"","format":"standard","meta":{"footnotes":""},"categories":[4,14],"tags":[],"_links":{"self":[{"href":"https:\/\/www.tjes.jus.br\/corregedoria\/wp-json\/wp\/v2\/posts\/26754"}],"collection":[{"href":"https:\/\/www.tjes.jus.br\/corregedoria\/wp-json\/wp\/v2\/posts"}],"about":[{"href":"https:\/\/www.tjes.jus.br\/corregedoria\/wp-json\/wp\/v2\/types\/post"}],"author":[{"embeddable":true,"href":"https:\/\/www.tjes.jus.br\/corregedoria\/wp-json\/wp\/v2\/users\/8"}],"replies":[{"embeddable":true,"href":"https:\/\/www.tjes.jus.br\/corregedoria\/wp-json\/wp\/v2\/comments?post=26754"}],"version-history":[{"count":1,"href":"https:\/\/www.tjes.jus.br\/corregedoria\/wp-json\/wp\/v2\/posts\/26754\/revisions"}],"predecessor-version":[{"id":26755,"href":"https:\/\/www.tjes.jus.br\/corregedoria\/wp-json\/wp\/v2\/posts\/26754\/revisions\/26755"}],"wp:attachment":[{"href":"https:\/\/www.tjes.jus.br\/corregedoria\/wp-json\/wp\/v2\/media?parent=26754"}],"wp:term":[{"taxonomy":"category","embeddable":true,"href":"https:\/\/www.tjes.jus.br\/corregedoria\/wp-json\/wp\/v2\/categories?post=26754"},{"taxonomy":"post_tag","embeddable":true,"href":"https:\/\/www.tjes.jus.br\/corregedoria\/wp-json\/wp\/v2\/tags?post=26754"}],"curies":[{"name":"wp","href":"https:\/\/api.w.org\/{rel}","templated":true}]}}