{"id":26760,"date":"2019-04-30T13:36:11","date_gmt":"2019-04-30T16:36:11","guid":{"rendered":"https:\/\/www.tjes.jus.br\/corregedoria\/?p=26760"},"modified":"2019-04-30T13:36:11","modified_gmt":"2019-04-30T16:36:11","slug":"ato-normativo-no-059-2019-disp-26-04-2019","status":"publish","type":"post","link":"https:\/\/www.tjes.jus.br\/corregedoria\/2019\/04\/30\/ato-normativo-no-059-2019-disp-26-04-2019\/","title":{"rendered":"ATO NORMATIVO N\u00ba 059\/2019 \u2013 DISP. 26\/04\/2019"},"content":{"rendered":"<p align=\"center\">PODER JUDICI\u00c1RIO<\/p>\n<p align=\"center\">TRIBUNAL DE JUSTI\u00c7A<\/p>\n<p align=\"center\">\n<p align=\"center\"><strong>ATO NORMATIVO N\u00ba\u00a0<\/strong><strong>059<\/strong><strong>\u00a0\/2019<\/strong><\/p>\n<p align=\"center\">\n<p align=\"justify\"><strong>O EXCELENT\u00cdSSIMO SENHOR DESEMBARGADOR PRESIDENTE DESTE EGR\u00c9GIO TRIBUNAL DE JUSTI\u00c7A DO ESTADO DO ESP\u00cdRITO SANTO,\u00a0<\/strong>no uso de suas atribui\u00e7\u00f5es legais e regimentais,<\/p>\n<p align=\"justify\">\n<p align=\"justify\">Considerando que o Comit\u00ea Gestor Local de Gest\u00e3o de Pessoas do Poder Judici\u00e1rio do Estado do Esp\u00edrito Santo verificou a necessidade de atua\u00e7\u00e3o junto ao Comit\u00ea de 01 (um) representante da Corregedoria Geral da Justi\u00e7a;<\/p>\n<p align=\"justify\">\n<p align=\"justify\">Considerando os termos do <a href=\"https:\/\/www.tjes.jus.br\/corregedoria\/2018\/02\/06\/ato-normativo-no-0332018-disp-06022018\/\">Ato Normativo TJES n\u00ba 033\/2018<\/a>, publicado no e-Di\u00e1rio de 06\/02\/2018, que institui no \u00e2mbito do Poder Judici\u00e1rio do Estado do Esp\u00edrito Santo o Comit\u00ea Gestor Local de Gest\u00e3o de Pessoas;<\/p>\n<p align=\"justify\">\n<p align=\"justify\"><strong>RESOLVE:<\/strong><\/p>\n<p align=\"justify\">\n<p align=\"justify\">Art. 1\u00ba. Alterar o artigo 4\u00ba do <a href=\"https:\/\/www.tjes.jus.br\/corregedoria\/2018\/02\/06\/ato-normativo-no-0332018-disp-06022018\/\">Ato Normativo n\u00ba 33\/2018<\/a>, o qual passar\u00e1 a ter a seguinte reda\u00e7\u00e3o:<\/p>\n<p align=\"justify\">\n<p style=\"text-align: justify;\" align=\"justify\">\u201cArt. 4\u00ba. Atuar\u00e3o junto ao Comit\u00ea, sem direito a voto, 01 (um) magistrado indicado pela Associa\u00e7\u00e3o dos Magistrados do Estado do Esp\u00edrito Santo \u2013 AMAGES, 01 (um) magistrado indicado pela Corregedoria Geral da Justi\u00e7a, 01 (um) servidor indicado pelo Sindicato dos Servidores do Poder Judici\u00e1rio do Estado do Esp\u00edrito Santo \u2013 SINDIJUDICI\u00c1RIO e 01 (um) servidor indicado pelo Sindicato dos Oficiais de Justi\u00e7a do Estado do Esp\u00edrito Santo.\u201d<\/p>\n<p align=\"justify\">\n<p align=\"justify\">Art. 2\u00ba. Este Ato Normativo entra em vigor na data de sua publica\u00e7\u00e3o.<\/p>\n<p align=\"justify\">\n<p align=\"justify\">Publique-se.<\/p>\n<p>&nbsp;<\/p>\n<p>Vit\u00f3ria, 12 de Abril de 2019.<\/p>\n<p align=\"center\">\n<p align=\"center\"><strong>DESEMBARGADOR S\u00c9RGIO LUIZ TEIXEIRA GAMA<\/strong><\/p>\n<p align=\"center\">PRESIDENTE<\/p>\n","protected":false},"excerpt":{"rendered":"<p>PODER JUDICI\u00c1RIO TRIBUNAL DE JUSTI\u00c7A ATO NORMATIVO N\u00ba\u00a0059\u00a0\/2019 O EXCELENT\u00cdSSIMO SENHOR DESEMBARGADOR PRESIDENTE DESTE EGR\u00c9GIO TRIBUNAL DE JUSTI\u00c7A DO ESTADO DO ESP\u00cdRITO SANTO,\u00a0no uso de suas atribui\u00e7\u00f5es legais e regimentais, Considerando que o Comit\u00ea Gestor Local de Gest\u00e3o de Pessoas do Poder Judici\u00e1rio do Estado do Esp\u00edrito Santo verificou a necessidade de atua\u00e7\u00e3o junto ao [&hellip;]<\/p>\n","protected":false},"author":8,"featured_media":0,"comment_status":"closed","ping_status":"closed","sticky":false,"template":"","format":"standard","meta":{"footnotes":""},"categories":[4,14],"tags":[],"_links":{"self":[{"href":"https:\/\/www.tjes.jus.br\/corregedoria\/wp-json\/wp\/v2\/posts\/26760"}],"collection":[{"href":"https:\/\/www.tjes.jus.br\/corregedoria\/wp-json\/wp\/v2\/posts"}],"about":[{"href":"https:\/\/www.tjes.jus.br\/corregedoria\/wp-json\/wp\/v2\/types\/post"}],"author":[{"embeddable":true,"href":"https:\/\/www.tjes.jus.br\/corregedoria\/wp-json\/wp\/v2\/users\/8"}],"replies":[{"embeddable":true,"href":"https:\/\/www.tjes.jus.br\/corregedoria\/wp-json\/wp\/v2\/comments?post=26760"}],"version-history":[{"count":1,"href":"https:\/\/www.tjes.jus.br\/corregedoria\/wp-json\/wp\/v2\/posts\/26760\/revisions"}],"predecessor-version":[{"id":26761,"href":"https:\/\/www.tjes.jus.br\/corregedoria\/wp-json\/wp\/v2\/posts\/26760\/revisions\/26761"}],"wp:attachment":[{"href":"https:\/\/www.tjes.jus.br\/corregedoria\/wp-json\/wp\/v2\/media?parent=26760"}],"wp:term":[{"taxonomy":"category","embeddable":true,"href":"https:\/\/www.tjes.jus.br\/corregedoria\/wp-json\/wp\/v2\/categories?post=26760"},{"taxonomy":"post_tag","embeddable":true,"href":"https:\/\/www.tjes.jus.br\/corregedoria\/wp-json\/wp\/v2\/tags?post=26760"}],"curies":[{"name":"wp","href":"https:\/\/api.w.org\/{rel}","templated":true}]}}