{"id":26762,"date":"2019-04-30T13:38:29","date_gmt":"2019-04-30T16:38:29","guid":{"rendered":"https:\/\/www.tjes.jus.br\/corregedoria\/?p=26762"},"modified":"2019-04-30T13:38:29","modified_gmt":"2019-04-30T16:38:29","slug":"ato-normativo-no-060-2019-disp-26-04-2019","status":"publish","type":"post","link":"https:\/\/www.tjes.jus.br\/corregedoria\/2019\/04\/30\/ato-normativo-no-060-2019-disp-26-04-2019\/","title":{"rendered":"ATO NORMATIVO N\u00ba 060\/2019 \u2013 DISP. 26\/04\/2019"},"content":{"rendered":"<p align=\"center\">ESTADO DO ESP\u00cdRITO SANTO<\/p>\n<p align=\"center\">PODER JUDICI\u00c1RIO<\/p>\n<p align=\"center\">TRIBUNAL DE JUSTI\u00c7A<\/p>\n<p align=\"center\">GABINETE DA PRESID\u00caNCIA<\/p>\n<p align=\"center\">\n<p align=\"center\"><strong>ATO NORMATIVO N\u00ba 060\/2019<\/strong><\/p>\n<p align=\"center\">\n<p align=\"justify\">O Excelent\u00edssimo Senhor Desembargador S\u00c9RGIO LUIZ TEIXEIRA GAMA, Presidente do Egr\u00e9gio Tribunal de Justi\u00e7a do Estado do Esp\u00edrito Santo, no uso de suas atribui\u00e7\u00f5es legais e,<\/p>\n<p align=\"justify\">\n<p align=\"justify\">CONSIDERANDO o disposto no artigo 58, da Resolu\u00e7\u00e3o n\u00ba. 15\/1995 (Regimento Interno do Tribunal de Justi\u00e7a do Esp\u00edrito Santo), que atribui ao Presidente do Egr\u00e9gio Tribunal de Justi\u00e7a do Estado do Esp\u00edrito Santo compet\u00eancia geral para exercer a superintend\u00eancia de todo o servi\u00e7o judici\u00e1rio, na qualidade de Chefe do Poder Judici\u00e1rio Estadual;<\/p>\n<p align=\"justify\">\n<p align=\"justify\">CONSIDERANDO a vig\u00eancia do Novo C\u00f3digo de Processo Civil (Lei 13.105\/2015), da Lei da Media\u00e7\u00e3o (Lei 13.140\/2015) e da Resolu\u00e7\u00e3o 125\/2010, do Conselho Nacional de Justi\u00e7a-CNJ, que instituiu a Pol\u00edtica de Tratamento adequado de Resolu\u00e7\u00e3o de Conflitos;<\/p>\n<p align=\"justify\">\n<p><strong>RESOLVE:<\/strong><\/p>\n<p>&nbsp;<\/p>\n<p align=\"justify\">Art. 1\u00ba &#8211; Instituir e convocar a Equipe de Trabalho para a realiza\u00e7\u00e3o de Pauta Concentrada de Media\u00e7\u00e3o Judicial, atendendo a parte pr\u00e1tica dos alunos da ESMAGES e demais cursos, contendo 28 (vinte e oito) processos nas \u00e1reas c\u00edveis e de fam\u00edlia, da unidade judici\u00e1ria da Comarca de Cariacica, que ser\u00e1 realizada no 7\u00b0 Centro Judici\u00e1rio de Solu\u00e7\u00e3o de Conflitos e Cidadania &#8211; CEJUSC, nos dias 27\/05\/2019 \u00e0 30\/05\/2019, no hor\u00e1rio das 8h \u00e0s 19h, conforme abaixo:<\/p>\n<p align=\"justify\">\n<table cellspacing=\"0\" cellpadding=\"0\">\n<colgroup>\n<col width=\"340\" \/>\n<col width=\"300\" \/><\/colgroup>\n<tbody>\n<tr>\n<td width=\"340\" height=\"18\">MARCIA CRISTINA DE GODOYS MONTEIRO<\/td>\n<td width=\"300\">INSTRUTORA DE MEDIA\u00c7\u00c3O JUDICIAL EM FORMA\u00c7\u00c3O &#8211; CHEFE DO SETOR DE CONCILIA\u00c7\u00c3O DO 1\u00b0 JUIZADO ESPECIAL C\u00cdVEL DE CARIACICA<\/td>\n<\/tr>\n<tr>\n<td width=\"340\" height=\"19\">JAKLANE DE SOUZA ALMEIDA<\/p>\n<p>&nbsp;<\/td>\n<td width=\"300\">INSTRUTORA DE MEDIA\u00c7\u00c3O JUDICIAL EM FORMA\u00c7\u00c3O \u2013 ANALISTA JUDICI\u00c1RIO 02<\/td>\n<\/tr>\n<tr>\n<td width=\"340\" height=\"47\">IZABELLA DALLA SILY CASAGRANDE<\/td>\n<td width=\"300\">ANALISTA JUDICI\u00c1RIO 02<\/td>\n<\/tr>\n<tr>\n<td width=\"340\" height=\"46\">MARIA NERLI ZANELATO ACERBI COELHO<\/td>\n<td width=\"300\">&nbsp;<\/p>\n<p>AUXILIAR JUDICIAL<\/td>\n<\/tr>\n<\/tbody>\n<\/table>\n<p align=\"justify\">\n<p align=\"justify\">Art. 2\u00ba &#8211; O Grupo de Trabalho promover\u00e1 os atos executivos necess\u00e1rios \u00e0 realiza\u00e7\u00e3o das Sess\u00f5es de Media\u00e7\u00e3o, devendo cumprir o C\u00f3digo de \u00c9tica dos Mediadores Judiciais, estabelecido pela resolu\u00e7\u00e3o 125\/2010, do Conselho Nacional de Justi\u00e7a, ficando as 03 (tr\u00eas) primeiras respons\u00e1veis pela supervis\u00e3o das media\u00e7\u00f5es realizadas pelos mediadores em forma\u00e7\u00e3o, em pr\u00e1tica do Curso de Media\u00e7\u00e3o Judicial.<\/p>\n<p align=\"justify\">\n<p align=\"justify\">Art. 3\u00ba &#8211; O N\u00facleo Permanente de M\u00e9todos Consensuais de Solu\u00e7\u00e3o de Conflitos encaminhar\u00e1 \u00e0 Secretaria de Gest\u00e3o de Pessoas, no prazo de 10 (dez) dias ap\u00f3s a realiza\u00e7\u00e3o do evento, informa\u00e7\u00f5es com rela\u00e7\u00e3o \u00e0s horas trabalhadas, al\u00e9m do expediente normal, para anota\u00e7\u00e3o em ficha funcional, para fins de compensa\u00e7\u00e3o.<\/p>\n<p align=\"justify\">\n<p align=\"justify\">Art. 4\u00ba &#8211; Os servidores efetivos constantes desta Equipe de Trabalho ter\u00e3o reconhecido, para fins de promo\u00e7\u00e3o na carreira, a pontua\u00e7\u00e3o equivalente \u00e0 participa\u00e7\u00e3o em Equipe Especial de Trabalho, conforme disposto no Ato Normativo 2773\/2012.<\/p>\n<p align=\"justify\">\n<p align=\"justify\">Art. 5\u00ba &#8211; Este Ato Normativo entra em vigor na data de sua publica\u00e7\u00e3o.<\/p>\n<p align=\"justify\">\n<p align=\"justify\">Publique-se.<\/p>\n<p align=\"justify\">\n<p align=\"justify\">Vit\u00f3ria, 11 de abril de 2019.<\/p>\n<p align=\"justify\">\n<p style=\"text-align: center;\" align=\"justify\">Des. S\u00c9RGIO LUIZ TEIXEIRA GAMA<\/p>\n<p align=\"center\">PRESIDENTE<\/p>\n<p>&nbsp;<\/p>\n","protected":false},"excerpt":{"rendered":"<p>ESTADO DO ESP\u00cdRITO SANTO PODER JUDICI\u00c1RIO TRIBUNAL DE JUSTI\u00c7A GABINETE DA PRESID\u00caNCIA ATO NORMATIVO N\u00ba 060\/2019 O Excelent\u00edssimo Senhor Desembargador S\u00c9RGIO LUIZ TEIXEIRA GAMA, Presidente do Egr\u00e9gio Tribunal de Justi\u00e7a do Estado do Esp\u00edrito Santo, no uso de suas atribui\u00e7\u00f5es legais e, CONSIDERANDO o disposto no artigo 58, da Resolu\u00e7\u00e3o n\u00ba. 15\/1995 (Regimento Interno do [&hellip;]<\/p>\n","protected":false},"author":8,"featured_media":0,"comment_status":"closed","ping_status":"closed","sticky":false,"template":"","format":"standard","meta":{"footnotes":""},"categories":[4,14],"tags":[],"_links":{"self":[{"href":"https:\/\/www.tjes.jus.br\/corregedoria\/wp-json\/wp\/v2\/posts\/26762"}],"collection":[{"href":"https:\/\/www.tjes.jus.br\/corregedoria\/wp-json\/wp\/v2\/posts"}],"about":[{"href":"https:\/\/www.tjes.jus.br\/corregedoria\/wp-json\/wp\/v2\/types\/post"}],"author":[{"embeddable":true,"href":"https:\/\/www.tjes.jus.br\/corregedoria\/wp-json\/wp\/v2\/users\/8"}],"replies":[{"embeddable":true,"href":"https:\/\/www.tjes.jus.br\/corregedoria\/wp-json\/wp\/v2\/comments?post=26762"}],"version-history":[{"count":1,"href":"https:\/\/www.tjes.jus.br\/corregedoria\/wp-json\/wp\/v2\/posts\/26762\/revisions"}],"predecessor-version":[{"id":26763,"href":"https:\/\/www.tjes.jus.br\/corregedoria\/wp-json\/wp\/v2\/posts\/26762\/revisions\/26763"}],"wp:attachment":[{"href":"https:\/\/www.tjes.jus.br\/corregedoria\/wp-json\/wp\/v2\/media?parent=26762"}],"wp:term":[{"taxonomy":"category","embeddable":true,"href":"https:\/\/www.tjes.jus.br\/corregedoria\/wp-json\/wp\/v2\/categories?post=26762"},{"taxonomy":"post_tag","embeddable":true,"href":"https:\/\/www.tjes.jus.br\/corregedoria\/wp-json\/wp\/v2\/tags?post=26762"}],"curies":[{"name":"wp","href":"https:\/\/api.w.org\/{rel}","templated":true}]}}