{"id":26828,"date":"2019-05-10T12:43:37","date_gmt":"2019-05-10T15:43:37","guid":{"rendered":"https:\/\/www.tjes.jus.br\/corregedoria\/?p=26828"},"modified":"2019-05-10T12:43:37","modified_gmt":"2019-05-10T15:43:37","slug":"ato-normativo-no-063-2019-disp-10-05-2019","status":"publish","type":"post","link":"https:\/\/www.tjes.jus.br\/corregedoria\/2019\/05\/10\/ato-normativo-no-063-2019-disp-10-05-2019\/","title":{"rendered":"ATO NORMATIVO N\u00ba 063\/2019 \u2013 DISP. 10\/05\/2019"},"content":{"rendered":"<p align=\"center\">ESTADO DO ESP\u00cdRITO SANTO<\/p>\n<p align=\"center\">PODER JUDICI\u00c1RIO<\/p>\n<p align=\"center\">\n<p align=\"center\">\u00a0\u00a0\u00a0<strong>\u00a0 ATO NORMATIVO N\u00ba 063\/2019<\/strong><\/p>\n<p align=\"center\">\n<p style=\"text-align: justify;\">Institui medidas para a regulariza\u00e7\u00e3o de pend\u00eancias relacionadas \u00e0 redistribui\u00e7\u00e3o por transfer\u00eancia \u00e0 Vice-Presid\u00eancia dos processos para admissibilidade de recursos especial e extraordin\u00e1rio.<\/p>\n<p style=\"text-align: justify;\">\n<p style=\"text-align: justify;\">O Excelent\u00edssimo Desembargador S\u00c9RGIO LUIZ TEIXEIRA GAMA, DD. Presidente do Egr\u00e9gio Tribunal de Justi\u00e7a do Estado do Esp\u00edrito Santo, no uso de suas atribui\u00e7\u00f5es legais e,<\/p>\n<p style=\"text-align: justify;\">\n<p style=\"text-align: justify;\">CONSIDERANDO a necessidade de prosseguimento da ado\u00e7\u00e3o de medidas para a regulariza\u00e7\u00e3o de pend\u00eancias relacionadas aos movimentos judiciais no \u00e2mbito do Segundo Grau de Jurisdi\u00e7\u00e3o, em conson\u00e2ncia com aqueles constantes da Tabela Processual Unificada do Conselho Nacional de Justi\u00e7a &#8211; CNJ.<\/p>\n<p style=\"text-align: justify;\">\n<p style=\"text-align: justify;\">CONSIDERANDO que a utiliza\u00e7\u00e3o correta dos movimentos descritos pelo CNJ enseja a possibilidade da obten\u00e7\u00e3o satisfat\u00f3ria de dos dados constantes dos relat\u00f3rios emitidos por este Egr\u00e9gio Tribunal.<\/p>\n<p style=\"text-align: justify;\">\n<p style=\"text-align: justify;\">CONSIDERANDO a necessidade de sistem\u00e1tica regulariza\u00e7\u00e3o de dados no sistema eletr\u00f4nico de andamento processual (Segunda Inst\u00e2ncia) em fun\u00e7\u00e3o das adequa\u00e7\u00f5es que vem sendo processadas, decorrentes dos trabalhos coordenados pelo Comit\u00ea Gestor de Tabelas Processuais Unificadas deste e. Tribunal;<\/p>\n<p style=\"text-align: justify;\">\n<p style=\"text-align: justify;\">CONSIDERANDO que \u00e9 prop\u00f3sito deste Egr\u00e9gio Tribunal a melhoria da qualidade dos dados gerados e que tal assertiva somente ser\u00e1 poss\u00edvel mediante o esfor\u00e7o coletivo de todas as \u00e1reas envolvidas.<\/p>\n<p>&nbsp;<\/p>\n<p>RESOLVE:<\/p>\n<p>&nbsp;<\/p>\n<p style=\"text-align: justify;\">Art. 1\u00ba \u2013 Autorizar a Secretaria de Tecnologia da Informa\u00e7\u00e3o a proceder \u00e0 regulariza\u00e7\u00e3o das pend\u00eancias relacionadas \u00e0 redistribui\u00e7\u00e3o por transfer\u00eancia \u00e0 Vice-Presid\u00eancia dos processos para admissibilidade de recursos especial e extraordin\u00e1rio no sistema eletr\u00f4nico de andamento processual (Segunda Inst\u00e2ncia), por meio da ado\u00e7\u00e3o de \u201cscript\u201d \u00fanico v\u00e1lido para todos os setores deste Egr\u00e9gio Tribunal de Justi\u00e7a.<\/p>\n<p style=\"text-align: justify;\">\n<p style=\"text-align: justify;\">Par\u00e1grafo \u00danico \u2013 A regulariza\u00e7\u00e3o de que trata o artigo anterior dever\u00e1 ocorrer mediante a utiliza\u00e7\u00e3o ( inser\u00e7\u00e3o) do movimento \u201cRemessa em Grau de Recurso\u201d constante da Tabela Processual Unificada do Conselho Nacional de Justi\u00e7a \u2013 CNJ nos ritos judiciais j\u00e1 realizados nos processos encaminhados \u00e0 Vice Presid\u00eancia.<\/p>\n<p style=\"text-align: justify;\">\n<p style=\"text-align: justify;\">Art. 2\u00ba \u2013 A identifica\u00e7\u00e3o dos processos judiciais, pass\u00edveis de regulariza\u00e7\u00e3o, dever\u00e1 obedecer aos par\u00e2metros definidos pela Secretaria de Tecnologia da Informa\u00e7\u00e3o em conjunto com a Vice Presid\u00eancia.<\/p>\n<p>&nbsp;<\/p>\n<p style=\"text-align: justify;\">Art. 3\u00ba \u2013 Os casos omissos, relacionados com as providencias de regulariza\u00e7\u00e3o ser\u00e3o resolvidos pelo Comit\u00ea Gestor de Tabelas Processuais Unificadas deste e. TJ\/ES.<\/p>\n<p>&nbsp;<\/p>\n<p style=\"text-align: justify;\">Art. 4\u00ba \u2013 Este Ato Normativo entra em vigor a partir da sua publica\u00e7\u00e3o, revogando-se as disposi\u00e7\u00f5es em contr\u00e1rio.<\/p>\n<p>&nbsp;<\/p>\n<p>Publique-se.<\/p>\n<p>&nbsp;<\/p>\n<p>Vit\u00f3ria, 09 de maio de 2019.<\/p>\n<p>&nbsp;<\/p>\n<p align=\"center\">Desembargador S\u00c9RGIO LUIZ TEIXEIRA GAMA<\/p>\n<p align=\"center\">Presidente<\/p>\n","protected":false},"excerpt":{"rendered":"<p>ESTADO DO ESP\u00cdRITO SANTO PODER JUDICI\u00c1RIO \u00a0\u00a0\u00a0\u00a0 ATO NORMATIVO N\u00ba 063\/2019 Institui medidas para a regulariza\u00e7\u00e3o de pend\u00eancias relacionadas \u00e0 redistribui\u00e7\u00e3o por transfer\u00eancia \u00e0 Vice-Presid\u00eancia dos processos para admissibilidade de recursos especial e extraordin\u00e1rio. O Excelent\u00edssimo Desembargador S\u00c9RGIO LUIZ TEIXEIRA GAMA, DD. Presidente do Egr\u00e9gio Tribunal de Justi\u00e7a do Estado do Esp\u00edrito Santo, no uso [&hellip;]<\/p>\n","protected":false},"author":8,"featured_media":0,"comment_status":"closed","ping_status":"closed","sticky":false,"template":"","format":"standard","meta":{"footnotes":""},"categories":[4,14],"tags":[],"_links":{"self":[{"href":"https:\/\/www.tjes.jus.br\/corregedoria\/wp-json\/wp\/v2\/posts\/26828"}],"collection":[{"href":"https:\/\/www.tjes.jus.br\/corregedoria\/wp-json\/wp\/v2\/posts"}],"about":[{"href":"https:\/\/www.tjes.jus.br\/corregedoria\/wp-json\/wp\/v2\/types\/post"}],"author":[{"embeddable":true,"href":"https:\/\/www.tjes.jus.br\/corregedoria\/wp-json\/wp\/v2\/users\/8"}],"replies":[{"embeddable":true,"href":"https:\/\/www.tjes.jus.br\/corregedoria\/wp-json\/wp\/v2\/comments?post=26828"}],"version-history":[{"count":1,"href":"https:\/\/www.tjes.jus.br\/corregedoria\/wp-json\/wp\/v2\/posts\/26828\/revisions"}],"predecessor-version":[{"id":26829,"href":"https:\/\/www.tjes.jus.br\/corregedoria\/wp-json\/wp\/v2\/posts\/26828\/revisions\/26829"}],"wp:attachment":[{"href":"https:\/\/www.tjes.jus.br\/corregedoria\/wp-json\/wp\/v2\/media?parent=26828"}],"wp:term":[{"taxonomy":"category","embeddable":true,"href":"https:\/\/www.tjes.jus.br\/corregedoria\/wp-json\/wp\/v2\/categories?post=26828"},{"taxonomy":"post_tag","embeddable":true,"href":"https:\/\/www.tjes.jus.br\/corregedoria\/wp-json\/wp\/v2\/tags?post=26828"}],"curies":[{"name":"wp","href":"https:\/\/api.w.org\/{rel}","templated":true}]}}