{"id":26919,"date":"2019-05-17T14:46:31","date_gmt":"2019-05-17T17:46:31","guid":{"rendered":"https:\/\/www.tjes.jus.br\/corregedoria\/?p=26919"},"modified":"2019-05-21T17:20:58","modified_gmt":"2019-05-21T20:20:58","slug":"ato-normativo-no-066-2019-disp-15-05-2019","status":"publish","type":"post","link":"https:\/\/www.tjes.jus.br\/corregedoria\/2019\/05\/17\/ato-normativo-no-066-2019-disp-15-05-2019\/","title":{"rendered":"ATO NORMATIVO N\u00ba 066\/2019 \u2013 DISP. 15\/05\/2019"},"content":{"rendered":"<p align=\"center\">ESTADO DO ESP\u00cdRITO SANTO<\/p>\n<p align=\"center\">PODER JUDICI\u00c1RIO<\/p>\n<p align=\"center\">TRIBUNAL DE JUSTI\u00c7A<\/p>\n<p align=\"center\"><i>GABINETE DA PRESID\u00caNCIA<\/i><\/p>\n<p align=\"center\"><strong>ATO NORMATIVO n\u00ba 066\/2019<\/strong><\/p>\n<p align=\"justify\">O Excelent\u00edssimo Senhor Desembargador S\u00e9rgio Luiz Teixeira Gama, Presidente do Egr\u00e9gio Tribunal de Justi\u00e7a do Estado do Esp\u00edrito Santo, no uso de suas atribui\u00e7\u00f5es legais,<\/p>\n<p align=\"justify\">CONSIDERANDO o bloqueio da Comarca de Jaguar\u00e9 para promo\u00e7\u00e3o e remo\u00e7\u00e3o, nos termos do art. 3\u00ba do <a href=\"https:\/\/www.tjes.jus.br\/corregedoria\/2016\/06\/06\/ato-normativo-no-2202015-disp-30092015-republicacao\/\">Ato Normativo n\u00ba 220\/2015;<\/a><\/p>\n<p align=\"justify\">CONSIDERANDO que cabe ao Presidente do Tribunal de Justi\u00e7a exercer a superintend\u00eancia de todo o servi\u00e7o judici\u00e1rio, na qualidade de chefe da Magistratura do Estado, nos termos do\u00a0<i>caput\u00a0<\/i>do art. 58 do Regimento Interno do TJES;<\/p>\n<p align=\"justify\">RESOLVE:<\/p>\n<p align=\"justify\">REVOGAR o art. 3\u00ba do <a href=\"https:\/\/www.tjes.jus.br\/corregedoria\/2016\/06\/06\/ato-normativo-no-2202015-disp-30092015-republicacao\/\">Ato Normativo n\u00ba 220\/2015.<\/a><\/p>\n<p align=\"justify\"><span lang=\"pt-BR\">Publique-se.<\/span><\/p>\n<p style=\"text-align: left;\" align=\"center\"><span lang=\"pt-BR\">Vit\u00f3ria, 14 de Maio de 2019.<\/span><\/p>\n<p align=\"center\"><span lang=\"pt-BR\">Desembargador S\u00c9RGIO LUIZ TEIXEIRA GAMA<\/span><\/p>\n<p align=\"center\"><span lang=\"pt-BR\">Presidente<\/span><\/p>\n<p>&nbsp;<\/p>\n","protected":false},"excerpt":{"rendered":"<p>ESTADO DO ESP\u00cdRITO SANTO PODER JUDICI\u00c1RIO TRIBUNAL DE JUSTI\u00c7A GABINETE DA PRESID\u00caNCIA ATO NORMATIVO n\u00ba 066\/2019 O Excelent\u00edssimo Senhor Desembargador S\u00e9rgio Luiz Teixeira Gama, Presidente do Egr\u00e9gio Tribunal de Justi\u00e7a do Estado do Esp\u00edrito Santo, no uso de suas atribui\u00e7\u00f5es legais, CONSIDERANDO o bloqueio da Comarca de Jaguar\u00e9 para promo\u00e7\u00e3o e remo\u00e7\u00e3o, nos termos do [&hellip;]<\/p>\n","protected":false},"author":8,"featured_media":0,"comment_status":"closed","ping_status":"closed","sticky":false,"template":"","format":"standard","meta":{"footnotes":""},"categories":[4,14],"tags":[],"_links":{"self":[{"href":"https:\/\/www.tjes.jus.br\/corregedoria\/wp-json\/wp\/v2\/posts\/26919"}],"collection":[{"href":"https:\/\/www.tjes.jus.br\/corregedoria\/wp-json\/wp\/v2\/posts"}],"about":[{"href":"https:\/\/www.tjes.jus.br\/corregedoria\/wp-json\/wp\/v2\/types\/post"}],"author":[{"embeddable":true,"href":"https:\/\/www.tjes.jus.br\/corregedoria\/wp-json\/wp\/v2\/users\/8"}],"replies":[{"embeddable":true,"href":"https:\/\/www.tjes.jus.br\/corregedoria\/wp-json\/wp\/v2\/comments?post=26919"}],"version-history":[{"count":4,"href":"https:\/\/www.tjes.jus.br\/corregedoria\/wp-json\/wp\/v2\/posts\/26919\/revisions"}],"predecessor-version":[{"id":26921,"href":"https:\/\/www.tjes.jus.br\/corregedoria\/wp-json\/wp\/v2\/posts\/26919\/revisions\/26921"}],"wp:attachment":[{"href":"https:\/\/www.tjes.jus.br\/corregedoria\/wp-json\/wp\/v2\/media?parent=26919"}],"wp:term":[{"taxonomy":"category","embeddable":true,"href":"https:\/\/www.tjes.jus.br\/corregedoria\/wp-json\/wp\/v2\/categories?post=26919"},{"taxonomy":"post_tag","embeddable":true,"href":"https:\/\/www.tjes.jus.br\/corregedoria\/wp-json\/wp\/v2\/tags?post=26919"}],"curies":[{"name":"wp","href":"https:\/\/api.w.org\/{rel}","templated":true}]}}