{"id":26928,"date":"2019-05-17T15:48:33","date_gmt":"2019-05-17T18:48:33","guid":{"rendered":"https:\/\/www.tjes.jus.br\/corregedoria\/?p=26928"},"modified":"2019-05-17T15:51:48","modified_gmt":"2019-05-17T18:51:48","slug":"oficio-circular-no-325-2019-disp-15-05-2019","status":"publish","type":"post","link":"https:\/\/www.tjes.jus.br\/corregedoria\/2019\/05\/17\/oficio-circular-no-325-2019-disp-15-05-2019\/","title":{"rendered":"OF\u00cdCIO-CIRCULAR N\u00ba 0365\/2019 \u2013 DISP. 15\/05\/2019"},"content":{"rendered":"<p align=\"center\"><strong>OF\u00cdCIO CIRCULAR CGJES N.\u00ba\u00a0<\/strong><strong>0365<\/strong><strong>\/2019<\/strong><\/p>\n<p>&nbsp;<\/p>\n<p align=\"justify\">O Exmo. Desembargador\u00a0<strong>SAMUEL MEIRA BRASIL JR.<\/strong>, Corregedor Geral da Justi\u00e7a do Estado do Esp\u00edrito Santo, no uso de suas atribui\u00e7\u00f5es legais e,<\/p>\n<p>&nbsp;<\/p>\n<p align=\"justify\"><strong>CONSIDERANDO<\/strong>\u00a0que a Corregedoria Geral da Justi\u00e7a \u00e9 \u00f3rg\u00e3o de fiscaliza\u00e7\u00e3o, disciplina e orienta\u00e7\u00e3o administrativa, com jurisdi\u00e7\u00e3o em todo do Estado, conforme art. 35 da Lei Complementar Estadual n.\u00ba 234\/02;<\/p>\n<p align=\"justify\"><strong>CONSIDERANDO<\/strong>\u00a0a decis\u00e3o proferida no processo CGJES n\u00ba 201400881626, que versa sobre o acompanhamento do desenvolvimento e implanta\u00e7\u00e3o do Sistema Eletr\u00f4nico de Recadastramento de Delegat\u00e1rios do Foro Extrajudicial, desenvolvido pela STI do TJES;<\/p>\n<p align=\"justify\"><span lang=\"pt-BR\"><strong>CONSIDERANDO<\/strong><\/span><span lang=\"pt-BR\">\u00a0a\u00a0<\/span><span lang=\"pt-BR\">necessidade de imprimir maior celeridade e efici\u00eancia na atualiza\u00e7\u00e3o e divulga\u00e7\u00e3o dos dados funcionais dos delegat\u00e1rios das serventias extrajudiciais deste Estado;<\/span><\/p>\n<p><strong>RESOLVE:<\/strong><\/p>\n<p>&nbsp;<\/p>\n<p align=\"justify\"><strong>DAR CI\u00caNCIA\u00a0<\/strong>a todos os delegat\u00e1rios das serventias extrajudiciais do Estado do Esp\u00edrito Santo da implanta\u00e7\u00e3o do Sistema Eletr\u00f4nico de Recadastramento de Delegat\u00e1rios do Foro Extrajudicial.<\/p>\n<p align=\"justify\"><strong>DETERMINAR<\/strong>\u00a0que todos os delegat\u00e1rios realizem, no prazo de 10 (dez) dias, o recadastramento no referido Sistema Eletr\u00f4nico, dispon\u00edvel no endere\u00e7o\u00a0<span lang=\"zxx\"><a href=\"https:\/\/sistemas.tjes.jus.br\/foroextrajudicial\">https:\/\/sistemas.tjes.jus.br\/foroextrajudicial<\/a><\/span>, devendo utilizar o usu\u00e1rio e a senha cadastrados no Sistema de Selo Digital, sob pena da ado\u00e7\u00e3o das medidas disciplinares cab\u00edveis.<\/p>\n<p align=\"justify\"><strong>Publique-se.<\/strong><\/p>\n<p align=\"justify\">Vit\u00f3ria\/ES, 10 de maio de 2019.<\/p>\n<p align=\"center\"><strong>Desembargador SAMUEL MEIRA BRASIL JR.<\/strong><\/p>\n<p align=\"center\"><strong>Corregedor Geral da Justi\u00e7a<\/strong><\/p>\n","protected":false},"excerpt":{"rendered":"<p>OF\u00cdCIO CIRCULAR CGJES N.\u00ba\u00a00365\/2019 &nbsp; O Exmo. Desembargador\u00a0SAMUEL MEIRA BRASIL JR., Corregedor Geral da Justi\u00e7a do Estado do Esp\u00edrito Santo, no uso de suas atribui\u00e7\u00f5es legais e, &nbsp; CONSIDERANDO\u00a0que a Corregedoria Geral da Justi\u00e7a \u00e9 \u00f3rg\u00e3o de fiscaliza\u00e7\u00e3o, disciplina e orienta\u00e7\u00e3o administrativa, com jurisdi\u00e7\u00e3o em todo do Estado, conforme art. 35 da Lei Complementar Estadual [&hellip;]<\/p>\n","protected":false},"author":8,"featured_media":0,"comment_status":"closed","ping_status":"closed","sticky":false,"template":"","format":"standard","meta":{"footnotes":""},"categories":[14,5],"tags":[],"_links":{"self":[{"href":"https:\/\/www.tjes.jus.br\/corregedoria\/wp-json\/wp\/v2\/posts\/26928"}],"collection":[{"href":"https:\/\/www.tjes.jus.br\/corregedoria\/wp-json\/wp\/v2\/posts"}],"about":[{"href":"https:\/\/www.tjes.jus.br\/corregedoria\/wp-json\/wp\/v2\/types\/post"}],"author":[{"embeddable":true,"href":"https:\/\/www.tjes.jus.br\/corregedoria\/wp-json\/wp\/v2\/users\/8"}],"replies":[{"embeddable":true,"href":"https:\/\/www.tjes.jus.br\/corregedoria\/wp-json\/wp\/v2\/comments?post=26928"}],"version-history":[{"count":2,"href":"https:\/\/www.tjes.jus.br\/corregedoria\/wp-json\/wp\/v2\/posts\/26928\/revisions"}],"predecessor-version":[{"id":26930,"href":"https:\/\/www.tjes.jus.br\/corregedoria\/wp-json\/wp\/v2\/posts\/26928\/revisions\/26930"}],"wp:attachment":[{"href":"https:\/\/www.tjes.jus.br\/corregedoria\/wp-json\/wp\/v2\/media?parent=26928"}],"wp:term":[{"taxonomy":"category","embeddable":true,"href":"https:\/\/www.tjes.jus.br\/corregedoria\/wp-json\/wp\/v2\/categories?post=26928"},{"taxonomy":"post_tag","embeddable":true,"href":"https:\/\/www.tjes.jus.br\/corregedoria\/wp-json\/wp\/v2\/tags?post=26928"}],"curies":[{"name":"wp","href":"https:\/\/api.w.org\/{rel}","templated":true}]}}