{"id":26933,"date":"2019-05-17T16:31:06","date_gmt":"2019-05-17T19:31:06","guid":{"rendered":"https:\/\/www.tjes.jus.br\/corregedoria\/?p=26933"},"modified":"2019-05-17T18:09:31","modified_gmt":"2019-05-17T21:09:31","slug":"ato-normativo-no-067-2019-disp-16-05-2019","status":"publish","type":"post","link":"https:\/\/www.tjes.jus.br\/corregedoria\/2019\/05\/17\/ato-normativo-no-067-2019-disp-16-05-2019\/","title":{"rendered":"ATO NORMATIVO N\u00ba 067\/2019 \u2013 DISP. 16\/05\/2019"},"content":{"rendered":"<p align=\"center\">ESTADO DO ESP\u00cdRITO SANTO<\/p>\n<p align=\"center\">PODER JUDICI\u00c1RIO<\/p>\n<p align=\"center\"><strong>ATO NORMATIVO N\u00ba 067\/2019<\/strong><\/p>\n<p align=\"justify\">Prorroga o prazo previsto no <a href=\"https:\/\/www.tjes.jus.br\/corregedoria\/2018\/11\/28\/ato-normativo-no-221-2018-disp-28-11-2018\/\">Ato Normativo n\u00ba 221\/2018<\/a>.<\/p>\n<p style=\"text-align: justify;\" align=\"justify\">O Excelent\u00edssimo Senhor Desembargador S\u00c9RGIO LUIZ TEIXEIRA GAMA, DD. Presidente do Egr\u00e9gio Tribunal de Justi\u00e7a do Estado do Esp\u00edrito Santo, no uso de suas atribui\u00e7\u00f5es legais, e<\/p>\n<p style=\"text-align: justify;\" align=\"justify\">CONSIDERANDO que foi institu\u00eddo Grupo de Trabalho para desenvolvimento e implanta\u00e7\u00e3o do sistema de plant\u00e3o de 1\u00ba grau de jurisdi\u00e7\u00e3o (Ato Normativo 221\/2018);<\/p>\n<p style=\"text-align: justify;\" align=\"justify\">CONSIDERANDO o disposto no artigo 3\u00ba, do <a href=\"https:\/\/www.tjes.jus.br\/corregedoria\/2018\/11\/28\/ato-normativo-no-221-2018-disp-28-11-2018\/\">Ato Normativo 221\/2018<\/a>, que faculta \u00e0 Presid\u00eancia do Egr\u00e9gio Tribunal de Justi\u00e7a do Estado do Esp\u00edrito Santo a prorroga\u00e7\u00e3o dos trabalhos do mencionado Grupo de Trabalho;<\/p>\n<p style=\"text-align: justify;\" align=\"justify\">CONSIDERANDO os termos do requerimento formulado pelo Exm\u00ba. Sr. Juiz de Direito Marcelo Menezes Loureiro, Presidente do Grupo de Trabalho (protocolo 2019.00.614.525);<\/p>\n<p align=\"justify\">RESOLVE:<\/p>\n<p align=\"justify\">Art. 1\u00ba \u2013 Fica prorrogado at\u00e9 o dia 01\/07\/2019 o prazo previsto no artigo 3\u00ba, do Ato Normativo 221\/2018.<\/p>\n<p align=\"justify\">Art. 2\u00ba \u2013 Este Ato Normativo entra em vigor na data de sua publica\u00e7\u00e3o.<\/p>\n<p align=\"justify\">Publique-se.<\/p>\n<p align=\"justify\">Vit\u00f3ria, 14 de maio de 2019.<\/p>\n<p style=\"text-align: center;\" align=\"justify\">Des. S\u00c9RGIO LUIZ TEIXEIRA GAMA<\/p>\n<p style=\"text-align: center;\">Presidente<\/p>\n","protected":false},"excerpt":{"rendered":"<p>ESTADO DO ESP\u00cdRITO SANTO PODER JUDICI\u00c1RIO ATO NORMATIVO N\u00ba 067\/2019 Prorroga o prazo previsto no Ato Normativo n\u00ba 221\/2018. O Excelent\u00edssimo Senhor Desembargador S\u00c9RGIO LUIZ TEIXEIRA GAMA, DD. Presidente do Egr\u00e9gio Tribunal de Justi\u00e7a do Estado do Esp\u00edrito Santo, no uso de suas atribui\u00e7\u00f5es legais, e CONSIDERANDO que foi institu\u00eddo Grupo de Trabalho para desenvolvimento [&hellip;]<\/p>\n","protected":false},"author":8,"featured_media":0,"comment_status":"closed","ping_status":"closed","sticky":false,"template":"","format":"standard","meta":{"footnotes":""},"categories":[4,14],"tags":[],"_links":{"self":[{"href":"https:\/\/www.tjes.jus.br\/corregedoria\/wp-json\/wp\/v2\/posts\/26933"}],"collection":[{"href":"https:\/\/www.tjes.jus.br\/corregedoria\/wp-json\/wp\/v2\/posts"}],"about":[{"href":"https:\/\/www.tjes.jus.br\/corregedoria\/wp-json\/wp\/v2\/types\/post"}],"author":[{"embeddable":true,"href":"https:\/\/www.tjes.jus.br\/corregedoria\/wp-json\/wp\/v2\/users\/8"}],"replies":[{"embeddable":true,"href":"https:\/\/www.tjes.jus.br\/corregedoria\/wp-json\/wp\/v2\/comments?post=26933"}],"version-history":[{"count":2,"href":"https:\/\/www.tjes.jus.br\/corregedoria\/wp-json\/wp\/v2\/posts\/26933\/revisions"}],"predecessor-version":[{"id":26935,"href":"https:\/\/www.tjes.jus.br\/corregedoria\/wp-json\/wp\/v2\/posts\/26933\/revisions\/26935"}],"wp:attachment":[{"href":"https:\/\/www.tjes.jus.br\/corregedoria\/wp-json\/wp\/v2\/media?parent=26933"}],"wp:term":[{"taxonomy":"category","embeddable":true,"href":"https:\/\/www.tjes.jus.br\/corregedoria\/wp-json\/wp\/v2\/categories?post=26933"},{"taxonomy":"post_tag","embeddable":true,"href":"https:\/\/www.tjes.jus.br\/corregedoria\/wp-json\/wp\/v2\/tags?post=26933"}],"curies":[{"name":"wp","href":"https:\/\/api.w.org\/{rel}","templated":true}]}}